{"id":9723,"date":"2018-11-16T17:11:23","date_gmt":"2018-11-16T20:11:23","guid":{"rendered":"https:\/\/www.lasrosas.com.ar\/portal\/?p=9723"},"modified":"2018-11-16T17:11:23","modified_gmt":"2018-11-16T20:11:23","slug":"marcela-kloosterboer-confirmo-su-embarazo","status":"publish","type":"post","link":"https:\/\/www.lasrosas.com.ar\/portal\/marcela-kloosterboer-confirmo-su-embarazo\/","title":{"rendered":"MARCELA KLOOSTERBOER CONFIRM\u00d3 SU EMBARAZO"},"content":{"rendered":"<h3><strong>A trav\u00e9s de una fotograf\u00eda, la actriz confirm\u00f3 la llegada de su segundo hijo.<\/strong><\/h3>\n<p><strong>Marcela Kloosterboer<\/strong> confirm\u00f3 su embarazo a trav\u00e9s de un tierno posteo en su cuenta de Instagram. <strong><em>\u00abUn d\u00eda como hoy, hace 4 a\u00f1os, nos casamos\u00bb<\/em><\/strong>, escribi\u00f3 la actriz, junto a la fotograf\u00eda con su marido <strong>Fernando Sieling<\/strong>, abrazando su pancita de embarazada.<\/p>\n<p><img decoding=\"async\" class=\"alignnone size-full wp-image-9724 lazyload\" data-src=\"https:\/\/www.lasrosas.com.ar\/portal\/wp-content\/uploads\/MARCELA-EMBARAZADA.jpg\" alt=\"\" width=\"939\" height=\"599\" src=\"data:image\/svg+xml;base64,PHN2ZyB3aWR0aD0iMSIgaGVpZ2h0PSIxIiB4bWxucz0iaHR0cDovL3d3dy53My5vcmcvMjAwMC9zdmciPjwvc3ZnPg==\" style=\"--smush-placeholder-width: 939px; --smush-placeholder-aspect-ratio: 939\/599;\" \/><\/p>\n<p>Con esta imagen se confirma que la pareja esta esperando su segundo hijo, tras<strong> Juana<\/strong> de dos a\u00f1os.<\/p>\n<p>La noticia de su embarazo se dio a conocer en el programa<strong> \u00abEl diario de Mariana\u00bb<\/strong> por la panelista <strong>Marcela Calabr\u00f3<\/strong> el 26 de octubre.<\/p>\n<p>&nbsp;<\/p>\n<!-- AddThis Advanced Settings generic via filter on the_content --><!-- AddThis Share Buttons generic via filter on the_content -->","protected":false},"excerpt":{"rendered":"<p>A trav\u00e9s de una fotograf\u00eda, la actriz confirm\u00f3 la llegada de su segundo hijo. Marcela Kloosterboer confirm\u00f3 su embarazo a trav\u00e9s de un tierno posteo en su cuenta de Instagram. \u00abUn d\u00eda como hoy, hace 4 a\u00f1os, nos casamos\u00bb, escribi\u00f3 la actriz, junto a la fotograf\u00eda con su marido Fernando Sieling, abrazando su pancita de [&hellip;]<!-- AddThis Advanced Settings generic via filter on get_the_excerpt --><!-- AddThis Share Buttons generic via filter on get_the_excerpt --><\/p>\n","protected":false},"author":6,"featured_media":9725,"comment_status":"closed","ping_status":"open","sticky":false,"template":"","format":"standard","meta":{"_acf_changed":false,"om_disable_all_campaigns":false,"_monsterinsights_skip_tracking":false,"_monsterinsights_sitenote_active":false,"_monsterinsights_sitenote_note":"","_monsterinsights_sitenote_category":0,"_uf_show_specific_survey":0,"_uf_disable_surveys":false,"footnotes":""},"categories":[100],"tags":[],"class_list":["post-9723","post","type-post","status-publish","format-standard","has-post-thumbnail","hentry","category-noticias"],"acf":[],"aioseo_notices":[],"_links":{"self":[{"href":"https:\/\/www.lasrosas.com.ar\/portal\/wp-json\/wp\/v2\/posts\/9723","targetHints":{"allow":["GET"]}}],"collection":[{"href":"https:\/\/www.lasrosas.com.ar\/portal\/wp-json\/wp\/v2\/posts"}],"about":[{"href":"https:\/\/www.lasrosas.com.ar\/portal\/wp-json\/wp\/v2\/types\/post"}],"author":[{"embeddable":true,"href":"https:\/\/www.lasrosas.com.ar\/portal\/wp-json\/wp\/v2\/users\/6"}],"replies":[{"embeddable":true,"href":"https:\/\/www.lasrosas.com.ar\/portal\/wp-json\/wp\/v2\/comments?post=9723"}],"version-history":[{"count":0,"href":"https:\/\/www.lasrosas.com.ar\/portal\/wp-json\/wp\/v2\/posts\/9723\/revisions"}],"wp:featuredmedia":[{"embeddable":true,"href":"https:\/\/www.lasrosas.com.ar\/portal\/wp-json\/wp\/v2\/media\/9725"}],"wp:attachment":[{"href":"https:\/\/www.lasrosas.com.ar\/portal\/wp-json\/wp\/v2\/media?parent=9723"}],"wp:term":[{"taxonomy":"category","embeddable":true,"href":"https:\/\/www.lasrosas.com.ar\/portal\/wp-json\/wp\/v2\/categories?post=9723"},{"taxonomy":"post_tag","embeddable":true,"href":"https:\/\/www.lasrosas.com.ar\/portal\/wp-json\/wp\/v2\/tags?post=9723"}],"curies":[{"name":"wp","href":"https:\/\/api.w.org\/{rel}","templated":true}]}}