{"id":9579,"date":"2018-11-14T17:27:24","date_gmt":"2018-11-14T20:27:24","guid":{"rendered":"https:\/\/www.lasrosas.com.ar\/portal\/?p=9579"},"modified":"2018-11-14T17:27:24","modified_gmt":"2018-11-14T20:27:24","slug":"la-fecha-de-estreno-de-games-of-thrones","status":"publish","type":"post","link":"https:\/\/www.lasrosas.com.ar\/portal\/la-fecha-de-estreno-de-games-of-thrones\/","title":{"rendered":"LA FECHA DE ESTRENO DE GAMES OF THRONES"},"content":{"rendered":"<h3>La cadena de televisi\u00f3n HBO confirm\u00f3 la fecha de emisi\u00f3n de la octava temporada de \u00abGames Of Thrones\u00bb.<\/h3>\n<p>A trav\u00e9s de un v\u00eddeo con los momentos m\u00e1s emblem\u00e1ticos de la serie, HBO confirm\u00f3 que en Abril de 2019 se presentar\u00e1 la \u00faltima temporada.<\/p>\n<p>Esta entrega contar\u00e1 con tan s\u00f3lo 6 cap\u00edtulos, sin dudas, la temporada m\u00e1s corta de Games Of Thrones. Cada episodio cost\u00f3 unos 15 millones de d\u00f3lares y tendr\u00e1 una duraci\u00f3n de 80 minutos aproximadamente.<\/p>\n<p>Con la fecha confirmada, los fan\u00e1ticos han colapsado las redes celebrando la noticia.<\/p>\n<p><iframe title=\"#ForTheThrone | Game of Thrones (HBO)\" width=\"500\" height=\"281\" data-src=\"https:\/\/www.youtube.com\/embed\/0MGnIUn30FU?feature=oembed\" frameborder=\"0\" allow=\"accelerometer; autoplay; clipboard-write; encrypted-media; gyroscope; picture-in-picture; web-share\" referrerpolicy=\"strict-origin-when-cross-origin\" allowfullscreen src=\"data:image\/svg+xml;base64,PHN2ZyB3aWR0aD0iMSIgaGVpZ2h0PSIxIiB4bWxucz0iaHR0cDovL3d3dy53My5vcmcvMjAwMC9zdmciPjwvc3ZnPg==\" class=\"lazyload\" data-load-mode=\"1\"><\/iframe><\/p>\n<p>&nbsp;<\/p>\n<!-- AddThis Advanced Settings generic via filter on the_content --><!-- AddThis Share Buttons generic via filter on the_content -->","protected":false},"excerpt":{"rendered":"<p>La cadena de televisi\u00f3n HBO confirm\u00f3 la fecha de emisi\u00f3n de la octava temporada de \u00abGames Of Thrones\u00bb. A trav\u00e9s de un v\u00eddeo con los momentos m\u00e1s emblem\u00e1ticos de la serie, HBO confirm\u00f3 que en Abril de 2019 se presentar\u00e1 la \u00faltima temporada. Esta entrega contar\u00e1 con tan s\u00f3lo 6 cap\u00edtulos, sin dudas, la temporada [&hellip;]<!-- AddThis Advanced Settings generic via filter on get_the_excerpt --><!-- AddThis Share Buttons generic via filter on get_the_excerpt --><\/p>\n","protected":false},"author":6,"featured_media":9580,"comment_status":"closed","ping_status":"open","sticky":false,"template":"","format":"standard","meta":{"_acf_changed":false,"om_disable_all_campaigns":false,"_monsterinsights_skip_tracking":false,"_monsterinsights_sitenote_active":false,"_monsterinsights_sitenote_note":"","_monsterinsights_sitenote_category":0,"_uf_show_specific_survey":0,"_uf_disable_surveys":false,"footnotes":""},"categories":[100],"tags":[],"class_list":["post-9579","post","type-post","status-publish","format-standard","has-post-thumbnail","hentry","category-noticias"],"acf":[],"aioseo_notices":[],"_links":{"self":[{"href":"https:\/\/www.lasrosas.com.ar\/portal\/wp-json\/wp\/v2\/posts\/9579","targetHints":{"allow":["GET"]}}],"collection":[{"href":"https:\/\/www.lasrosas.com.ar\/portal\/wp-json\/wp\/v2\/posts"}],"about":[{"href":"https:\/\/www.lasrosas.com.ar\/portal\/wp-json\/wp\/v2\/types\/post"}],"author":[{"embeddable":true,"href":"https:\/\/www.lasrosas.com.ar\/portal\/wp-json\/wp\/v2\/users\/6"}],"replies":[{"embeddable":true,"href":"https:\/\/www.lasrosas.com.ar\/portal\/wp-json\/wp\/v2\/comments?post=9579"}],"version-history":[{"count":0,"href":"https:\/\/www.lasrosas.com.ar\/portal\/wp-json\/wp\/v2\/posts\/9579\/revisions"}],"wp:featuredmedia":[{"embeddable":true,"href":"https:\/\/www.lasrosas.com.ar\/portal\/wp-json\/wp\/v2\/media\/9580"}],"wp:attachment":[{"href":"https:\/\/www.lasrosas.com.ar\/portal\/wp-json\/wp\/v2\/media?parent=9579"}],"wp:term":[{"taxonomy":"category","embeddable":true,"href":"https:\/\/www.lasrosas.com.ar\/portal\/wp-json\/wp\/v2\/categories?post=9579"},{"taxonomy":"post_tag","embeddable":true,"href":"https:\/\/www.lasrosas.com.ar\/portal\/wp-json\/wp\/v2\/tags?post=9579"}],"curies":[{"name":"wp","href":"https:\/\/api.w.org\/{rel}","templated":true}]}}