{"id":9382,"date":"2018-11-11T10:00:58","date_gmt":"2018-11-11T13:00:58","guid":{"rendered":"https:\/\/www.lasrosas.com.ar\/portal\/?p=9382"},"modified":"2018-11-09T17:37:50","modified_gmt":"2018-11-09T20:37:50","slug":"todo-listo-para-grabar-el-marginal-3","status":"publish","type":"post","link":"https:\/\/www.lasrosas.com.ar\/portal\/todo-listo-para-grabar-el-marginal-3\/","title":{"rendered":"TODO LISTO PARA GRABAR \u00abEL MARGINAL 3\u00bb"},"content":{"rendered":"<h3><strong>En marzo de 2019 comenzar\u00e1n las grabaciones de la tercera temporada de \u00abEl Marginal 3\u00bb.<\/strong><\/h3>\n<p><strong>Nicol\u00e1s Furtado<\/strong> comparti\u00f3 en su cuenta de <strong>Instagram<\/strong> una imagen del gui\u00f3n de esta tercer entrega.<\/p>\n<p>La tira se emiti\u00f3 en 2016 en la <strong>TV P\u00fablica<\/strong> siendo un completo \u00e9xito, por lo que tambi\u00e9n fue lanzada en la plataforma audiovisual de <strong>Netflix<\/strong>. La segunda parte de esta historia se lanz\u00f3 este a\u00f1o cumpliendo todas las expectativas de los fans de la serie.<\/p>\n<p>A pocas semanas de haber terminado <strong>\u00abEl Marginal 2\u00bb<\/strong>, <strong>Sebasti\u00e1n Ortega y Pablo Cuell<\/strong> confirmaron que habr\u00e1 una tercera temporada centrada en el personaje de <strong>\u00abDiosito\u00bb<\/strong> interpretado por el actor uruguayo <strong>Nicol\u00e1s Furtado.\u00a0<\/strong><\/p>\n<p>Esta nueva entrega podr\u00e1 verse en la segunda etapa del a\u00f1o que viene.<\/p>\n<p><img decoding=\"async\" class=\"alignnone size-full wp-image-9384 lazyload\" data-src=\"https:\/\/www.lasrosas.com.ar\/portal\/wp-content\/uploads\/Marginal-408x640.jpg\" alt=\"\" width=\"408\" height=\"640\" src=\"data:image\/svg+xml;base64,PHN2ZyB3aWR0aD0iMSIgaGVpZ2h0PSIxIiB4bWxucz0iaHR0cDovL3d3dy53My5vcmcvMjAwMC9zdmciPjwvc3ZnPg==\" style=\"--smush-placeholder-width: 408px; --smush-placeholder-aspect-ratio: 408\/640;\" \/><\/p>\n<!-- AddThis Advanced Settings generic via filter on the_content --><!-- AddThis Share Buttons generic via filter on the_content -->","protected":false},"excerpt":{"rendered":"<p>En marzo de 2019 comenzar\u00e1n las grabaciones de la tercera temporada de \u00abEl Marginal 3\u00bb. Nicol\u00e1s Furtado comparti\u00f3 en su cuenta de Instagram una imagen del gui\u00f3n de esta tercer entrega. La tira se emiti\u00f3 en 2016 en la TV P\u00fablica siendo un completo \u00e9xito, por lo que tambi\u00e9n fue lanzada en la plataforma audiovisual [&hellip;]<!-- AddThis Advanced Settings generic via filter on get_the_excerpt --><!-- AddThis Share Buttons generic via filter on get_the_excerpt --><\/p>\n","protected":false},"author":6,"featured_media":9383,"comment_status":"closed","ping_status":"open","sticky":false,"template":"","format":"standard","meta":{"_acf_changed":false,"om_disable_all_campaigns":false,"_monsterinsights_skip_tracking":false,"_monsterinsights_sitenote_active":false,"_monsterinsights_sitenote_note":"","_monsterinsights_sitenote_category":0,"_uf_show_specific_survey":0,"_uf_disable_surveys":false,"footnotes":""},"categories":[100],"tags":[],"class_list":["post-9382","post","type-post","status-publish","format-standard","has-post-thumbnail","hentry","category-noticias"],"acf":[],"aioseo_notices":[],"_links":{"self":[{"href":"https:\/\/www.lasrosas.com.ar\/portal\/wp-json\/wp\/v2\/posts\/9382","targetHints":{"allow":["GET"]}}],"collection":[{"href":"https:\/\/www.lasrosas.com.ar\/portal\/wp-json\/wp\/v2\/posts"}],"about":[{"href":"https:\/\/www.lasrosas.com.ar\/portal\/wp-json\/wp\/v2\/types\/post"}],"author":[{"embeddable":true,"href":"https:\/\/www.lasrosas.com.ar\/portal\/wp-json\/wp\/v2\/users\/6"}],"replies":[{"embeddable":true,"href":"https:\/\/www.lasrosas.com.ar\/portal\/wp-json\/wp\/v2\/comments?post=9382"}],"version-history":[{"count":0,"href":"https:\/\/www.lasrosas.com.ar\/portal\/wp-json\/wp\/v2\/posts\/9382\/revisions"}],"wp:featuredmedia":[{"embeddable":true,"href":"https:\/\/www.lasrosas.com.ar\/portal\/wp-json\/wp\/v2\/media\/9383"}],"wp:attachment":[{"href":"https:\/\/www.lasrosas.com.ar\/portal\/wp-json\/wp\/v2\/media?parent=9382"}],"wp:term":[{"taxonomy":"category","embeddable":true,"href":"https:\/\/www.lasrosas.com.ar\/portal\/wp-json\/wp\/v2\/categories?post=9382"},{"taxonomy":"post_tag","embeddable":true,"href":"https:\/\/www.lasrosas.com.ar\/portal\/wp-json\/wp\/v2\/tags?post=9382"}],"curies":[{"name":"wp","href":"https:\/\/api.w.org\/{rel}","templated":true}]}}