{"id":9269,"date":"2018-11-08T15:18:20","date_gmt":"2018-11-08T18:18:20","guid":{"rendered":"https:\/\/www.lasrosas.com.ar\/portal\/?p=9269"},"modified":"2018-11-12T09:19:08","modified_gmt":"2018-11-12T12:19:08","slug":"los-ganadores-de-los-premios-fenix-2018","status":"publish","type":"post","link":"https:\/\/www.lasrosas.com.ar\/portal\/los-ganadores-de-los-premios-fenix-2018\/","title":{"rendered":"LORENZO FERRO ENTRE LOS GANADORES DE LOS PREMIOS FENIX 2018"},"content":{"rendered":"<h3><strong>La ceremonia de premios se realiz\u00f3 en el teatro Esperanza Iris de Ciudad de M\u00e9xico, donde se galardon\u00f3 a las mejores producciones <span style=\"font-size: 18.72px;\">audiovisuales<\/span>\u00a0de Latinoam\u00e9rica, Espa\u00f1a y Portugal.<\/strong><\/h3>\n<p>Los <strong>Premios Fenix<\/strong> 2018 reuni\u00f3 a los m\u00e1s talentosos directores, actores y productores Iberoamericanos.<\/p>\n<p>Los nominados fueron seleccionados a partir de la participaci\u00f3n de programadores, cr\u00edticos, acad\u00e9micos, investigadores, directores de festivales de cine y promotores.<\/p>\n<p>Mientras que para elegir los ganadores de esta edici\u00f3n, los integrantes del comit\u00e9 votaron\u00a0 en la categor\u00eda que se desempe\u00f1an profesionalmente.<\/p>\n<p>El argentino <strong>Lorenzo Ferro<\/strong> obtuvo el premio a mejor actuaci\u00f3n masculina por su interpretaci\u00f3n en la pel\u00edcula de <strong>\u00abEl \u00c1ngel\u00bb. <\/strong>El actor realiz\u00f3 un discurso con tinte pol\u00edtico y a su vez, agradeci\u00f3 a sus m\u00e1s cercanos y al equipo de trabajo por acompa\u00f1arlo.<strong>\u00a0\u00abYo no hice la tarea para hoy, le agradezco a cinema23, a Premios Fenix, a Luis Ortega, a mis padres, a toda la gente que est\u00e1 ac\u00e1. Le quiero dedicar este premio a todo el equipo que vino a hacerme el aguante y a mis abuelos que est\u00e1n arriba. No maten el cine porque es una de las mejores escuelas que hay, y estando ac\u00e1 en M\u00e9xico quer\u00eda decir &#8216;Fuck Donald Trump&#8217; y siendo argentino &#8216;Fuck Mauricio Macri&#8217;.\u00bb<\/strong><\/p>\n<blockquote class=\"instagram-media\" style=\"background: #FFF; border: 0; border-radius: 3px; box-shadow: 0 0 1px 0 rgba(0,0,0,0.5),0 1px 10px 0 rgba(0,0,0,0.15); margin: 1px; max-width: 540px; min-width: 326px; padding: 0; width: calc(100% - 2px);\" data-instgrm-captioned=\"\" data-instgrm-permalink=\"https:\/\/www.instagram.com\/p\/Bp7BRd4FqKX\/?utm_source=ig_embed&amp;utm_medium=loading\" data-instgrm-version=\"12\">\n<div style=\"padding: 16px;\">\n<p>&nbsp;<\/p>\n<div style=\"display: flex; flex-direction: row; align-items: center;\">\n<div style=\"background-color: #f4f4f4; border-radius: 50%; flex-grow: 0; height: 40px; margin-right: 14px; width: 40px;\"><\/div>\n<div style=\"display: flex; flex-direction: column; flex-grow: 1; justify-content: center;\">\n<div style=\"background-color: #f4f4f4; border-radius: 4px; flex-grow: 0; height: 14px; margin-bottom: 6px; width: 100px;\"><\/div>\n<div style=\"background-color: #f4f4f4; border-radius: 4px; flex-grow: 0; height: 14px; width: 60px;\"><\/div>\n<\/div>\n<\/div>\n<div style=\"padding: 19% 0;\"><\/div>\n<div style=\"display: block; height: 50px; margin: 0 auto 12px; width: 50px;\"><\/div>\n<div style=\"padding-top: 8px;\">\n<div style=\"color: #3897f0; font-family: Arial,sans-serif; font-size: 14px; font-style: normal; font-weight: 550; line-height: 18px;\">Ver esta publicaci\u00f3n en Instagram<\/div>\n<\/div>\n<div style=\"padding: 12.5% 0;\"><\/div>\n<div style=\"display: flex; flex-direction: row; margin-bottom: 14px; align-items: center;\">\n<div>\n<div style=\"background-color: #f4f4f4; border-radius: 50%; height: 12.5px; width: 12.5px; transform: translateX(0px) translateY(7px);\"><\/div>\n<div style=\"background-color: #f4f4f4; height: 12.5px; transform: rotate(-45deg) translateX(3px) translateY(1px); width: 12.5px; flex-grow: 0; margin-right: 14px; margin-left: 2px;\"><\/div>\n<div style=\"background-color: #f4f4f4; border-radius: 50%; height: 12.5px; width: 12.5px; transform: translateX(9px) translateY(-18px);\"><\/div>\n<\/div>\n<div style=\"margin-left: 8px;\">\n<div style=\"background-color: #f4f4f4; border-radius: 50%; flex-grow: 0; height: 20px; width: 20px;\"><\/div>\n<div style=\"width: 0; height: 0; border-top: 2px solid transparent; border-left: 6px solid #f4f4f4; border-bottom: 2px solid transparent; transform: translateX(16px) translateY(-4px) rotate(30deg);\"><\/div>\n<\/div>\n<div style=\"margin-left: auto;\">\n<div style=\"width: 0px; border-top: 8px solid #F4F4F4; border-right: 8px solid transparent; transform: translateY(16px);\"><\/div>\n<div style=\"background-color: #f4f4f4; flex-grow: 0; height: 12px; width: 16px; transform: translateY(-4px);\"><\/div>\n<div style=\"width: 0; height: 0; border-top: 8px solid #F4F4F4; border-left: 8px solid transparent; transform: translateY(-4px) translateX(8px);\"><\/div>\n<\/div>\n<\/div>\n<p>&nbsp;<\/p>\n<p style=\"margin: 8px 0 0 0; padding: 0 4px;\"><a style=\"color: #000; font-family: Arial,sans-serif; font-size: 14px; font-style: normal; font-weight: normal; line-height: 17px; text-decoration: none; word-wrap: break-word;\" href=\"https:\/\/www.instagram.com\/p\/Bp7BRd4FqKX\/?utm_source=ig_embed&amp;utm_medium=loading\" target=\"_blank\" rel=\"noopener\">#LorenzoFerro @ferrototo y sus palabras de aceptaci\u00f3n del Premio F\u00e9nix al mejor actor, anoche en M\u00e9jico DF Bravo Toto!!! Orgullo de madre!!! &#x2665;&#xfe0f;&#x1f4aa;&#x1f3fc;<\/a><\/p>\n<p style=\"color: #c9c8cd; font-family: Arial,sans-serif; font-size: 14px; line-height: 17px; margin-bottom: 0; margin-top: 8px; overflow: hidden; padding: 8px 0 7px; text-align: center; text-overflow: ellipsis; white-space: nowrap;\">Una publicaci\u00f3n compartida por <a style=\"color: #c9c8cd; font-family: Arial,sans-serif; font-size: 14px; font-style: normal; font-weight: normal; line-height: 17px;\" href=\"https:\/\/www.instagram.com\/ceciroth\/?utm_source=ig_embed&amp;utm_medium=loading\" target=\"_blank\" rel=\"noopener\"> cecilia roth<\/a> (@ceciroth) el <time style=\"font-family: Arial,sans-serif; font-size: 14px; line-height: 17px;\" datetime=\"2018-11-08T14:12:18+00:00\">8 de Nov de 2018 a las 6:12 PST<\/time><\/p>\n<\/div>\n<\/blockquote>\n<p><script async src=\"\/\/www.instagram.com\/embed.js\"><\/script><\/p>\n<p><strong>Te mostramos a continuaci\u00f3n la lista de ganadores.<\/strong><\/p>\n<p><strong>CINE <\/strong><\/p>\n<p><em>LARGOMETRAJE DE FICCI\u00d3N<\/em><br \/>\n<strong>P\u00e1jaros de verano<\/strong> (Colombia, M\u00e9xico, Dinamarca, Francia)<\/p>\n<p><em>DIRECCI\u00d3N<\/em><br \/>\n<strong>Marcelo Martinessi por Las herederas. <\/strong><\/p>\n<p><em>ACTUACI\u00d3N FEMENINA<\/em><br \/>\n<strong>Carmi\u00f1a Mart\u00ednez por P\u00e1jaros de verano. <\/strong><\/p>\n<p><em>ACTUACI\u00d3N MASCULINA<\/em><br \/>\n<strong>Lorenzo Ferro por El \u00c1ngel.<\/strong><\/p>\n<p><em> GUI\u00d3N<\/em><br \/>\n<strong>Laura Mora y Alonso Torres por Matar a Jes\u00fas.<\/strong><\/p>\n<p><em>FOTOGRAF\u00cdA DE FICCI\u00d3N<\/em><br \/>\n<strong>Rui Po\u00e7as por Zama<\/strong><\/p>\n<p><em>DISE\u00d1O DE ARTE<\/em><br \/>\n<strong>Renata Pinheiro por Zama<\/strong><\/p>\n<p><em>VESTUARIO<\/em><br \/>\n<strong>Merc\u00e8 Paloma por La librer\u00eda. <\/strong><\/p>\n<p><em>SONIDO<\/em><br \/>\n<strong>Guido Berenblum y Emmanuel Croset por Zama<\/strong>.<\/p>\n<p><em>EDICI\u00d3N<\/em><br \/>\n<strong>Miguel Schverdfinger y Karen Harley por Zama. <\/strong><\/p>\n<p><em>M\u00daSICA ORIGINAL<\/em><br \/>\n<strong>Leonardo Heiblum por P\u00e1jaros de verano. <\/strong><\/p>\n<p><em>LARGOMETRAJE DOCUMENTAL<\/em><br \/>\n<strong>Muchos hijos, un mono y un castillo, dir. Gustavo Salmer\u00f3n, (Espa\u00f1a). <\/strong><\/p>\n<p><em>FOTOGRAF\u00cdA DOCUMENTAL<\/em><br \/>\n<strong>Juan Sarmiento G. por Central Airport THF.<\/strong><\/p>\n<p><em>PREMIO NETFLIX OPERA PRIMA<\/em><br \/>\n<strong>Las herederas del dir. Marcelo Martinessi, (Paraguay, Alemania, Brasil, Uruguay, Noruega, Francia). <\/strong><\/p>\n<p><em>PREMIO AL TRABAJO CR\u00cdTICO<\/em><br \/>\n<strong>Luciano Monteagudo.<\/strong><\/p>\n<p><em>PREMIO A LA LABOR CINEMATOGR\u00c1FICA<\/em><strong><br \/>\n<\/strong><strong> Luiz Carlos Barreto.<\/strong><\/p>\n<p><em>PREMIO DE LOS EXHIBIDORES<\/em><br \/>\n<strong>Perfectos desconocidos del dir. Alex de la Iglesia. <\/strong><\/p>\n<p><strong>TELEVISI\u00d3N <\/strong><\/p>\n<p><em>SERIE<\/em><br \/>\n<strong>La Casa de Papel (Temporada 2. Espa\u00f1a).<\/strong><\/p>\n<p><em>ENSAMBLE ACTORAL DE SERIE<\/em><br \/>\n<strong>Aqu\u00ed en la tierra(Temporada 1. M\u00e9xico).<\/strong><\/p>\n<!-- AddThis Advanced Settings generic via filter on the_content --><!-- AddThis Share Buttons generic via filter on the_content -->","protected":false},"excerpt":{"rendered":"<p>La ceremonia de premios se realiz\u00f3 en el teatro Esperanza Iris de Ciudad de M\u00e9xico, donde se galardon\u00f3 a las mejores producciones audiovisuales\u00a0de Latinoam\u00e9rica, Espa\u00f1a y Portugal. Los Premios Fenix 2018 reuni\u00f3 a los m\u00e1s talentosos directores, actores y productores Iberoamericanos. Los nominados fueron seleccionados a partir de la participaci\u00f3n de programadores, cr\u00edticos, acad\u00e9micos, investigadores, [&hellip;]<!-- AddThis Advanced Settings generic via filter on get_the_excerpt --><!-- AddThis Share Buttons generic via filter on get_the_excerpt --><\/p>\n","protected":false},"author":6,"featured_media":9271,"comment_status":"closed","ping_status":"open","sticky":false,"template":"","format":"standard","meta":{"_acf_changed":false,"om_disable_all_campaigns":false,"_monsterinsights_skip_tracking":false,"_monsterinsights_sitenote_active":false,"_monsterinsights_sitenote_note":"","_monsterinsights_sitenote_category":0,"_uf_show_specific_survey":0,"_uf_disable_surveys":false,"footnotes":""},"categories":[234,100],"tags":[],"class_list":["post-9269","post","type-post","status-publish","format-standard","has-post-thumbnail","hentry","category-trend","category-noticias"],"acf":[],"aioseo_notices":[],"_links":{"self":[{"href":"https:\/\/www.lasrosas.com.ar\/portal\/wp-json\/wp\/v2\/posts\/9269","targetHints":{"allow":["GET"]}}],"collection":[{"href":"https:\/\/www.lasrosas.com.ar\/portal\/wp-json\/wp\/v2\/posts"}],"about":[{"href":"https:\/\/www.lasrosas.com.ar\/portal\/wp-json\/wp\/v2\/types\/post"}],"author":[{"embeddable":true,"href":"https:\/\/www.lasrosas.com.ar\/portal\/wp-json\/wp\/v2\/users\/6"}],"replies":[{"embeddable":true,"href":"https:\/\/www.lasrosas.com.ar\/portal\/wp-json\/wp\/v2\/comments?post=9269"}],"version-history":[{"count":0,"href":"https:\/\/www.lasrosas.com.ar\/portal\/wp-json\/wp\/v2\/posts\/9269\/revisions"}],"wp:featuredmedia":[{"embeddable":true,"href":"https:\/\/www.lasrosas.com.ar\/portal\/wp-json\/wp\/v2\/media\/9271"}],"wp:attachment":[{"href":"https:\/\/www.lasrosas.com.ar\/portal\/wp-json\/wp\/v2\/media?parent=9269"}],"wp:term":[{"taxonomy":"category","embeddable":true,"href":"https:\/\/www.lasrosas.com.ar\/portal\/wp-json\/wp\/v2\/categories?post=9269"},{"taxonomy":"post_tag","embeddable":true,"href":"https:\/\/www.lasrosas.com.ar\/portal\/wp-json\/wp\/v2\/tags?post=9269"}],"curies":[{"name":"wp","href":"https:\/\/api.w.org\/{rel}","templated":true}]}}