{"id":9149,"date":"2018-11-02T11:06:27","date_gmt":"2018-11-02T14:06:27","guid":{"rendered":"https:\/\/www.lasrosas.com.ar\/portal\/?p=9149"},"modified":"2018-11-06T21:05:34","modified_gmt":"2018-11-07T00:05:34","slug":"proaco-invertira-us-200-millones-en-la-ex-villa-el-pocito","status":"publish","type":"post","link":"https:\/\/www.lasrosas.com.ar\/portal\/proaco-invertira-us-200-millones-en-la-ex-villa-el-pocito\/","title":{"rendered":"PROACO INVERTIR\u00c1 U$S 200 MILLONES EN LA EX VILLA EL POCITO"},"content":{"rendered":"<div class=\"teaser\">\n<h3><strong>Hablamos con Lucas Salim sobre el nuevo emprendimiento, se llamar\u00e1 \u201cPocito\u201d e incluir\u00e1 torres de departamentos, oficinas y un complejo comercial.\u00a0<\/strong><\/h3>\n<p><img decoding=\"async\" class=\"alignnone size-full wp-image-9152 lazyload\" data-src=\"https:\/\/www.lasrosas.com.ar\/portal\/wp-content\/uploads\/Diseno-sin-titulo-2-1.jpg\" alt=\"\" width=\"592\" height=\"333\" src=\"data:image\/svg+xml;base64,PHN2ZyB3aWR0aD0iMSIgaGVpZ2h0PSIxIiB4bWxucz0iaHR0cDovL3d3dy53My5vcmcvMjAwMC9zdmciPjwvc3ZnPg==\" style=\"--smush-placeholder-width: 592px; --smush-placeholder-aspect-ratio: 592\/333;\" \/><\/p>\n<\/div>\n<div class=\"body\">\n<p>En el hotel Four Seasons de la Ciudad Aut\u00f3noma de Buenos Aires (Caba), el grupo desarrollista Proaco dio a conocer hoy los detalles del mega proyecto inmobiliario y comercial que tiene pensado para la ex Villa El Pocito y que demandar\u00e1 una inversi\u00f3n de 200 millones de d\u00f3lares.<\/p>\n<p>En la previa, el presidente de Proaco, Lucas Salim, adelant\u00f3 que la obra comenzar\u00e1 en marzo y que contempla la construcci\u00f3n de 127 mil metros cuadrados cubiertos, de uso mixto: tres torres de departamentos, un centro comercial con 170 locales y un estacionamiento para 750 autos.<\/p>\n<p>Y los edificios no ser\u00e1n s\u00f3lo residenciales: tendr\u00e1n espacios comerciales y corporativos, oficinas, y hasta se prev\u00e9 un coworking.<\/p>\n<p>En exclusiva, Lucas habl\u00f3 con LAS ROSAS.<\/p>\n<p><iframe data-src=\"https:\/\/www.youtube.com\/embed\/yovF4q5k1YE\" width=\"560\" height=\"315\" frameborder=\"0\" allowfullscreen=\"allowfullscreen\" src=\"data:image\/svg+xml;base64,PHN2ZyB3aWR0aD0iMSIgaGVpZ2h0PSIxIiB4bWxucz0iaHR0cDovL3d3dy53My5vcmcvMjAwMC9zdmciPjwvc3ZnPg==\" class=\"lazyload\" data-load-mode=\"1\"><\/iframe><\/p>\n<\/div>\n<!-- AddThis Advanced Settings generic via filter on the_content --><!-- AddThis Share Buttons generic via filter on the_content -->","protected":false},"excerpt":{"rendered":"<p>Hablamos con Lucas Salim sobre el nuevo emprendimiento, se llamar\u00e1 \u201cPocito\u201d e incluir\u00e1 torres de departamentos, oficinas y un complejo comercial.\u00a0 En el hotel Four Seasons de la Ciudad Aut\u00f3noma de Buenos Aires (Caba), el grupo desarrollista Proaco dio a conocer hoy los detalles del mega proyecto inmobiliario y comercial que tiene pensado para la [&hellip;]<!-- AddThis Advanced Settings generic via filter on get_the_excerpt --><!-- AddThis Share Buttons generic via filter on get_the_excerpt --><\/p>\n","protected":false},"author":6,"featured_media":9150,"comment_status":"closed","ping_status":"open","sticky":false,"template":"","format":"standard","meta":{"_acf_changed":false,"om_disable_all_campaigns":false,"_monsterinsights_skip_tracking":false,"_monsterinsights_sitenote_active":false,"_monsterinsights_sitenote_note":"","_monsterinsights_sitenote_category":0,"_uf_show_specific_survey":0,"_uf_disable_surveys":false,"footnotes":""},"categories":[234,26],"tags":[],"class_list":["post-9149","post","type-post","status-publish","format-standard","has-post-thumbnail","hentry","category-trend","category-negocios"],"acf":[],"aioseo_notices":[],"_links":{"self":[{"href":"https:\/\/www.lasrosas.com.ar\/portal\/wp-json\/wp\/v2\/posts\/9149","targetHints":{"allow":["GET"]}}],"collection":[{"href":"https:\/\/www.lasrosas.com.ar\/portal\/wp-json\/wp\/v2\/posts"}],"about":[{"href":"https:\/\/www.lasrosas.com.ar\/portal\/wp-json\/wp\/v2\/types\/post"}],"author":[{"embeddable":true,"href":"https:\/\/www.lasrosas.com.ar\/portal\/wp-json\/wp\/v2\/users\/6"}],"replies":[{"embeddable":true,"href":"https:\/\/www.lasrosas.com.ar\/portal\/wp-json\/wp\/v2\/comments?post=9149"}],"version-history":[{"count":0,"href":"https:\/\/www.lasrosas.com.ar\/portal\/wp-json\/wp\/v2\/posts\/9149\/revisions"}],"wp:featuredmedia":[{"embeddable":true,"href":"https:\/\/www.lasrosas.com.ar\/portal\/wp-json\/wp\/v2\/media\/9150"}],"wp:attachment":[{"href":"https:\/\/www.lasrosas.com.ar\/portal\/wp-json\/wp\/v2\/media?parent=9149"}],"wp:term":[{"taxonomy":"category","embeddable":true,"href":"https:\/\/www.lasrosas.com.ar\/portal\/wp-json\/wp\/v2\/categories?post=9149"},{"taxonomy":"post_tag","embeddable":true,"href":"https:\/\/www.lasrosas.com.ar\/portal\/wp-json\/wp\/v2\/tags?post=9149"}],"curies":[{"name":"wp","href":"https:\/\/api.w.org\/{rel}","templated":true}]}}