{"id":9082,"date":"2018-10-30T14:51:35","date_gmt":"2018-10-30T17:51:35","guid":{"rendered":"https:\/\/www.lasrosas.com.ar\/portal\/?p=9082"},"modified":"2018-10-30T14:51:52","modified_gmt":"2018-10-30T17:51:52","slug":"la-serie-sobre-diego-maradona","status":"publish","type":"post","link":"https:\/\/www.lasrosas.com.ar\/portal\/la-serie-sobre-diego-maradona\/","title":{"rendered":"LA SERIE SOBRE DIEGO ARMANDO MARADONA"},"content":{"rendered":"<h3><strong>Amazon se encargar\u00e1 de realizar de contar los momentos m\u00e1s importantes del futbolista.<\/strong><\/h3>\n<p>Por el momento, no hay certezas sobre la cantidad de cap\u00edtulos que ser\u00e1n emitidos, pero se espera que tendr\u00e1 una duraci\u00f3n de aproximadamente una hora.<\/p>\n<p>La serie biogr\u00e1fica ser\u00e1 filmada en <strong>Argentina, M\u00e9xico, Italia, Uruguay y Espa\u00f1a<\/strong>. Sin dudas, es una mega producci\u00f3n que relatar\u00e1 los momentos m\u00e1s importantes del hito del f\u00fatbol.<\/p>\n<p>Hace unos d\u00edas, <strong>Amazon<\/strong> lanz\u00f3 una primer imagen de la serie donde se ven a los tres actores que interpretar\u00e1n al <strong><em>\u00abDiez\u00bb.\u00a0<\/em><\/strong><\/p>\n<p><img decoding=\"async\" class=\"alignnone size-medium wp-image-9084 lazyload\" data-src=\"https:\/\/www.lasrosas.com.ar\/portal\/wp-content\/uploads\/la-serie-maradona-960x540.jpg\" alt=\"\" width=\"960\" height=\"540\" data-srcset=\"https:\/\/www.lasrosas.com.ar\/portal\/wp-content\/uploads\/la-serie-maradona-960x540.jpg 960w, https:\/\/www.lasrosas.com.ar\/portal\/wp-content\/uploads\/la-serie-maradona.jpg 1200w\" data-sizes=\"(max-width: 960px) 100vw, 960px\" src=\"data:image\/svg+xml;base64,PHN2ZyB3aWR0aD0iMSIgaGVpZ2h0PSIxIiB4bWxucz0iaHR0cDovL3d3dy53My5vcmcvMjAwMC9zdmciPjwvc3ZnPg==\" style=\"--smush-placeholder-width: 960px; --smush-placeholder-aspect-ratio: 960\/540;\" \/><\/p>\n<p><strong>Nicol\u00e1s Goldschmidt<\/strong> se pondr\u00e1 en la piel del futbolista cuando era conocido como el <em><strong>\u00abPelusa\u00bb<\/strong><\/em> en <strong>Argentino Juniors<\/strong>. Luego, ser\u00e1 interpretado por <strong>Nazareno Caseros<\/strong> quien contar\u00e1 los momentos de gloria con la <strong>Selecci\u00f3n Argentina<\/strong>. Y por \u00faltimo, <strong>Juan Palomino<\/strong> que se encargar\u00e1 de representar la \u00faltima parte del astro del f\u00fatbol.<\/p>\n<p>&nbsp;<\/p>\n<!-- AddThis Advanced Settings generic via filter on the_content --><!-- AddThis Share Buttons generic via filter on the_content -->","protected":false},"excerpt":{"rendered":"<p>Amazon se encargar\u00e1 de realizar de contar los momentos m\u00e1s importantes del futbolista. Por el momento, no hay certezas sobre la cantidad de cap\u00edtulos que ser\u00e1n emitidos, pero se espera que tendr\u00e1 una duraci\u00f3n de aproximadamente una hora. La serie biogr\u00e1fica ser\u00e1 filmada en Argentina, M\u00e9xico, Italia, Uruguay y Espa\u00f1a. Sin dudas, es una mega [&hellip;]<!-- AddThis Advanced Settings generic via filter on get_the_excerpt --><!-- AddThis Share Buttons generic via filter on get_the_excerpt --><\/p>\n","protected":false},"author":6,"featured_media":9083,"comment_status":"closed","ping_status":"open","sticky":false,"template":"","format":"standard","meta":{"_acf_changed":false,"om_disable_all_campaigns":false,"_monsterinsights_skip_tracking":false,"_monsterinsights_sitenote_active":false,"_monsterinsights_sitenote_note":"","_monsterinsights_sitenote_category":0,"_uf_show_specific_survey":0,"_uf_disable_surveys":false,"footnotes":""},"categories":[100],"tags":[],"class_list":["post-9082","post","type-post","status-publish","format-standard","has-post-thumbnail","hentry","category-noticias"],"acf":[],"aioseo_notices":[],"_links":{"self":[{"href":"https:\/\/www.lasrosas.com.ar\/portal\/wp-json\/wp\/v2\/posts\/9082","targetHints":{"allow":["GET"]}}],"collection":[{"href":"https:\/\/www.lasrosas.com.ar\/portal\/wp-json\/wp\/v2\/posts"}],"about":[{"href":"https:\/\/www.lasrosas.com.ar\/portal\/wp-json\/wp\/v2\/types\/post"}],"author":[{"embeddable":true,"href":"https:\/\/www.lasrosas.com.ar\/portal\/wp-json\/wp\/v2\/users\/6"}],"replies":[{"embeddable":true,"href":"https:\/\/www.lasrosas.com.ar\/portal\/wp-json\/wp\/v2\/comments?post=9082"}],"version-history":[{"count":0,"href":"https:\/\/www.lasrosas.com.ar\/portal\/wp-json\/wp\/v2\/posts\/9082\/revisions"}],"wp:featuredmedia":[{"embeddable":true,"href":"https:\/\/www.lasrosas.com.ar\/portal\/wp-json\/wp\/v2\/media\/9083"}],"wp:attachment":[{"href":"https:\/\/www.lasrosas.com.ar\/portal\/wp-json\/wp\/v2\/media?parent=9082"}],"wp:term":[{"taxonomy":"category","embeddable":true,"href":"https:\/\/www.lasrosas.com.ar\/portal\/wp-json\/wp\/v2\/categories?post=9082"},{"taxonomy":"post_tag","embeddable":true,"href":"https:\/\/www.lasrosas.com.ar\/portal\/wp-json\/wp\/v2\/tags?post=9082"}],"curies":[{"name":"wp","href":"https:\/\/api.w.org\/{rel}","templated":true}]}}