{"id":8944,"date":"2018-10-24T13:33:04","date_gmt":"2018-10-24T16:33:04","guid":{"rendered":"https:\/\/www.lasrosas.com.ar\/portal\/?p=8944"},"modified":"2018-10-24T13:33:04","modified_gmt":"2018-10-24T16:33:04","slug":"angelina-jolie-estuvo-con-refugiados-venezolanos","status":"publish","type":"post","link":"https:\/\/www.lasrosas.com.ar\/portal\/angelina-jolie-estuvo-con-refugiados-venezolanos\/","title":{"rendered":"ANGELINA JOLIE ESTUVO CON REFUGIADOS VENEZOLANOS"},"content":{"rendered":"<h3><strong>Como enviada especial de la agencia de Naciones Unidas para los refugiados, la actriz se reuni\u00f3 y escuch\u00f3 varios testimonios de migrantes venezolanos en Lima.<\/strong><\/h3>\n<p><strong>Angelina Jolie<\/strong> conoci\u00f3 en primera persona la realidad que viven los venezolanos refugiados en <strong>Lima, Per\u00fa<\/strong>. La actriz visit\u00f3 un albergue de la <strong>Asociaci\u00f3n de Madres de Santa Ana<\/strong> (en tumbes), donde tuvo un encuentro intimo con algunos migrantes.<\/p>\n<p>El \u00e9xodo de venezolanos a causa de la crisis es uno de los movimientos m\u00e1s grande de la historia latinoamericana. En este marco, Per\u00fa es uno de los pa\u00edses que mayor cantidad de refugiados ha recibido.<\/p>\n<p>En sus declaraciones para la <strong>agencia de Naciones Unidas para los refugiados<\/strong>, <strong>Jolie<\/strong> afirm\u00f3 que <strong><em>\u00abninguno de los venezolanos que conoc\u00ed quiere caridad. Ellos quieren una oportunidad para valerse por s\u00ed mismos&#8230;\u00bb<\/em><\/strong><\/p>\n<p>A su vez, agreg\u00f3 que varios migrantes le mencionaron\u00a0<em><strong>\u201cno quer\u00edamos irnos, pero tuvimos que hacerlo\u201d. <\/strong><\/em><\/p>\n<p>En el mismo comunicado, <strong>Angelina Jolie<\/strong> agradece al pueblo de peruano por dar apoyo a los venezolanos. <strong><em>\u00abQuiero agradecer al pueblo de Per\u00fa por su generosa y resiliente respuesta a esta situaci\u00f3n tan dif\u00edcil.\u00bb<\/em><\/strong><\/p>\n<h6><img decoding=\"async\" class=\"alignnone size-full wp-image-8946 lazyload\" data-src=\"https:\/\/www.lasrosas.com.ar\/portal\/wp-content\/uploads\/5bcf70acef560.jpeg\" alt=\"\" width=\"620\" height=\"356\" src=\"data:image\/svg+xml;base64,PHN2ZyB3aWR0aD0iMSIgaGVpZ2h0PSIxIiB4bWxucz0iaHR0cDovL3d3dy53My5vcmcvMjAwMC9zdmciPjwvc3ZnPg==\" style=\"--smush-placeholder-width: 620px; --smush-placeholder-aspect-ratio: 620\/356;\" \/><br \/>\n<strong>Fotos de ACNUR.<\/strong><\/h6>\n<p>&nbsp;<\/p>\n<!-- AddThis Advanced Settings generic via filter on the_content --><!-- AddThis Share Buttons generic via filter on the_content -->","protected":false},"excerpt":{"rendered":"<p>Como enviada especial de la agencia de Naciones Unidas para los refugiados, la actriz se reuni\u00f3 y escuch\u00f3 varios testimonios de migrantes venezolanos en Lima. Angelina Jolie conoci\u00f3 en primera persona la realidad que viven los venezolanos refugiados en Lima, Per\u00fa. La actriz visit\u00f3 un albergue de la Asociaci\u00f3n de Madres de Santa Ana (en [&hellip;]<!-- AddThis Advanced Settings generic via filter on get_the_excerpt --><!-- AddThis Share Buttons generic via filter on get_the_excerpt --><\/p>\n","protected":false},"author":6,"featured_media":8945,"comment_status":"closed","ping_status":"open","sticky":false,"template":"","format":"standard","meta":{"_acf_changed":false,"om_disable_all_campaigns":false,"_monsterinsights_skip_tracking":false,"_monsterinsights_sitenote_active":false,"_monsterinsights_sitenote_note":"","_monsterinsights_sitenote_category":0,"_uf_show_specific_survey":0,"_uf_disable_surveys":false,"footnotes":""},"categories":[100],"tags":[],"class_list":["post-8944","post","type-post","status-publish","format-standard","has-post-thumbnail","hentry","category-noticias"],"acf":[],"aioseo_notices":[],"_links":{"self":[{"href":"https:\/\/www.lasrosas.com.ar\/portal\/wp-json\/wp\/v2\/posts\/8944","targetHints":{"allow":["GET"]}}],"collection":[{"href":"https:\/\/www.lasrosas.com.ar\/portal\/wp-json\/wp\/v2\/posts"}],"about":[{"href":"https:\/\/www.lasrosas.com.ar\/portal\/wp-json\/wp\/v2\/types\/post"}],"author":[{"embeddable":true,"href":"https:\/\/www.lasrosas.com.ar\/portal\/wp-json\/wp\/v2\/users\/6"}],"replies":[{"embeddable":true,"href":"https:\/\/www.lasrosas.com.ar\/portal\/wp-json\/wp\/v2\/comments?post=8944"}],"version-history":[{"count":0,"href":"https:\/\/www.lasrosas.com.ar\/portal\/wp-json\/wp\/v2\/posts\/8944\/revisions"}],"wp:featuredmedia":[{"embeddable":true,"href":"https:\/\/www.lasrosas.com.ar\/portal\/wp-json\/wp\/v2\/media\/8945"}],"wp:attachment":[{"href":"https:\/\/www.lasrosas.com.ar\/portal\/wp-json\/wp\/v2\/media?parent=8944"}],"wp:term":[{"taxonomy":"category","embeddable":true,"href":"https:\/\/www.lasrosas.com.ar\/portal\/wp-json\/wp\/v2\/categories?post=8944"},{"taxonomy":"post_tag","embeddable":true,"href":"https:\/\/www.lasrosas.com.ar\/portal\/wp-json\/wp\/v2\/tags?post=8944"}],"curies":[{"name":"wp","href":"https:\/\/api.w.org\/{rel}","templated":true}]}}