{"id":85440,"date":"2026-03-12T13:58:31","date_gmt":"2026-03-12T16:58:31","guid":{"rendered":"https:\/\/www.lasrosas.com.ar\/portal\/?p=85440"},"modified":"2026-03-12T13:58:31","modified_gmt":"2026-03-12T16:58:31","slug":"lollapalooza-2026-natura-sera-el-maquillaje-oficial-del-festival-por-quinta-vez-consecutiva","status":"publish","type":"post","link":"https:\/\/www.lasrosas.com.ar\/portal\/lollapalooza-2026-natura-sera-el-maquillaje-oficial-del-festival-por-quinta-vez-consecutiva\/","title":{"rendered":"Lollapalooza 2026: Natura ser\u00e1 el maquillaje oficial del  festival por quinta vez consecutiva"},"content":{"rendered":"<p>Del 13 al 15 de marzo, Natura se suma al festival m\u00e1s importante del pa\u00eds con el Espacio Natura, un lugar para vivir distintas experiencias unidas por el bienestar<\/p>\n<p>Buenos Aires, marzo de 2026 \u2013 Este 13, 14 y 15 de marzo llega una nueva edici\u00f3n de Lollapalooza y, por quinto a\u00f1o consecutivo, Natura ser\u00e1 Maquillaje Oficial del evento. En esta edici\u00f3n, bajo la premisa \u201cVibremos juntos el Bienestar\u201d, la marca invita a las personas a vibrar en una misma frecuencia disfrutando de la m\u00fasica, y a elegir estar bien consigo mismas, con quienes las rodean y con el planeta, para activar un movimiento regenerativo imparable.<br \/>\nLa marca l\u00edder en belleza y cuidado personal, estar\u00e1 presente en el festival con el Espaci Natura, una propuesta con la que busca, a trav\u00e9s del maquillaje y otras experiencias, convocar a las personas a generar un bienestar que se expanda y contagie a otras,<br \/>\nhaciendo del disfrute colectivo un motor de transformaci\u00f3n.<\/p>\n<p><img decoding=\"async\" class=\"wp-image-85441 aligncenter lazyload\" data-src=\"https:\/\/www.lasrosas.com.ar\/portal\/wp-content\/uploads\/AGU0064-scaled.jpeg\" alt=\"\" width=\"1272\" height=\"848\" data-srcset=\"https:\/\/www.lasrosas.com.ar\/portal\/wp-content\/uploads\/AGU0064-scaled.jpeg 2048w, https:\/\/www.lasrosas.com.ar\/portal\/wp-content\/uploads\/AGU0064-960x640.jpeg 960w, https:\/\/www.lasrosas.com.ar\/portal\/wp-content\/uploads\/AGU0064-1920x1280.jpeg 1920w, https:\/\/www.lasrosas.com.ar\/portal\/wp-content\/uploads\/AGU0064-1536x1024.jpeg 1536w\" data-sizes=\"(max-width: 1272px) 100vw, 1272px\" src=\"data:image\/svg+xml;base64,PHN2ZyB3aWR0aD0iMSIgaGVpZ2h0PSIxIiB4bWxucz0iaHR0cDovL3d3dy53My5vcmcvMjAwMC9zdmciPjwvc3ZnPg==\" style=\"--smush-placeholder-width: 1272px; --smush-placeholder-aspect-ratio: 1272\/848;\" \/><br \/>\n\u201cUna vez m\u00e1s buscamos transformar la energ\u00eda que se vive en el festival, en una fuerza de cambio. Queremos que cada persona exprese en su maquillaje su potencia, que sienta el poder de la naturaleza en su piel y el orgullo por sus elecciones en un escenario tan<br \/>\nimponente como el de Lollapalooza\u201d, afirma Florencia Violini, Gerenta de Marketing de Natura.<br \/>\nEl Espacio Natura contar\u00e1 con distintas estaciones de maquillaje, una experiencia pensada para potenciar la identidad, la autoexpresi\u00f3n, y el bienestar. Quienes visiten la activaci\u00f3n podr\u00e1n escoger entre ser lookeados por maquilladores profesionales siguiendo el estilo de los artistas del line up, o crear sus propios looks en las estaciones de automaquillaje con productos de las l\u00edneas Natura FACES y Natura UNA.<br \/>\nTambi\u00e9n habr\u00e1 un spot de tatuajes temporales inspirados en la energ\u00eda del festival y en los artistas del line up. Siguiendo la tendencia de los \u201ctatoo statement\u201d, que pas\u00f3 de ser un tab\u00fa a una expresi\u00f3n audaz de identidad popularizada en el mundo de la m\u00fasica, las personas podr\u00e1n tatuarse las frases m\u00e1s ic\u00f3nicas de sus artistas favoritos de Lollapalooza.<br \/>\nDe la mano de su l\u00ednea Ekos, Natura convoca a un espacio dedicado a la reflexi\u00f3n y la toma de conciencia sobre el cuidado de la naturaleza y los v\u00ednculos. El Desaf\u00edo<br \/>\nRegeneraci\u00f3n invita a las personas a tomar peque\u00f1as decisiones que logren conectarlas con otras, motivandolas a generar un impacto positivo en su entorno, a trav\u00e9s de una experiencia sensorial e inmersiva.<br \/>\nLos 3 d\u00edas de festival, quienes se acerquen al espacio tambi\u00e9n podr\u00e1n ganar distintos productos de Natura para conectar con la marca. Adem\u00e1s, como cada a\u00f1o, la marca realizar\u00e1 la compensaci\u00f3n de la huella de carbono de toda la activaci\u00f3n y donar\u00e1 parte de<br \/>\nlos materiales para darles una nueva vida \u00fatil.<\/p>\n<p>#NaturaEnLollaAR<\/p>\n<!-- AddThis Advanced Settings generic via filter on the_content --><!-- AddThis Share Buttons generic via filter on the_content -->","protected":false},"excerpt":{"rendered":"<p>Del 13 al 15 de marzo, Natura se suma al festival m\u00e1s importante del pa\u00eds con el Espacio Natura, un lugar para vivir distintas experiencias unidas por el bienestar Buenos Aires, marzo de 2026 \u2013 Este 13, 14 y 15 de marzo llega una nueva edici\u00f3n de Lollapalooza y, por quinto a\u00f1o consecutivo, Natura ser\u00e1 [&hellip;]<!-- AddThis Advanced Settings generic via filter on get_the_excerpt --><!-- AddThis Share Buttons generic via filter on get_the_excerpt --><\/p>\n","protected":false},"author":6,"featured_media":85442,"comment_status":"closed","ping_status":"open","sticky":false,"template":"","format":"standard","meta":{"_acf_changed":false,"om_disable_all_campaigns":false,"_monsterinsights_skip_tracking":false,"_monsterinsights_sitenote_active":false,"_monsterinsights_sitenote_note":"","_monsterinsights_sitenote_category":0,"_uf_show_specific_survey":0,"_uf_disable_surveys":false,"footnotes":""},"categories":[1378,376,373,27],"tags":[],"class_list":["post-85440","post","type-post","status-publish","format-standard","has-post-thumbnail","hentry","category-bienestar","category-lifestyle","category-las-rosas-drives","category-cajas"],"acf":[],"aioseo_notices":[],"_links":{"self":[{"href":"https:\/\/www.lasrosas.com.ar\/portal\/wp-json\/wp\/v2\/posts\/85440","targetHints":{"allow":["GET"]}}],"collection":[{"href":"https:\/\/www.lasrosas.com.ar\/portal\/wp-json\/wp\/v2\/posts"}],"about":[{"href":"https:\/\/www.lasrosas.com.ar\/portal\/wp-json\/wp\/v2\/types\/post"}],"author":[{"embeddable":true,"href":"https:\/\/www.lasrosas.com.ar\/portal\/wp-json\/wp\/v2\/users\/6"}],"replies":[{"embeddable":true,"href":"https:\/\/www.lasrosas.com.ar\/portal\/wp-json\/wp\/v2\/comments?post=85440"}],"version-history":[{"count":2,"href":"https:\/\/www.lasrosas.com.ar\/portal\/wp-json\/wp\/v2\/posts\/85440\/revisions"}],"predecessor-version":[{"id":85444,"href":"https:\/\/www.lasrosas.com.ar\/portal\/wp-json\/wp\/v2\/posts\/85440\/revisions\/85444"}],"wp:featuredmedia":[{"embeddable":true,"href":"https:\/\/www.lasrosas.com.ar\/portal\/wp-json\/wp\/v2\/media\/85442"}],"wp:attachment":[{"href":"https:\/\/www.lasrosas.com.ar\/portal\/wp-json\/wp\/v2\/media?parent=85440"}],"wp:term":[{"taxonomy":"category","embeddable":true,"href":"https:\/\/www.lasrosas.com.ar\/portal\/wp-json\/wp\/v2\/categories?post=85440"},{"taxonomy":"post_tag","embeddable":true,"href":"https:\/\/www.lasrosas.com.ar\/portal\/wp-json\/wp\/v2\/tags?post=85440"}],"curies":[{"name":"wp","href":"https:\/\/api.w.org\/{rel}","templated":true}]}}