{"id":85318,"date":"2026-02-27T12:41:58","date_gmt":"2026-02-27T15:41:58","guid":{"rendered":"https:\/\/www.lasrosas.com.ar\/portal\/?p=85318"},"modified":"2026-02-27T12:41:58","modified_gmt":"2026-02-27T15:41:58","slug":"farm-rio-presenta-carioca-su-nueva-coleccion-de-invierno","status":"publish","type":"post","link":"https:\/\/www.lasrosas.com.ar\/portal\/farm-rio-presenta-carioca-su-nueva-coleccion-de-invierno\/","title":{"rendered":"FARM Rio presenta Carioca, su nueva colecci\u00f3n de Invierno"},"content":{"rendered":"<p>Inspirada en R\u00edo de Janeiro como concepto, energ\u00eda y estado mental: ese lugar al que todos quieren ir. Una propuesta que traduce el esp\u00edritu carioca en prendas que combinan calidez,<br \/>\nidentidad, creatividad y una est\u00e9tica vibrante que atraviesa estaciones y climas. Fundada en 1997, FARM naci\u00f3 para representar el estilo de vida carioca. Desde entonces, la marca viene difundiendo el \u201cborogod\u00f3\u201d \u2014un t\u00e9rmino brasile\u00f1o que define un esp\u00edritu vibrante, relajado y exuberante\u2014 a trav\u00e9s de colecciones que celebran la autenticidad, la energ\u00eda humana y la conexi\u00f3n con el entorno. Encuentros en calles, patios, mercados y mares construyen una narrativa donde lo tropical no es solo una geograf\u00eda, sino una actitud: un estado mental que se vive todo el a\u00f1o.<\/p>\n<p><img decoding=\"async\" class=\"wp-image-85319 aligncenter lazyload\" data-src=\"https:\/\/www.lasrosas.com.ar\/portal\/wp-content\/uploads\/FARM_0224-scaled.jpg\" alt=\"\" width=\"1113\" height=\"1669\" data-srcset=\"https:\/\/www.lasrosas.com.ar\/portal\/wp-content\/uploads\/FARM_0224-scaled.jpg 1366w, https:\/\/www.lasrosas.com.ar\/portal\/wp-content\/uploads\/FARM_0224-640x960.jpg 640w, https:\/\/www.lasrosas.com.ar\/portal\/wp-content\/uploads\/FARM_0224-1281x1920.jpg 1281w, https:\/\/www.lasrosas.com.ar\/portal\/wp-content\/uploads\/FARM_0224-1025x1536.jpg 1025w\" data-sizes=\"(max-width: 1113px) 100vw, 1113px\" src=\"data:image\/svg+xml;base64,PHN2ZyB3aWR0aD0iMSIgaGVpZ2h0PSIxIiB4bWxucz0iaHR0cDovL3d3dy53My5vcmcvMjAwMC9zdmciPjwvc3ZnPg==\" style=\"--smush-placeholder-width: 1113px; --smush-placeholder-aspect-ratio: 1113\/1669;\" \/><\/p>\n<p>Carioca toma a R\u00edo como inspiraci\u00f3n central para crear looks pensados para moverse del paseo mar\u00edtimo a la ciudad sin escalas. Sedas protagonistas, estampados con significado y transparencias para usar tanto en la arena como en la calle componen un recorrido est\u00e9tico que imprime al guardarropa una identidad profundamente carioca. Con ese talento natural para arrancar el d\u00eda en la playa y terminarlo en el samba, la colecci\u00f3n recorre distintas ocasiones y reafirma el lema de FARM: vestir alegr\u00eda en cualquier lugar del mundo.<\/p>\n<p>Hoy, el estilo de vida carioca ya es un deseo global y los estampados de la marca se consolidan como una referencia internacional, posicionando a FARM como un s\u00edmbolo de identidad, cultura y expresi\u00f3n.<br \/>\nCarioca no es solo una colecci\u00f3n de invierno: es una declaraci\u00f3n de esp\u00edritu. Una forma de vivir la moda desde la calidez, la energ\u00eda y la celebraci\u00f3n de lo tropical como identidad universal.<\/p>\n<p><img decoding=\"async\" class=\"wp-image-85322 aligncenter lazyload\" data-src=\"https:\/\/www.lasrosas.com.ar\/portal\/wp-content\/uploads\/FARM_0321-scaled.jpg\" alt=\"\" width=\"1065\" height=\"1597\" data-srcset=\"https:\/\/www.lasrosas.com.ar\/portal\/wp-content\/uploads\/FARM_0321-scaled.jpg 1366w, https:\/\/www.lasrosas.com.ar\/portal\/wp-content\/uploads\/FARM_0321-640x960.jpg 640w, https:\/\/www.lasrosas.com.ar\/portal\/wp-content\/uploads\/FARM_0321-1281x1920.jpg 1281w, https:\/\/www.lasrosas.com.ar\/portal\/wp-content\/uploads\/FARM_0321-1024x1536.jpg 1024w\" data-sizes=\"(max-width: 1065px) 100vw, 1065px\" src=\"data:image\/svg+xml;base64,PHN2ZyB3aWR0aD0iMSIgaGVpZ2h0PSIxIiB4bWxucz0iaHR0cDovL3d3dy53My5vcmcvMjAwMC9zdmciPjwvc3ZnPg==\" style=\"--smush-placeholder-width: 1065px; --smush-placeholder-aspect-ratio: 1065\/1597;\" \/><\/p>\n<!-- AddThis Advanced Settings generic via filter on the_content --><!-- AddThis Share Buttons generic via filter on the_content -->","protected":false},"excerpt":{"rendered":"<p>Inspirada en R\u00edo de Janeiro como concepto, energ\u00eda y estado mental: ese lugar al que todos quieren ir. Una propuesta que traduce el esp\u00edritu carioca en prendas que combinan calidez, identidad, creatividad y una est\u00e9tica vibrante que atraviesa estaciones y climas. Fundada en 1997, FARM naci\u00f3 para representar el estilo de vida carioca. Desde entonces, [&hellip;]<!-- AddThis Advanced Settings generic via filter on get_the_excerpt --><!-- AddThis Share Buttons generic via filter on get_the_excerpt --><\/p>\n","protected":false},"author":6,"featured_media":85320,"comment_status":"closed","ping_status":"open","sticky":false,"template":"","format":"standard","meta":{"_acf_changed":false,"om_disable_all_campaigns":false,"_monsterinsights_skip_tracking":false,"_monsterinsights_sitenote_active":false,"_monsterinsights_sitenote_note":"","_monsterinsights_sitenote_category":0,"_uf_show_specific_survey":0,"_uf_disable_surveys":false,"footnotes":""},"categories":[376,239,100,27],"tags":[],"class_list":["post-85318","post","type-post","status-publish","format-standard","has-post-thumbnail","hentry","category-lifestyle","category-recomendados","category-noticias","category-cajas"],"acf":[],"aioseo_notices":[],"_links":{"self":[{"href":"https:\/\/www.lasrosas.com.ar\/portal\/wp-json\/wp\/v2\/posts\/85318","targetHints":{"allow":["GET"]}}],"collection":[{"href":"https:\/\/www.lasrosas.com.ar\/portal\/wp-json\/wp\/v2\/posts"}],"about":[{"href":"https:\/\/www.lasrosas.com.ar\/portal\/wp-json\/wp\/v2\/types\/post"}],"author":[{"embeddable":true,"href":"https:\/\/www.lasrosas.com.ar\/portal\/wp-json\/wp\/v2\/users\/6"}],"replies":[{"embeddable":true,"href":"https:\/\/www.lasrosas.com.ar\/portal\/wp-json\/wp\/v2\/comments?post=85318"}],"version-history":[{"count":1,"href":"https:\/\/www.lasrosas.com.ar\/portal\/wp-json\/wp\/v2\/posts\/85318\/revisions"}],"predecessor-version":[{"id":85324,"href":"https:\/\/www.lasrosas.com.ar\/portal\/wp-json\/wp\/v2\/posts\/85318\/revisions\/85324"}],"wp:featuredmedia":[{"embeddable":true,"href":"https:\/\/www.lasrosas.com.ar\/portal\/wp-json\/wp\/v2\/media\/85320"}],"wp:attachment":[{"href":"https:\/\/www.lasrosas.com.ar\/portal\/wp-json\/wp\/v2\/media?parent=85318"}],"wp:term":[{"taxonomy":"category","embeddable":true,"href":"https:\/\/www.lasrosas.com.ar\/portal\/wp-json\/wp\/v2\/categories?post=85318"},{"taxonomy":"post_tag","embeddable":true,"href":"https:\/\/www.lasrosas.com.ar\/portal\/wp-json\/wp\/v2\/tags?post=85318"}],"curies":[{"name":"wp","href":"https:\/\/api.w.org\/{rel}","templated":true}]}}