{"id":85314,"date":"2026-02-27T11:55:13","date_gmt":"2026-02-27T14:55:13","guid":{"rendered":"https:\/\/www.lasrosas.com.ar\/portal\/?p=85314"},"modified":"2026-02-27T11:56:11","modified_gmt":"2026-02-27T14:56:11","slug":"juan-carlos-baglietto-dante-spinetta-lit-killah-y-bersuit-vergarabat-entre-otros-se-suman-a-en-vivo-vol-2-el-nuevo-album-de-cindy-cats","status":"publish","type":"post","link":"https:\/\/www.lasrosas.com.ar\/portal\/juan-carlos-baglietto-dante-spinetta-lit-killah-y-bersuit-vergarabat-entre-otros-se-suman-a-en-vivo-vol-2-el-nuevo-album-de-cindy-cats\/","title":{"rendered":"JUAN CARLOS BAGLIETTO, DANTE SPINETTA, LIT KILLAH Y BERSUIT VERGARABAT, ENTRE OTROS, SE SUMAN A \u201cEN VIVO VOL. 2\u201d, EL NUEVO \u00c1LBUM DE CINDY CATS"},"content":{"rendered":"<p><span style=\"font-weight: 400;\">Con \u201cDreams &amp; Love\u201d como <\/span><i><span style=\"font-weight: 400;\">Focus Track<\/span><\/i><span style=\"font-weight: 400;\">, en colaboraci\u00f3n con LIT Killah,<\/span> <span style=\"font-weight: 400;\">el colectivo de m\u00fasicos liderado por <\/span><a href=\"https:\/\/www.instagram.com\/franciscoalduncin\/?hl=es-la\"><span style=\"font-weight: 400;\">Francisco Alduncin<\/span><\/a><span style=\"font-weight: 400;\">, <\/span><a href=\"https:\/\/www.instagram.com\/pedrito.pasquale\/?hl=es\"><span style=\"font-weight: 400;\">Pedro Pasquale<\/span><\/a><span style=\"font-weight: 400;\">, <\/span><a href=\"https:\/\/www.instagram.com\/axelintro\/?hl=es\"><span style=\"font-weight: 400;\">Axel Introini<\/span><\/a><span style=\"font-weight: 400;\">, <\/span><a href=\"https:\/\/www.instagram.com\/elfeli_rnb?igsh=MWN3eXl2eGhhc2wxbQ==\"><span style=\"font-weight: 400;\">Felipe Herrera<\/span><\/a><span style=\"font-weight: 400;\">, <\/span><a href=\"https:\/\/www.instagram.com\/juliangasho\/?hl=es-la\"><span style=\"font-weight: 400;\">Juli\u00e1n Gallo<\/span><\/a><span style=\"font-weight: 400;\">, <\/span><a href=\"https:\/\/www.instagram.com\/gonzaadrums?igsh=dWI3cDJrOTNweTMw\"><span style=\"font-weight: 400;\">Gonzalo Palacios<\/span><\/a><span style=\"font-weight: 400;\"> y <\/span><a href=\"https:\/\/www.instagram.com\/carlos_salaspercusion\/?hl=es\"><span style=\"font-weight: 400;\">Carlos Salas<\/span><\/a><span style=\"font-weight: 400;\"> contin\u00faa recopilando los ic\u00f3nicos momentos y crossovers que se viven en sus <\/span><i><span style=\"font-weight: 400;\">jam<\/span><\/i><span style=\"font-weight: 400;\">.<\/span><\/p>\n<p>&nbsp;<\/p>\n<p><b>Cindy Cats se presentar\u00e1 el 28 de abril en Amerika (Gasc\u00f3n 1040) y los tickets ya se encuentran disponibles a trav\u00e9s de <\/b><a href=\"https:\/\/planout.ar\/eventos\/es\/cindy-cats-jam\"><b>Plan Out<\/b><\/a><b>.<\/b><\/p>\n<p>&nbsp;<\/p>\n<p><a href=\"https:\/\/lnk.to\/EnVivoVolII\/Spotify\"><b>ESCUCH\u00c1 \u201cEN VIVO VOL. 2\u201d AC\u00c1<\/b><\/a><\/p>\n<p><span style=\"font-weight: 400;\">Tras un a\u00f1o de hitos hist\u00f3ricos, que incluy\u00f3 su consagraci\u00f3n en el Estadio Ferro \u2014donde la mism\u00edsima Rosal\u00eda fue captada entre el p\u00fablico disfrutando de la jam\u2014, <\/span><a href=\"https:\/\/www.instagram.com\/cindycatsjam\/\"><span style=\"font-weight: 400;\">Cindy Cats<\/span><\/a><span style=\"font-weight: 400;\"> presenta en este segundo registro en vivo la energ\u00eda el\u00e9ctrica y la calidad musical que los convirti\u00f3 en el fen\u00f3meno favorito de los artistas.<\/span><\/p>\n<p><span style=\"font-weight: 400;\">Nunca se sabe qu\u00e9 va a pasar en un show de <\/span><b>Cindy Cats<\/b><span style=\"font-weight: 400;\">. Esa es la premisa de cada una de las <\/span><i><span style=\"font-weight: 400;\">Jam<\/span><\/i><span style=\"font-weight: 400;\">, donde el p\u00fablico se acerca a escuchar m\u00fasica pero sin tener informaci\u00f3n sobre el repertorio o los artistas que estar\u00e1n presentes. Y con un amplio abanico de presentaciones en su haber, y con \u201cEn Vivo Vol. 1\u201d lanzado en 2025, llega \u201cEn Vivo Vol. 2\u201d, para poder rememorar cada momento.<\/span><\/p>\n<p>&nbsp;<\/p>\n<p><span style=\"font-weight: 400;\">Como es habitual en cada <\/span><i><span style=\"font-weight: 400;\">\u201cCindy\u201d<\/span><\/i><span style=\"font-weight: 400;\">, el tracklist es una recopilaci\u00f3n de leyendas y nuevas voces que bucean por todos los g\u00e9neros musicales y abarca todas las generaciones:<\/span><\/p>\n<p><img decoding=\"async\" class=\"wp-image-85315 aligncenter lazyload\" data-src=\"https:\/\/www.lasrosas.com.ar\/portal\/wp-content\/uploads\/Cindy-Sesion-x-@irishsuarez-190-scaled.jpg\" alt=\"\" width=\"1347\" height=\"898\" data-srcset=\"https:\/\/www.lasrosas.com.ar\/portal\/wp-content\/uploads\/Cindy-Sesion-x-@irishsuarez-190-scaled.jpg 2048w, https:\/\/www.lasrosas.com.ar\/portal\/wp-content\/uploads\/Cindy-Sesion-x-@irishsuarez-190-960x640.jpg 960w, https:\/\/www.lasrosas.com.ar\/portal\/wp-content\/uploads\/Cindy-Sesion-x-@irishsuarez-190-1920x1280.jpg 1920w, https:\/\/www.lasrosas.com.ar\/portal\/wp-content\/uploads\/Cindy-Sesion-x-@irishsuarez-190-1536x1024.jpg 1536w\" data-sizes=\"(max-width: 1347px) 100vw, 1347px\" src=\"data:image\/svg+xml;base64,PHN2ZyB3aWR0aD0iMSIgaGVpZ2h0PSIxIiB4bWxucz0iaHR0cDovL3d3dy53My5vcmcvMjAwMC9zdmciPjwvc3ZnPg==\" style=\"--smush-placeholder-width: 1347px; --smush-placeholder-aspect-ratio: 1347\/898;\" \/><\/p>\n<p><b>TRACKLIST<\/b><\/p>\n<p>&nbsp;<\/p>\n<ol>\n<li style=\"font-weight: 400;\" aria-level=\"1\"><span style=\"font-weight: 400;\">Abismo &#8211; Cindy Cats<\/span><\/li>\n<li style=\"font-weight: 400;\" aria-level=\"1\"><span style=\"font-weight: 400;\">Apuro &#8211; <\/span><a href=\"https:\/\/www.instagram.com\/luzgaggi\/\"><span style=\"font-weight: 400;\">Luz Gaggi<\/span><\/a><\/li>\n<li style=\"font-weight: 400;\" aria-level=\"1\"><span style=\"font-weight: 400;\">El lado oscuro del coraz\u00f3n &#8211; <\/span><a href=\"https:\/\/www.instagram.com\/dantespinetta\/\"><span style=\"font-weight: 400;\">Dante Spinetta<\/span><\/a><\/li>\n<li style=\"font-weight: 400;\" aria-level=\"1\"><span style=\"font-weight: 400;\">Dreams &amp; Love (Focus Track) &#8211; <\/span><a href=\"https:\/\/www.instagram.com\/litkillah\/\"><span style=\"font-weight: 400;\">Lit Killah<\/span><\/a><\/li>\n<li style=\"font-weight: 400;\" aria-level=\"1\"><span style=\"font-weight: 400;\">Nada &#8211; <\/span><a href=\"https:\/\/www.instagram.com\/bagliettojuanc\/\"><span style=\"font-weight: 400;\">Juan Carlos Baglietto<\/span><\/a><\/li>\n<li style=\"font-weight: 400;\" aria-level=\"1\"><span style=\"font-weight: 400;\">Madrugada &#8211; <\/span><a href=\"https:\/\/www.instagram.com\/mhtresuno\/\"><span style=\"font-weight: 400;\">MHTRESUNO<\/span><\/a><\/li>\n<li style=\"font-weight: 400;\" aria-level=\"1\"><span style=\"font-weight: 400;\">Vuelos &#8211; <\/span><a href=\"https:\/\/www.instagram.com\/bersuitok\/\"><span style=\"font-weight: 400;\">Bersuit Vergarabat<\/span><\/a><\/li>\n<li style=\"font-weight: 400;\" aria-level=\"1\"><span style=\"font-weight: 400;\">Biricunyamba &#8211; <\/span><a href=\"https:\/\/www.instagram.com\/julieta_rada\/\"><span style=\"font-weight: 400;\">Julieta Rada<\/span><\/a><\/li>\n<li style=\"font-weight: 400;\" aria-level=\"1\"><span style=\"font-weight: 400;\">Jet lag &#8211; <\/span><a href=\"https:\/\/www.instagram.com\/soulfia_\/\"><span style=\"font-weight: 400;\">Soulfia<\/span><\/a><span style=\"font-weight: 400;\"> &amp; <\/span><a href=\"https:\/\/www.instagram.com\/fabro\/\"><span style=\"font-weight: 400;\">Fabro<\/span><\/a><\/li>\n<li aria-level=\"1\">\n<ol>\n<li style=\"font-weight: 400;\" aria-level=\"1\"><span style=\"font-weight: 400;\">Circo Beat &#8211; Cindy Cats<\/span><\/li>\n<\/ol>\n<p><span style=\"font-weight: 400;\">A su vez, <\/span><b>Cindy Cats<\/b><span style=\"font-weight: 400;\"> regresa el pr\u00f3ximo 28 de abril al escenario de Amerika (Gasc\u00f3n 1040), el lugar que los vio nacer y donde se gest\u00f3 la m\u00edstica de su formato 360\u00b0. Volver a las ra\u00edces no solo es una cita obligada para su comunidad, sino la oportunidad perfecta para seguir capturando los crossovers m\u00e1gicos que ocurren sobre su escenario circular y que, qui\u00e9n sabe, podr\u00edan ser la semilla de un futuro \u00abEn vivo Vol. 3\u00bb<\/span><\/li>\n<\/ol>\n<p><span style=\"font-weight: 400;\">De esta manera, <\/span><b>Cindy Cats <\/b><span style=\"font-weight: 400;\">comienza el a\u00f1o con disco nuevo y un show programado, prometiendo un 2026 a pura m\u00fasica.<\/span><\/p>\n<p>&nbsp;<\/p>\n<!-- AddThis Advanced Settings generic via filter on the_content --><!-- AddThis Share Buttons generic via filter on the_content -->","protected":false},"excerpt":{"rendered":"<p>Con \u201cDreams &amp; Love\u201d como Focus Track, en colaboraci\u00f3n con LIT Killah, el colectivo de m\u00fasicos liderado por Francisco Alduncin, Pedro Pasquale, Axel Introini, Felipe Herrera, Juli\u00e1n Gallo, Gonzalo Palacios y Carlos Salas contin\u00faa recopilando los ic\u00f3nicos momentos y crossovers que se viven en sus jam. &nbsp; Cindy Cats se presentar\u00e1 el 28 de abril [&hellip;]<!-- AddThis Advanced Settings generic via filter on get_the_excerpt --><!-- AddThis Share Buttons generic via filter on get_the_excerpt --><\/p>\n","protected":false},"author":6,"featured_media":85316,"comment_status":"closed","ping_status":"open","sticky":false,"template":"","format":"standard","meta":{"_acf_changed":false,"om_disable_all_campaigns":false,"_monsterinsights_skip_tracking":false,"_monsterinsights_sitenote_active":false,"_monsterinsights_sitenote_note":"","_monsterinsights_sitenote_category":0,"_uf_show_specific_survey":0,"_uf_disable_surveys":false,"footnotes":""},"categories":[1378,376,239,236,29],"tags":[],"class_list":["post-85314","post","type-post","status-publish","format-standard","has-post-thumbnail","hentry","category-bienestar","category-lifestyle","category-recomendados","category-cover-tapa","category-revista"],"acf":[],"aioseo_notices":[],"_links":{"self":[{"href":"https:\/\/www.lasrosas.com.ar\/portal\/wp-json\/wp\/v2\/posts\/85314","targetHints":{"allow":["GET"]}}],"collection":[{"href":"https:\/\/www.lasrosas.com.ar\/portal\/wp-json\/wp\/v2\/posts"}],"about":[{"href":"https:\/\/www.lasrosas.com.ar\/portal\/wp-json\/wp\/v2\/types\/post"}],"author":[{"embeddable":true,"href":"https:\/\/www.lasrosas.com.ar\/portal\/wp-json\/wp\/v2\/users\/6"}],"replies":[{"embeddable":true,"href":"https:\/\/www.lasrosas.com.ar\/portal\/wp-json\/wp\/v2\/comments?post=85314"}],"version-history":[{"count":1,"href":"https:\/\/www.lasrosas.com.ar\/portal\/wp-json\/wp\/v2\/posts\/85314\/revisions"}],"predecessor-version":[{"id":85317,"href":"https:\/\/www.lasrosas.com.ar\/portal\/wp-json\/wp\/v2\/posts\/85314\/revisions\/85317"}],"wp:featuredmedia":[{"embeddable":true,"href":"https:\/\/www.lasrosas.com.ar\/portal\/wp-json\/wp\/v2\/media\/85316"}],"wp:attachment":[{"href":"https:\/\/www.lasrosas.com.ar\/portal\/wp-json\/wp\/v2\/media?parent=85314"}],"wp:term":[{"taxonomy":"category","embeddable":true,"href":"https:\/\/www.lasrosas.com.ar\/portal\/wp-json\/wp\/v2\/categories?post=85314"},{"taxonomy":"post_tag","embeddable":true,"href":"https:\/\/www.lasrosas.com.ar\/portal\/wp-json\/wp\/v2\/tags?post=85314"}],"curies":[{"name":"wp","href":"https:\/\/api.w.org\/{rel}","templated":true}]}}