{"id":85150,"date":"2026-01-23T08:03:53","date_gmt":"2026-01-23T11:03:53","guid":{"rendered":"https:\/\/www.lasrosas.com.ar\/portal\/?p=85150"},"modified":"2026-01-27T07:03:58","modified_gmt":"2026-01-27T10:03:58","slug":"rocio-pardo","status":"publish","type":"post","link":"https:\/\/www.lasrosas.com.ar\/portal\/rocio-pardo\/","title":{"rendered":"Nuestra #Covergirl Rocio Pardo"},"content":{"rendered":"<p><b>Charlamos con nuestra gran tapa de verano, Roc\u00edo Pardo: actriz, bailarina, productora y directora de teatro, que vive una gran temporada 2026 en Carlos Paz con la obra <\/b><b><i>Ni media palabra<\/i><\/b><b>, la cual\u00a0 dirige y protagoniza su reciente esposo, Nicol\u00e1s Cabr\u00e9.<\/b><\/p>\n<p>&nbsp;<\/p>\n<p><b>Est\u00e1s viviendo una temporada muy especial. \u00bfQu\u00e9 te est\u00e1 pasando por el coraz\u00f3n y por el alma en este verano 2026, ya casada?<\/b><\/p>\n<p><span style=\"font-weight: 400;\">Ay, qu\u00e9 fuerte la palabra \u201cse\u00f1ora\u201d. No, estoy muy contenta, estoy en un momento muy lindo de mi vida, disfrutando de mi familia. Estar en Carlos Paz me da mucha alegr\u00eda, me da tranquilidad, me siento contenida.<\/span><span style=\"font-weight: 400;\"><br \/>\n<\/span><span style=\"font-weight: 400;\"> Obviamente tengo a todas mis amigas de toda la vida, mi familia. Hoy Nico, que es mi esposo, ya estoy casada. As\u00ed que nada, viviendo un momento muy hermoso de mi vida.<\/span><\/p>\n<p>&nbsp;<\/p>\n<p><b>Est\u00e1n llevando adelante una obra muy fuerte junto a tu marido. \u00bfC\u00f3mo surge esta idea y c\u00f3mo fue llevarla adelante?<\/b><\/p>\n<p><span style=\"font-weight: 400;\">Nosotros con Nico siempre estamos leyendo obras porque nos gusta tanto dirigir como producir. Estamos los dos siempre leyendo.<\/span><span style=\"font-weight: 400;\"><br \/>\n<\/span><span style=\"font-weight: 400;\"> Cuando nos lleg\u00f3 esta obra, a medida que la \u00edbamos leyendo nos imagin\u00e1bamos a Nico y a Mariano juntos. Era como una obra para ellos, parec\u00eda escrita para ellos.<\/span><span style=\"font-weight: 400;\"><br \/>\n<\/span><span style=\"font-weight: 400;\"> Apenas la le\u00edmos se la mandamos a Mariano y le pareci\u00f3 lo mismo. Despu\u00e9s fue empezar a cranear y buscar esta tercera persona que necesit\u00e1bamos, que es \u201cel Bicho\u201d, un personaje muy importante. Los tres est\u00e1n siempre en escena y armamos un equipo hermoso.<\/span><\/p>\n<p><img decoding=\"async\" class=\"wp-image-85159 aligncenter lazyload\" data-src=\"https:\/\/www.lasrosas.com.ar\/portal\/wp-content\/uploads\/LAS-ROSAS-31-1-scaled.jpg\" alt=\"\" width=\"561\" height=\"840\" data-srcset=\"https:\/\/www.lasrosas.com.ar\/portal\/wp-content\/uploads\/LAS-ROSAS-31-1-scaled.jpg 1367w, https:\/\/www.lasrosas.com.ar\/portal\/wp-content\/uploads\/LAS-ROSAS-31-1-641x960.jpg 641w, https:\/\/www.lasrosas.com.ar\/portal\/wp-content\/uploads\/LAS-ROSAS-31-1-1282x1920.jpg 1282w, https:\/\/www.lasrosas.com.ar\/portal\/wp-content\/uploads\/LAS-ROSAS-31-1-1025x1536.jpg 1025w\" data-sizes=\"(max-width: 561px) 100vw, 561px\" src=\"data:image\/svg+xml;base64,PHN2ZyB3aWR0aD0iMSIgaGVpZ2h0PSIxIiB4bWxucz0iaHR0cDovL3d3dy53My5vcmcvMjAwMC9zdmciPjwvc3ZnPg==\" style=\"--smush-placeholder-width: 561px; --smush-placeholder-aspect-ratio: 561\/840;\" \/><\/p>\n<p><b>\u00bfQu\u00e9 les devuelve el p\u00fablico al verlos nuevamente juntos sobre el escenario?<\/b><\/p>\n<p><span style=\"font-weight: 400;\">Los chicos hac\u00eda 23 a\u00f1os que no hac\u00edan teatro juntos, as\u00ed que fue un desaf\u00edo. La gente esperaba mucho de ellos y tambi\u00e9n estos gui\u00f1os que los lleven a ese momento de <\/span><i><span style=\"font-weight: 400;\">Son Amores<\/span><\/i><span style=\"font-weight: 400;\"> y otras novelas.<\/span><span style=\"font-weight: 400;\"><br \/>\n<\/span><span style=\"font-weight: 400;\"> Si bien la historia no tiene nada que ver con lo que hac\u00edan antes, le metimos esos gui\u00f1os para darle al p\u00fablico lo que quiere.<\/span><\/p>\n<p>&nbsp;<\/p>\n<p><b>Ven\u00eds de una familia muy ligada al arte. \u00bfSiempre sentiste que ese era tu camino?<\/b><\/p>\n<p><span style=\"font-weight: 400;\">Siempre estuve relacionada con un camino art\u00edstico, aunque fue mutando. Empec\u00e9 como bailarina, despu\u00e9s pas\u00e9 a la producci\u00f3n, luego a la actuaci\u00f3n y hoy estoy muy enfocada en la direcci\u00f3n.<\/span><span style=\"font-weight: 400;\"><br \/>\n<\/span><span style=\"font-weight: 400;\"> Me encanta dirigir, siento que encontr\u00e9 mi lugar. Abarca todas las \u00e1reas que fui aprendiendo con los a\u00f1os, creciendo y viviendo del teatro. Inconscientemente termin\u00e9 ac\u00e1. Crec\u00ed en una familia de artistas y lo llevo en la sangre.<\/span><\/p>\n<p>&nbsp;<\/p>\n<p><b>Hoy est\u00e1s muy afianzada como directora. \u00bfSegu\u00eds disfrutando tambi\u00e9n estar en escena?<\/b><\/p>\n<p><span style=\"font-weight: 400;\">A veces me llegan proyectos y digo: \u201cEsto lo tengo que hacer\u201d, porque disfruto mucho estar en el escenario.<\/span><span style=\"font-weight: 400;\"><br \/>\n<\/span><span style=\"font-weight: 400;\"> Hoy puedo darme el lujo de elegir. Apostar a proyectos m\u00e1s personales, como este, que elegimos con Nico y hacemos con mucho amor. Ya llegar\u00e1n otras propuestas para volver a subirme a las tablas.<\/span><\/p>\n<p><img decoding=\"async\" class=\"wp-image-85157 aligncenter lazyload\" data-src=\"https:\/\/www.lasrosas.com.ar\/portal\/wp-content\/uploads\/LAS-ROSAS-28-1-scaled.jpg\" alt=\"\" width=\"602\" height=\"902\" data-srcset=\"https:\/\/www.lasrosas.com.ar\/portal\/wp-content\/uploads\/LAS-ROSAS-28-1-scaled.jpg 1367w, https:\/\/www.lasrosas.com.ar\/portal\/wp-content\/uploads\/LAS-ROSAS-28-1-641x960.jpg 641w, https:\/\/www.lasrosas.com.ar\/portal\/wp-content\/uploads\/LAS-ROSAS-28-1-1282x1920.jpg 1282w, https:\/\/www.lasrosas.com.ar\/portal\/wp-content\/uploads\/LAS-ROSAS-28-1-1025x1536.jpg 1025w\" data-sizes=\"(max-width: 602px) 100vw, 602px\" src=\"data:image\/svg+xml;base64,PHN2ZyB3aWR0aD0iMSIgaGVpZ2h0PSIxIiB4bWxucz0iaHR0cDovL3d3dy53My5vcmcvMjAwMC9zdmciPjwvc3ZnPg==\" style=\"--smush-placeholder-width: 602px; --smush-placeholder-aspect-ratio: 602\/902;\" \/><\/p>\n<p><b>\u00bfEn qu\u00e9 situaci\u00f3n est\u00e1 hoy <\/b><b><i>Pabell\u00f3n Torn\u00fa<\/i><\/b><b>?<\/b><\/p>\n<p><span style=\"font-weight: 400;\">En 2016 estrenamos <\/span><i><span style=\"font-weight: 400;\">Pabell\u00f3n Torn\u00fa<\/span><\/i><span style=\"font-weight: 400;\"> y fue incre\u00edble ver c\u00f3mo creci\u00f3 un proyecto que empez\u00f3 con un grupo de amigos.<\/span><span style=\"font-weight: 400;\"><br \/>\n<\/span><span style=\"font-weight: 400;\"> Hoy la gente nos sigue pidiendo que vuelva, y eso nos pone en el lugar de decir que tenemos que hacerlo. Este a\u00f1o queremos hacerlo en C\u00f3rdoba Capital. Estamos cerrando un lugar, pero tenemos la vara muy alta.<\/span><\/p>\n<p>&nbsp;<\/p>\n<p><b>Se cumplen 10 a\u00f1os de <\/b><b><i>Pabell\u00f3n Torn\u00fa<\/i><\/b><b>. \u00bfLa idea es festejarlo en C\u00f3rdoba?<\/b><\/p>\n<p><span style=\"font-weight: 400;\">S\u00ed, hay que festejarlos. Creemos que es el momento de instalarlo en C\u00f3rdoba Capital y que sea algo permanente.<\/span><\/p>\n<p>&nbsp;<\/p>\n<p><b>\u00bfTe gustar\u00eda que sea una propuesta estable en la ciudad?<\/b><\/p>\n<p><span style=\"font-weight: 400;\">S\u00ed, me gustar\u00eda que quede algo permanente en C\u00f3rdoba. El talento cordob\u00e9s est\u00e1 creciendo much\u00edsimo y estar\u00eda buen\u00edsimo tener un espect\u00e1culo residente.<\/span><\/p>\n<p>&nbsp;<\/p>\n<p><b>En lo personal, \u00bfcambi\u00f3 algo despu\u00e9s del casamiento?<\/b><\/p>\n<p><span style=\"font-weight: 400;\">No, somos muy tranquilos. Tenemos una mirada muy parecida sobre la vida, as\u00ed que no cambi\u00f3 nada.<\/span><span style=\"font-weight: 400;\"><br \/>\n<\/span><span style=\"font-weight: 400;\"> Tenemos rutinas, nos gusta entrenar. \u00c9l es deportista de alto rendimiento y yo lo acompa\u00f1o cuando puedo.<\/span><\/p>\n<p>&nbsp;<\/p>\n<p><b>Siempre se destac\u00f3 tu v\u00ednculo con Rufi. \u00bfC\u00f3mo es hoy esa relaci\u00f3n?<\/b><\/p>\n<p><span style=\"font-weight: 400;\">Desde el primer momento tuvimos este v\u00ednculo que sigue hoy. Somos muy c\u00f3mplices, la pasamos muy bien juntas.<\/span><span style=\"font-weight: 400;\"><br \/>\n<\/span><span style=\"font-weight: 400;\"> Ella ya tiene 12 a\u00f1os, se va convirtiendo en adolescente. Compartimos muchas cosas y es un placer compartir con ella.<\/span><\/p>\n<p><img decoding=\"async\" class=\"wp-image-85154 aligncenter lazyload\" data-src=\"https:\/\/www.lasrosas.com.ar\/portal\/wp-content\/uploads\/LAS-ROSAS-69-1-scaled.jpg\" alt=\"\" width=\"715\" height=\"1071\" data-srcset=\"https:\/\/www.lasrosas.com.ar\/portal\/wp-content\/uploads\/LAS-ROSAS-69-1-scaled.jpg 1367w, https:\/\/www.lasrosas.com.ar\/portal\/wp-content\/uploads\/LAS-ROSAS-69-1-641x960.jpg 641w, https:\/\/www.lasrosas.com.ar\/portal\/wp-content\/uploads\/LAS-ROSAS-69-1-1282x1920.jpg 1282w, https:\/\/www.lasrosas.com.ar\/portal\/wp-content\/uploads\/LAS-ROSAS-69-1-1025x1536.jpg 1025w\" data-sizes=\"(max-width: 715px) 100vw, 715px\" src=\"data:image\/svg+xml;base64,PHN2ZyB3aWR0aD0iMSIgaGVpZ2h0PSIxIiB4bWxucz0iaHR0cDovL3d3dy53My5vcmcvMjAwMC9zdmciPjwvc3ZnPg==\" style=\"--smush-placeholder-width: 715px; --smush-placeholder-aspect-ratio: 715\/1071;\" \/><\/p>\n<p>&nbsp;<\/p>\n<p><b>\u00bfLa idea es que la familia siga creciendo?<\/b><\/p>\n<p><span style=\"font-weight: 400;\">Por el momento estamos bien, con muchos proyectos. Siempre dije que no, pero uno nunca sabe. Hoy estamos bien y que se vaya dando.<\/span><\/p>\n<p>&nbsp;<\/p>\n<p><b>Ahora que est\u00e1n asentados en C\u00f3rdoba, \u00bfc\u00f3mo disfrutan la ciudad?<\/b><\/p>\n<p><span style=\"font-weight: 400;\">Nos gusta ir al r\u00edo, conocer lugares, escaparnos a alg\u00fan domo o a Villa General Belgrano. C\u00f3rdoba es incre\u00edble.<\/span><span style=\"font-weight: 400;\"><br \/>\n<\/span><span style=\"font-weight: 400;\"> La temporada te lleva a trabajar mucho, as\u00ed que tratamos de tomarnos uno o dos d\u00edas para escapar y descansar la mente.<\/span><\/p>\n<p>&nbsp;<\/p>\n<p><b>Para cerrar, \u00bfcon qu\u00e9 so\u00f1\u00e1s para este a\u00f1o?<\/b><\/p>\n<p><span style=\"font-weight: 400;\">Estoy muy entusiasmada con los proyectos que estamos encarando. Este camino que estamos construyendo con Nico, en lo personal y lo laboral, dirigiendo juntos, me entusiasma mucho. Ojal\u00e1 se concrete todo y all\u00e1 vamos.<\/span><\/p>\n<p><img decoding=\"async\" class=\"wp-image-85151 aligncenter lazyload\" data-src=\"https:\/\/www.lasrosas.com.ar\/portal\/wp-content\/uploads\/LAS-ROSAS-115-1-scaled.jpg\" alt=\"\" width=\"904\" height=\"1354\" data-srcset=\"https:\/\/www.lasrosas.com.ar\/portal\/wp-content\/uploads\/LAS-ROSAS-115-1-scaled.jpg 1367w, https:\/\/www.lasrosas.com.ar\/portal\/wp-content\/uploads\/LAS-ROSAS-115-1-641x960.jpg 641w, https:\/\/www.lasrosas.com.ar\/portal\/wp-content\/uploads\/LAS-ROSAS-115-1-1282x1920.jpg 1282w, https:\/\/www.lasrosas.com.ar\/portal\/wp-content\/uploads\/LAS-ROSAS-115-1-1025x1536.jpg 1025w\" data-sizes=\"(max-width: 904px) 100vw, 904px\" src=\"data:image\/svg+xml;base64,PHN2ZyB3aWR0aD0iMSIgaGVpZ2h0PSIxIiB4bWxucz0iaHR0cDovL3d3dy53My5vcmcvMjAwMC9zdmciPjwvc3ZnPg==\" style=\"--smush-placeholder-width: 904px; --smush-placeholder-aspect-ratio: 904\/1354;\" \/><\/p>\n<p>CREDITOS:<\/p>\n<p>Producci\u00f3n: @Camila Dagum<\/p>\n<p>Asistente de Produccion: @Valen_alemann<\/p>\n<p>Fotograf\u00eda: @GonGanon<\/p>\n<p>Maquillaje: @Marian.Makeuppro<\/p>\n<p>Pelo: @Cristianluna<\/p>\n<p>Entrevista: @chechecaudana<\/p>\n<p>Curadur\u00eda : @consuelorossic<\/p>\n<p>&nbsp;<\/p>\n<!-- AddThis Advanced Settings generic via filter on the_content --><!-- AddThis Share Buttons generic via filter on the_content -->","protected":false},"excerpt":{"rendered":"<p>Charlamos con nuestra gran tapa de verano, Roc\u00edo Pardo: actriz, bailarina, productora y directora de teatro, que vive una gran temporada 2026 en Carlos Paz con la obra Ni media palabra, la cual\u00a0 dirige y protagoniza su reciente esposo, Nicol\u00e1s Cabr\u00e9. &nbsp; Est\u00e1s viviendo una temporada muy especial. \u00bfQu\u00e9 te est\u00e1 pasando por el coraz\u00f3n [&hellip;]<!-- AddThis Advanced Settings generic via filter on get_the_excerpt --><!-- AddThis Share Buttons generic via filter on get_the_excerpt --><\/p>\n","protected":false},"author":6,"featured_media":85158,"comment_status":"closed","ping_status":"open","sticky":false,"template":"","format":"standard","meta":{"_acf_changed":false,"om_disable_all_campaigns":false,"_monsterinsights_skip_tracking":false,"_monsterinsights_sitenote_active":false,"_monsterinsights_sitenote_note":"","_monsterinsights_sitenote_category":0,"_uf_show_specific_survey":0,"_uf_disable_surveys":false,"footnotes":""},"categories":[239,29,100,38,1,27],"tags":[],"class_list":["post-85150","post","type-post","status-publish","format-standard","has-post-thumbnail","hentry","category-recomendados","category-revista","category-noticias","category-entrevistas","category-sin-categoria","category-cajas"],"acf":[],"aioseo_notices":[],"_links":{"self":[{"href":"https:\/\/www.lasrosas.com.ar\/portal\/wp-json\/wp\/v2\/posts\/85150","targetHints":{"allow":["GET"]}}],"collection":[{"href":"https:\/\/www.lasrosas.com.ar\/portal\/wp-json\/wp\/v2\/posts"}],"about":[{"href":"https:\/\/www.lasrosas.com.ar\/portal\/wp-json\/wp\/v2\/types\/post"}],"author":[{"embeddable":true,"href":"https:\/\/www.lasrosas.com.ar\/portal\/wp-json\/wp\/v2\/users\/6"}],"replies":[{"embeddable":true,"href":"https:\/\/www.lasrosas.com.ar\/portal\/wp-json\/wp\/v2\/comments?post=85150"}],"version-history":[{"count":3,"href":"https:\/\/www.lasrosas.com.ar\/portal\/wp-json\/wp\/v2\/posts\/85150\/revisions"}],"predecessor-version":[{"id":85179,"href":"https:\/\/www.lasrosas.com.ar\/portal\/wp-json\/wp\/v2\/posts\/85150\/revisions\/85179"}],"wp:featuredmedia":[{"embeddable":true,"href":"https:\/\/www.lasrosas.com.ar\/portal\/wp-json\/wp\/v2\/media\/85158"}],"wp:attachment":[{"href":"https:\/\/www.lasrosas.com.ar\/portal\/wp-json\/wp\/v2\/media?parent=85150"}],"wp:term":[{"taxonomy":"category","embeddable":true,"href":"https:\/\/www.lasrosas.com.ar\/portal\/wp-json\/wp\/v2\/categories?post=85150"},{"taxonomy":"post_tag","embeddable":true,"href":"https:\/\/www.lasrosas.com.ar\/portal\/wp-json\/wp\/v2\/tags?post=85150"}],"curies":[{"name":"wp","href":"https:\/\/api.w.org\/{rel}","templated":true}]}}