{"id":8491,"date":"2018-10-15T11:28:08","date_gmt":"2018-10-15T14:28:08","guid":{"rendered":"https:\/\/www.lasrosas.com.ar\/portal\/?p=8491"},"modified":"2018-10-15T13:32:06","modified_gmt":"2018-10-15T16:32:06","slug":"meghan-markle-embarazada","status":"publish","type":"post","link":"https:\/\/www.lasrosas.com.ar\/portal\/meghan-markle-embarazada\/","title":{"rendered":"MEGHAN MARKLE EMBARAZADA"},"content":{"rendered":"<h3 style=\"text-align: left;\"><strong>Los Duques de Sussex esperan su primer hijo, que nacer\u00e1 para la pr\u00f3xima primavera.<\/strong><\/h3>\n<p>A cinco meses del casamiento de <strong>Meghan Markle<\/strong> y el principe <strong>Harry<\/strong>, la pareja anunci\u00f3 la llegada de su primer hijo.<\/p>\n<p><strong><em>\u00abA sus altezas reales el duque y la duquesa de Sussex les complace anunciar que la duquesa de Sussex espera un beb\u00e9 para la primavera de 2019\u00bb<\/em><\/strong>, as\u00ed confirmaban la noticia.<\/p>\n<p>El futuro beb\u00e9 no ser\u00e1 considerado principe o princesa a causa de una ley establecida en 1917.<\/p>\n<p>Para llevar ese t\u00edtulo la Reina de Inglaterra deber\u00e1 firmar las \u00abcartas patentes\u00bb en las que se concede ese t\u00edtulo nobilario.<\/p>\n<p>&nbsp;<\/p>\n<!-- AddThis Advanced Settings generic via filter on the_content --><!-- AddThis Share Buttons generic via filter on the_content -->","protected":false},"excerpt":{"rendered":"<p>Los Duques de Sussex esperan su primer hijo, que nacer\u00e1 para la pr\u00f3xima primavera. A cinco meses del casamiento de Meghan Markle y el principe Harry, la pareja anunci\u00f3 la llegada de su primer hijo. \u00abA sus altezas reales el duque y la duquesa de Sussex les complace anunciar que la duquesa de Sussex espera [&hellip;]<!-- AddThis Advanced Settings generic via filter on get_the_excerpt --><!-- AddThis Share Buttons generic via filter on get_the_excerpt --><\/p>\n","protected":false},"author":6,"featured_media":6891,"comment_status":"closed","ping_status":"open","sticky":false,"template":"","format":"standard","meta":{"_acf_changed":false,"om_disable_all_campaigns":false,"_monsterinsights_skip_tracking":false,"_monsterinsights_sitenote_active":false,"_monsterinsights_sitenote_note":"","_monsterinsights_sitenote_category":0,"_uf_show_specific_survey":0,"_uf_disable_surveys":false,"footnotes":""},"categories":[100],"tags":[],"class_list":["post-8491","post","type-post","status-publish","format-standard","has-post-thumbnail","hentry","category-noticias"],"acf":[],"aioseo_notices":[],"_links":{"self":[{"href":"https:\/\/www.lasrosas.com.ar\/portal\/wp-json\/wp\/v2\/posts\/8491","targetHints":{"allow":["GET"]}}],"collection":[{"href":"https:\/\/www.lasrosas.com.ar\/portal\/wp-json\/wp\/v2\/posts"}],"about":[{"href":"https:\/\/www.lasrosas.com.ar\/portal\/wp-json\/wp\/v2\/types\/post"}],"author":[{"embeddable":true,"href":"https:\/\/www.lasrosas.com.ar\/portal\/wp-json\/wp\/v2\/users\/6"}],"replies":[{"embeddable":true,"href":"https:\/\/www.lasrosas.com.ar\/portal\/wp-json\/wp\/v2\/comments?post=8491"}],"version-history":[{"count":0,"href":"https:\/\/www.lasrosas.com.ar\/portal\/wp-json\/wp\/v2\/posts\/8491\/revisions"}],"wp:featuredmedia":[{"embeddable":true,"href":"https:\/\/www.lasrosas.com.ar\/portal\/wp-json\/wp\/v2\/media\/6891"}],"wp:attachment":[{"href":"https:\/\/www.lasrosas.com.ar\/portal\/wp-json\/wp\/v2\/media?parent=8491"}],"wp:term":[{"taxonomy":"category","embeddable":true,"href":"https:\/\/www.lasrosas.com.ar\/portal\/wp-json\/wp\/v2\/categories?post=8491"},{"taxonomy":"post_tag","embeddable":true,"href":"https:\/\/www.lasrosas.com.ar\/portal\/wp-json\/wp\/v2\/tags?post=8491"}],"curies":[{"name":"wp","href":"https:\/\/api.w.org\/{rel}","templated":true}]}}