{"id":83891,"date":"2025-08-05T11:00:58","date_gmt":"2025-08-05T14:00:58","guid":{"rendered":"https:\/\/www.lasrosas.com.ar\/portal\/?p=83891"},"modified":"2025-08-05T11:00:58","modified_gmt":"2025-08-05T14:00:58","slug":"la-sirenita-rompe-records-en-el-teatro-musical-argentino-200-000-espectadores-en-solo-dos-meses","status":"publish","type":"post","link":"https:\/\/www.lasrosas.com.ar\/portal\/la-sirenita-rompe-records-en-el-teatro-musical-argentino-200-000-espectadores-en-solo-dos-meses\/","title":{"rendered":"\u201cLA SIRENITA\u201d ROMPE R\u00c9CORDS EN EL TEATRO MUSICAL ARGENTINO: 200.000 ESPECTADORES EN SOLO DOS MESES"},"content":{"rendered":"<p dir=\"ltr\"><strong id=\"m_5842781389378323188docs-internal-guid-077aef98-7fff-a459-5cf6-db7de15567c6\">Con una ovaci\u00f3n de pie y una sala colmada de emoci\u00f3n, <em>La Sirenita<\/em> baj\u00f3 el tel\u00f3n tras una temporada inolvidable en el Teatro Gran Rex, consagr\u00e1ndose como uno de los mayores \u00e9xitos del teatro musical argentino de los \u00faltimos a\u00f1os.<\/strong><\/p>\n<p dir=\"ltr\">En tan solo dos meses en cartel, la superproducci\u00f3n inspirada en el cl\u00e1sico de Disney convoc\u00f3 a 200.000 espectadores, confirmando el entusiasmo del p\u00fablico por los grandes espect\u00e1culos familiares.<\/p>\n<p dir=\"ltr\"><img decoding=\"async\" class=\"wp-image-83893 aligncenter lazyload\" data-src=\"https:\/\/www.lasrosas.com.ar\/portal\/wp-content\/uploads\/unnamed-37-2.jpg\" alt=\"\" width=\"1038\" height=\"584\" data-srcset=\"https:\/\/www.lasrosas.com.ar\/portal\/wp-content\/uploads\/unnamed-37-2.jpg 1280w, https:\/\/www.lasrosas.com.ar\/portal\/wp-content\/uploads\/unnamed-37-2-960x540.jpg 960w\" data-sizes=\"(max-width: 1038px) 100vw, 1038px\" src=\"data:image\/svg+xml;base64,PHN2ZyB3aWR0aD0iMSIgaGVpZ2h0PSIxIiB4bWxucz0iaHR0cDovL3d3dy53My5vcmcvMjAwMC9zdmciPjwvc3ZnPg==\" style=\"--smush-placeholder-width: 1038px; --smush-placeholder-aspect-ratio: 1038\/584;\" \/><\/p>\n<p dir=\"ltr\"><em>La Sirenita<\/em> deslumbr\u00f3 con su elenco encabezado por Albana Fuentes, Evelyn Botto, Osvaldo Laport, Jos\u00e9 Mar\u00eda Listorti, Pablo Turturiello y Valent\u00edn Zaninelli. El equipo creativo estuvo liderado por el prestigioso Ariel Del Mastro en la Direcci\u00f3n General, junto a Marcelo Caballero en la Co-direcci\u00f3n, Anal\u00eda Gonzalez en la Direcci\u00f3n Coreogr\u00e1fica, Jorge Ferrari en el Dise\u00f1o Escenogr\u00e1fico, Sebasti\u00e1n Mazzoni en la Direcci\u00f3n Vocal, Federico Vila en la Producci\u00f3n Musical y Maxi Vecco en el Dise\u00f1o de Video Esc\u00e9nico.<\/p>\n<p dir=\"ltr\">Producida originalmente por Disney Theatrical Group, la\u00a0 obra estuvo dirigida a todas las edades: a los amantes del cl\u00e1sico animado de Disney y a las nuevas generaciones, que se vieron atravesadas por un mundo de emociones y desaf\u00edos. <em>La Sirenita<\/em> cont\u00f3 con una impactante y novedosa puesta en escena que renov\u00f3 la magia de la historia, con la producci\u00f3n y el mismo equipo creativo de sucesos como Matilda y School of Rock: Ozono, MP y Los Rottemberg.<\/p>\n<p dir=\"ltr\"><img decoding=\"async\" class=\"wp-image-83895 aligncenter lazyload\" data-src=\"https:\/\/www.lasrosas.com.ar\/portal\/wp-content\/uploads\/unnamed-38-2.jpg\" alt=\"\" width=\"1064\" height=\"599\" data-srcset=\"https:\/\/www.lasrosas.com.ar\/portal\/wp-content\/uploads\/unnamed-38-2.jpg 1280w, https:\/\/www.lasrosas.com.ar\/portal\/wp-content\/uploads\/unnamed-38-2-960x540.jpg 960w\" data-sizes=\"(max-width: 1064px) 100vw, 1064px\" src=\"data:image\/svg+xml;base64,PHN2ZyB3aWR0aD0iMSIgaGVpZ2h0PSIxIiB4bWxucz0iaHR0cDovL3d3dy53My5vcmcvMjAwMC9zdmciPjwvc3ZnPg==\" style=\"--smush-placeholder-width: 1064px; --smush-placeholder-aspect-ratio: 1064\/599;\" \/><\/p>\n<p dir=\"ltr\">El fen\u00f3meno teatral tambi\u00e9n se hizo sentir en redes sociales, donde el p\u00fablico celebr\u00f3 cada funci\u00f3n con entusiasmo, consolidando a <em>La Sirenita<\/em> como un hito del entretenimiento en las vacaciones de invierno.<\/p>\n<!-- AddThis Advanced Settings generic via filter on the_content --><!-- AddThis Share Buttons generic via filter on the_content -->","protected":false},"excerpt":{"rendered":"<p>Con una ovaci\u00f3n de pie y una sala colmada de emoci\u00f3n, La Sirenita baj\u00f3 el tel\u00f3n tras una temporada inolvidable en el Teatro Gran Rex, consagr\u00e1ndose como uno de los mayores \u00e9xitos del teatro musical argentino de los \u00faltimos a\u00f1os. En tan solo dos meses en cartel, la superproducci\u00f3n inspirada en el cl\u00e1sico de Disney [&hellip;]<!-- AddThis Advanced Settings generic via filter on get_the_excerpt --><!-- AddThis Share Buttons generic via filter on get_the_excerpt --><\/p>\n","protected":false},"author":6,"featured_media":83892,"comment_status":"closed","ping_status":"open","sticky":false,"template":"","format":"standard","meta":{"_acf_changed":false,"om_disable_all_campaigns":false,"_monsterinsights_skip_tracking":false,"_monsterinsights_sitenote_active":false,"_monsterinsights_sitenote_note":"","_monsterinsights_sitenote_category":0,"_uf_show_specific_survey":0,"_uf_disable_surveys":false,"footnotes":""},"categories":[100],"tags":[1374,710,455,1023,454],"class_list":["post-83891","post","type-post","status-publish","format-standard","has-post-thumbnail","hentry","category-noticias","tag-granrex","tag-musical","tag-obra","tag-sirenita","tag-teatro"],"acf":[],"aioseo_notices":[],"_links":{"self":[{"href":"https:\/\/www.lasrosas.com.ar\/portal\/wp-json\/wp\/v2\/posts\/83891","targetHints":{"allow":["GET"]}}],"collection":[{"href":"https:\/\/www.lasrosas.com.ar\/portal\/wp-json\/wp\/v2\/posts"}],"about":[{"href":"https:\/\/www.lasrosas.com.ar\/portal\/wp-json\/wp\/v2\/types\/post"}],"author":[{"embeddable":true,"href":"https:\/\/www.lasrosas.com.ar\/portal\/wp-json\/wp\/v2\/users\/6"}],"replies":[{"embeddable":true,"href":"https:\/\/www.lasrosas.com.ar\/portal\/wp-json\/wp\/v2\/comments?post=83891"}],"version-history":[{"count":1,"href":"https:\/\/www.lasrosas.com.ar\/portal\/wp-json\/wp\/v2\/posts\/83891\/revisions"}],"predecessor-version":[{"id":83896,"href":"https:\/\/www.lasrosas.com.ar\/portal\/wp-json\/wp\/v2\/posts\/83891\/revisions\/83896"}],"wp:featuredmedia":[{"embeddable":true,"href":"https:\/\/www.lasrosas.com.ar\/portal\/wp-json\/wp\/v2\/media\/83892"}],"wp:attachment":[{"href":"https:\/\/www.lasrosas.com.ar\/portal\/wp-json\/wp\/v2\/media?parent=83891"}],"wp:term":[{"taxonomy":"category","embeddable":true,"href":"https:\/\/www.lasrosas.com.ar\/portal\/wp-json\/wp\/v2\/categories?post=83891"},{"taxonomy":"post_tag","embeddable":true,"href":"https:\/\/www.lasrosas.com.ar\/portal\/wp-json\/wp\/v2\/tags?post=83891"}],"curies":[{"name":"wp","href":"https:\/\/api.w.org\/{rel}","templated":true}]}}