{"id":83791,"date":"2025-07-28T10:29:15","date_gmt":"2025-07-28T13:29:15","guid":{"rendered":"https:\/\/www.lasrosas.com.ar\/portal\/?p=83791"},"modified":"2025-07-28T10:29:15","modified_gmt":"2025-07-28T13:29:15","slug":"cirugia-para-el-espasmo-hemifacial-una-opcion-en-el-hospital-privado-universitario-de-cordoba","status":"publish","type":"post","link":"https:\/\/www.lasrosas.com.ar\/portal\/cirugia-para-el-espasmo-hemifacial-una-opcion-en-el-hospital-privado-universitario-de-cordoba\/","title":{"rendered":"CIRUG\u00cdA PARA EL ESPASMO HEMIFACIAL: UNA OPCI\u00d3N EN EL HOSPITAL PRIVADO UNIVERSITARIO DE C\u00d3RDOBA"},"content":{"rendered":"<p>En el <a href=\"https:\/\/hospitalprivado.com.ar\/\">Hospital Privado Universitario de C\u00f3rdoba1<\/a> cuentan con especialistas en <a href=\"https:\/\/hospitalprivado.com.ar\/especialidades-medicas\/neurocirugia.html\">Neurocirug\u00eda2<\/a> que realizan de forma habitual un procedimiento de alta complejidad m\u00ednimamente invasivo llamado <strong>descompresi\u00f3n microvascular (MVD) del nervio <\/strong><strong>facial<\/strong>. Esta cirug\u00eda es indicada para pacientes que sufren la compresi\u00f3n de uno o varios nervios a la altura del tronco cerebral, generalmente por una arteria o vena. Este procedimiento alivia la presi\u00f3n sobre el nervio, mejorando de forma significativa los s\u00edntomas y, en muchos casos, solucionando el problema de ra\u00edz.<\/p>\n<p><strong>\u00bfQu\u00e9 es el espasmo hemifacial?<\/strong><\/p>\n<p>El espasmo<strong> hemifacial<\/strong>\u00a0es un trastorno poco com\u00fan que provoca contracciones involuntarias y repetitivas en un solo lado de la cara. Aunque no suele ser doloroso, puede afectar mucho la vida diaria y el estado emocional. Quienes lo padecen a menudo lo describen como un \u00abtic\u00bb facial que se vuelve cada vez m\u00e1s molesto.<\/p>\n<p>Generalmente, el espasmo empieza en el p\u00e1rpado y luego avanza hacia la mejilla o la boca. Al principio, aparece de forma espor\u00e1dica, pero con el tiempo puede volverse constante e interferir con actividades cotidianas como leer, manejar o conversar.<\/p>\n<p><strong>\u00bfPor qu\u00e9 se produce?<\/strong><\/p>\n<p>En la mayor\u00eda de los casos, el espasmo hemifacial ocurre porque una arteria o vena est\u00e1 mal posicionada y presiona constantemente el\u00a0nervio facial. Este nervio es clave para el movimiento de la cara, pero tambi\u00e9n para el gusto, la audici\u00f3n y la producci\u00f3n de l\u00e1grimas. Esta presi\u00f3n constante \u00abirrita\u00bb el nervio, alterando su funcionamiento y generando esos movimientos musculares involuntarios que tanto molestan.<\/p>\n<p>En casos menos frecuentes, la causa puede ser un tumor, una malformaci\u00f3n vascular, un aneurisma o secuelas de una par\u00e1lisis facial anterior.<\/p>\n<p><strong>\u00bfC\u00f3mo se diagnostica?<\/strong><\/p>\n<p>El diagn\u00f3stico del espasmo hemifacial se realiza con una evaluaci\u00f3n cl\u00ednica y una resonancia magn\u00e9tica espec\u00edfica para analizar la relaci\u00f3n entre nervios y vasos sangu\u00edneos. Este estudio permite detectar compresiones vasculares, causa frecuente de la afecci\u00f3n. En algunos casos se suman estudios complementarios para confirmar el diagn\u00f3stico.<\/p>\n<p><strong>\u00bfCu\u00e1l es el tratamiento?<\/strong><\/p>\n<p>El tratamiento del espasmo hemifacial puede abordarse desde dos frentes: <strong>paliativo <\/strong>y <strong>curativo<\/strong>.<\/p>\n<p>Dentro de los <strong>tratamientos paliativos<\/strong>, la opci\u00f3n m\u00e1s frecuente es la aplicaci\u00f3n de toxina botul\u00ednica (b\u00f3tox), que ayuda a controlar los movimientos involuntarios. Este procedimiento es ambulatorio y sus efectos suelen durar entre 3 y 6 meses, dependiendo de cada persona.<\/p>\n<p>En el caso de los<strong> tratamientos curativos<\/strong>, la <strong>descompresi\u00f3n microvascular<\/strong> es la alternativa definitiva y permanente, ya que libera al nervio de la compresi\u00f3n y corrige el origen del trastorno. El \u00e9xito del tratamiento quir\u00fargico a 5 a\u00f1os es mayor al 91% y la tasa de recurrencia son bajas, menor al 5%.<\/p>\n<p>\u201cEs una cirug\u00eda segura y eficaz que ofrece resultados muy positivos para quienes sufren esta condici\u00f3n. Es clave que los pacientes consulten, porque muchas veces desconocen que existe una soluci\u00f3n definitiva\u201d, explica el Dr. Juan Carlos De Battista, jefe del Servicio de Neurocirug\u00eda del Hospital Privado Universitario de C\u00f3rdoba.<\/p>\n<p><strong>Conoc\u00e9 la historia de Cintia, paciente del servicio<\/strong><\/p>\n<p><a href=\"https:\/\/youtu.be\/GN8XI22I_Pk\">https:\/\/youtu.be\/GN8XI22I_Pk<\/a><\/p>\n<p>En el Hospital Privado Universitario de C\u00f3rdoba cuentan con un <strong>equipo de profesionales especializados en neurocirug\u00eda vascular <\/strong>y acceso a tecnolog\u00eda de vanguardia, lo que permite abordar este tipo de procedimientos con los m\u00e1s altos est\u00e1ndares de seguridad y calidad, brindando una alternativa real a quienes padecen estas condiciones<\/p>\n<p><a href=\"https:\/\/hospitalprivado.com.ar\/\">https:\/\/hospitalprivado.com.ar\/<\/a><\/p>\n<!-- AddThis Advanced Settings generic via filter on the_content --><!-- AddThis Share Buttons generic via filter on the_content -->","protected":false},"excerpt":{"rendered":"<p>En el Hospital Privado Universitario de C\u00f3rdoba1 cuentan con especialistas en Neurocirug\u00eda2 que realizan de forma habitual un procedimiento de alta complejidad m\u00ednimamente invasivo llamado descompresi\u00f3n microvascular (MVD) del nervio facial. Esta cirug\u00eda es indicada para pacientes que sufren la compresi\u00f3n de uno o varios nervios a la altura del tronco cerebral, generalmente por una [&hellip;]<!-- AddThis Advanced Settings generic via filter on get_the_excerpt --><!-- AddThis Share Buttons generic via filter on get_the_excerpt --><\/p>\n","protected":false},"author":6,"featured_media":83792,"comment_status":"closed","ping_status":"open","sticky":false,"template":"","format":"standard","meta":{"_acf_changed":false,"om_disable_all_campaigns":false,"_monsterinsights_skip_tracking":false,"_monsterinsights_sitenote_active":false,"_monsterinsights_sitenote_note":"","_monsterinsights_sitenote_category":0,"_uf_show_specific_survey":0,"_uf_disable_surveys":false,"footnotes":""},"categories":[100],"tags":[],"class_list":["post-83791","post","type-post","status-publish","format-standard","has-post-thumbnail","hentry","category-noticias"],"acf":[],"aioseo_notices":[],"_links":{"self":[{"href":"https:\/\/www.lasrosas.com.ar\/portal\/wp-json\/wp\/v2\/posts\/83791","targetHints":{"allow":["GET"]}}],"collection":[{"href":"https:\/\/www.lasrosas.com.ar\/portal\/wp-json\/wp\/v2\/posts"}],"about":[{"href":"https:\/\/www.lasrosas.com.ar\/portal\/wp-json\/wp\/v2\/types\/post"}],"author":[{"embeddable":true,"href":"https:\/\/www.lasrosas.com.ar\/portal\/wp-json\/wp\/v2\/users\/6"}],"replies":[{"embeddable":true,"href":"https:\/\/www.lasrosas.com.ar\/portal\/wp-json\/wp\/v2\/comments?post=83791"}],"version-history":[{"count":1,"href":"https:\/\/www.lasrosas.com.ar\/portal\/wp-json\/wp\/v2\/posts\/83791\/revisions"}],"predecessor-version":[{"id":83793,"href":"https:\/\/www.lasrosas.com.ar\/portal\/wp-json\/wp\/v2\/posts\/83791\/revisions\/83793"}],"wp:featuredmedia":[{"embeddable":true,"href":"https:\/\/www.lasrosas.com.ar\/portal\/wp-json\/wp\/v2\/media\/83792"}],"wp:attachment":[{"href":"https:\/\/www.lasrosas.com.ar\/portal\/wp-json\/wp\/v2\/media?parent=83791"}],"wp:term":[{"taxonomy":"category","embeddable":true,"href":"https:\/\/www.lasrosas.com.ar\/portal\/wp-json\/wp\/v2\/categories?post=83791"},{"taxonomy":"post_tag","embeddable":true,"href":"https:\/\/www.lasrosas.com.ar\/portal\/wp-json\/wp\/v2\/tags?post=83791"}],"curies":[{"name":"wp","href":"https:\/\/api.w.org\/{rel}","templated":true}]}}