{"id":83731,"date":"2025-07-21T12:35:00","date_gmt":"2025-07-21T15:35:00","guid":{"rendered":"https:\/\/www.lasrosas.com.ar\/portal\/?p=83731"},"modified":"2025-07-21T12:40:23","modified_gmt":"2025-07-21T15:40:23","slug":"anemia-en-el-embarazo-abordaje-integral-en-hospital-privado","status":"publish","type":"post","link":"https:\/\/www.lasrosas.com.ar\/portal\/anemia-en-el-embarazo-abordaje-integral-en-hospital-privado\/","title":{"rendered":"ANEMIA EN EL EMBARAZO: ABORDAJE INTEGRAL EN HOSPITAL PRIVADO"},"content":{"rendered":"<p>En el Hospital Privado Universitario de C\u00f3rdoba realizan un abordaje integral para prevenir, diagnosticar y tratar la anemia durante el embarazo y el postparto. El servicio de Ginecolog\u00eda y Obstetricia trabaja en conjunto con el equipo de Hematolog\u00eda para acompa\u00f1ar a cada paciente con controles personalizados, estudios de laboratorio y tratamiento oportuno.<\/p>\n<p><strong>\u00bfQu\u00e9 es la anemia?<\/strong><\/p>\n<p>La anemia es una afecci\u00f3n en la que el cuerpo no tiene suficientes gl\u00f3bulos rojos sanos para transportar ox\u00edgeno de manera adecuada. Durante el embarazo, la necesidad de hierro y otros nutrientes aumenta, y es com\u00fan que muchas mujeres presenten una disminuci\u00f3n en los niveles de hemoglobina. Aunque puede ser leve, si no se detecta y trata a tiempo, la anemia puede derivar en complicaciones tanto para la madre como para el beb\u00e9.<\/p>\n<p><strong>\u00bfCu\u00e1les son los s\u00edntomas de la anemia?<\/strong><\/p>\n<p>En muchos casos, la anemia en el embarazo puede pasar desapercibida, especialmente en sus primeras etapas. Sin embargo, es importante prestar atenci\u00f3n a s\u00edntomas como:<br \/>\n\uf0b7 Cansancio o debilidad constante<br \/>\n\uf0b7 Palidez en la piel<br \/>\n\uf0b7 Mareos o sensaci\u00f3n de desmayo<br \/>\n\uf0b7 Palpitaciones o ritmo card\u00edaco acelerado<br \/>\n\uf0b7 Dificultad para respirar al hacer esfuerzos leves<br \/>\n\uf0b7 Problemas de concentraci\u00f3n o somnolencia<br \/>\nSi aparecen estos s\u00edntomas, es importante consultar al equipo m\u00e9dico para una evaluaci\u00f3n adecuada.<\/p>\n<p><strong>\u00bfC\u00f3mo se diagnostica la anemia?<\/strong><\/p>\n<p>La detecci\u00f3n de la anemia forma parte de los controles prenatales habituales realizados por el Servicio de Ginecolog\u00eda y Obstetricia. El screening se realiza, en general, en el primer trimestre del embarazo y se repite en distintos momentos de la gestaci\u00f3n para hacer un seguimiento continuo de los valores hematol\u00f3gicos de la paciente.<\/p>\n<p>El estudio principal es un an\u00e1lisis de sangre, que permite evaluar los niveles de hemoglobina y otros par\u00e1metros vinculados a la funci\u00f3n de los gl\u00f3bulos rojos. En algunos casos, se solicitan an\u00e1lisis complementarios para identificar deficiencias espec\u00edficas, como<br \/>\nhierro, vitamina B12 o \u00e1cido f\u00f3lico. Este enfoque permite detectar la anemia de manera temprana, incluso antes de que se manifiesten s\u00edntomas, y realizar la derivaci\u00f3n al Servicio de Hematolog\u00eda. De esta forma, se establece un plan de tratamiento adaptado a las<br \/>\nnecesidades individuales de cada paciente. El trabajo conjunto entre ambas especialidades permite actuar a tiempo, prevenir posibles complicaciones y brindar un acompa\u00f1amiento integral durante todo el embarazo y el postparto.<\/p>\n<p><strong>Tratamiento de la anemia<\/strong><\/p>\n<p>El tratamiento depende del tipo y la gravedad de la anemia. En muchos casos, se requiere la intervenci\u00f3n del Servicio de Hematolog\u00eda con indicaciones m\u00e1s espec\u00edficas como la administraci\u00f3n de medicaci\u00f3n endovenosa. El seguimiento conjunto de ambos servicios<br \/>\npermite adaptar el tratamiento a la evoluci\u00f3n cl\u00ednica de cada persona gestante.<\/p>\n<p><strong>\u00bfQu\u00e9 complicaciones puede causar la anemia no tratada durante el embarazo?<\/strong><\/p>\n<p>Cuando la anemia no se detecta o no recibe el tratamiento adecuado, pueden presentarse complicaciones como:<br \/>\n\uf0b7 Trabajo de parto prematuro<br \/>\n\uf0b7 Mayor p\u00e9rdida de sangre durante el parto<br \/>\n\uf0b7 Bajo peso del beb\u00e9 al nacer<br \/>\n\uf0b7 Anemia en el reci\u00e9n nacido<br \/>\n\uf0b7 Retrasos en el desarrollo del beb\u00e9<\/p>\n<p>Estas posibles consecuencias refuerzan la importancia de un control prenatal completo y de calidad.<\/p>\n<p><strong>\u00bfC\u00f3mo prevenir la anemia durante el embarazo?<\/strong><\/p>\n<p>La prevenci\u00f3n de la anemia comienza incluso antes del embarazo y se sostiene a lo largo de toda la gestaci\u00f3n. Durante el embarazo, el equipo m\u00e9dico puede indicar suplementos v\u00eda oral para cubrir las necesidades nutricionales aumentadas. Es importante seguir estas indicaciones y no automedicarse. Adem\u00e1s, se aconseja evitar el consumo de t\u00e9 o caf\u00e9 junto con las comidas, ya que pueden dificultar la absorci\u00f3n del hierro.<\/p>\n<p>\u00a1Te invitamos a ver el siguiente video!<\/p>\n<p><a href=\"https:\/\/www.youtube.com\/embed\/0fB1hcQUA-k\">Consultorio de anemia en el embarazo &#8211; YouTube<\/a><\/p>\n<p>Con este enfoque interdisciplinario, el Hospital Privado Universitario de C\u00f3rdoba refuerza su compromiso con la atenci\u00f3n integral y segura de la salud materna.<br \/>\nLa prevenci\u00f3n, el diagn\u00f3stico temprano y el tratamiento adecuado de la anemia son claves para un embarazo saludable y sin complicaciones.<\/p>\n<p><strong>Para m\u00e1s informaci\u00f3n o para solicitar una consulta con el equipo m\u00e9dico, pod\u00e9s comunicarte:<\/strong><br \/>\n&#8211; <strong>Sede Central<\/strong>: Tel\u00e9fono 0351-4688200 &#8211; Interno 272<br \/>\nE-mail: oncohematologia@hospitalprivadosa.com.ar<br \/>\n&#8211; <strong>Sede N\u00fa\u00f1ez:<\/strong> Tel\u00e9fono 0351-4688200 &#8211; Interno 5054<br \/>\nE-mail: centrodeoncologianunez@hospitalprivadosa.com.ar<\/p>\n<!-- AddThis Advanced Settings generic via filter on the_content --><!-- AddThis Share Buttons generic via filter on the_content -->","protected":false},"excerpt":{"rendered":"<p>En el Hospital Privado Universitario de C\u00f3rdoba realizan un abordaje integral para prevenir, diagnosticar y tratar la anemia durante el embarazo y el postparto. El servicio de Ginecolog\u00eda y Obstetricia trabaja en conjunto con el equipo de Hematolog\u00eda para acompa\u00f1ar a cada paciente con controles personalizados, estudios de laboratorio y tratamiento oportuno. \u00bfQu\u00e9 es la [&hellip;]<!-- AddThis Advanced Settings generic via filter on get_the_excerpt --><!-- AddThis Share Buttons generic via filter on get_the_excerpt --><\/p>\n","protected":false},"author":6,"featured_media":83732,"comment_status":"closed","ping_status":"open","sticky":false,"template":"","format":"standard","meta":{"_acf_changed":false,"om_disable_all_campaigns":false,"_monsterinsights_skip_tracking":false,"_monsterinsights_sitenote_active":false,"_monsterinsights_sitenote_note":"","_monsterinsights_sitenote_category":0,"_uf_show_specific_survey":0,"_uf_disable_surveys":false,"footnotes":""},"categories":[100],"tags":[1367,503,502,679,291],"class_list":["post-83731","post","type-post","status-publish","format-standard","has-post-thumbnail","hentry","category-noticias","tag-anemia","tag-embarazo","tag-hospital","tag-privado","tag-salud"],"acf":[],"aioseo_notices":[],"_links":{"self":[{"href":"https:\/\/www.lasrosas.com.ar\/portal\/wp-json\/wp\/v2\/posts\/83731","targetHints":{"allow":["GET"]}}],"collection":[{"href":"https:\/\/www.lasrosas.com.ar\/portal\/wp-json\/wp\/v2\/posts"}],"about":[{"href":"https:\/\/www.lasrosas.com.ar\/portal\/wp-json\/wp\/v2\/types\/post"}],"author":[{"embeddable":true,"href":"https:\/\/www.lasrosas.com.ar\/portal\/wp-json\/wp\/v2\/users\/6"}],"replies":[{"embeddable":true,"href":"https:\/\/www.lasrosas.com.ar\/portal\/wp-json\/wp\/v2\/comments?post=83731"}],"version-history":[{"count":1,"href":"https:\/\/www.lasrosas.com.ar\/portal\/wp-json\/wp\/v2\/posts\/83731\/revisions"}],"predecessor-version":[{"id":83733,"href":"https:\/\/www.lasrosas.com.ar\/portal\/wp-json\/wp\/v2\/posts\/83731\/revisions\/83733"}],"wp:featuredmedia":[{"embeddable":true,"href":"https:\/\/www.lasrosas.com.ar\/portal\/wp-json\/wp\/v2\/media\/83732"}],"wp:attachment":[{"href":"https:\/\/www.lasrosas.com.ar\/portal\/wp-json\/wp\/v2\/media?parent=83731"}],"wp:term":[{"taxonomy":"category","embeddable":true,"href":"https:\/\/www.lasrosas.com.ar\/portal\/wp-json\/wp\/v2\/categories?post=83731"},{"taxonomy":"post_tag","embeddable":true,"href":"https:\/\/www.lasrosas.com.ar\/portal\/wp-json\/wp\/v2\/tags?post=83731"}],"curies":[{"name":"wp","href":"https:\/\/api.w.org\/{rel}","templated":true}]}}