{"id":83654,"date":"2025-07-14T10:01:46","date_gmt":"2025-07-14T13:01:46","guid":{"rendered":"https:\/\/www.lasrosas.com.ar\/portal\/?p=83654"},"modified":"2025-07-14T10:01:46","modified_gmt":"2025-07-14T13:01:46","slug":"la-orquesta-estable-del-teatro-colon-continua-celebrando-sus-100-anos-con-un-concierto-dirigido-por-erik-nielsen","status":"publish","type":"post","link":"https:\/\/www.lasrosas.com.ar\/portal\/la-orquesta-estable-del-teatro-colon-continua-celebrando-sus-100-anos-con-un-concierto-dirigido-por-erik-nielsen\/","title":{"rendered":"LA ORQUESTA ESTABLE DEL TEATRO COL\u00d3N CONTIN\u00daA CELEBRANDO SUS 100 A\u00d1OS CON UN CONCIERTO DIRIGIDO POR ERIK NIELSEN"},"content":{"rendered":"<p style=\"font-weight: 400;\">El\u00a0<strong>domingo 20 de julio a las 17:00 horas<\/strong>, la\u00a0<strong>Orquesta Estable del Teatro Col\u00f3n\u00a0<\/strong>sigue celebrando su siglo de historia y excelencia con un concierto que tendr\u00e1 la direcci\u00f3n musical de\u00a0<strong>Erik Nielsen<\/strong>\u00a0junto a la actuaci\u00f3n como solista del violinista y concertino de la Orquesta\u00a0<strong>Freddy Varela Montero<\/strong>.<\/p>\n<p style=\"font-weight: 400;\">El programa musical incluir\u00e1 la\u00a0<em>Obertura La consagraci\u00f3n de la casa, op. 124<\/em>\u00a0de\u00a0<strong>Ludwig van Beethoven;\u00a0<\/strong>el\u00a0<em>Concierto para viol\u00edn y orquesta n\u00ba 2 en sol menor, op. 63\u00a0<\/em>de\u00a0<strong>Sergei Prokofiev\u00a0<\/strong>y la<strong>\u00a0<\/strong><em>Sinfon\u00eda n\u00ba 3 en mi bemol mayor, op. 97, \u00abRenana\u00bb de\u00a0<\/em><strong>Robert Schumann.<\/p>\n<p><\/strong><\/p>\n<p style=\"font-weight: 400;\"><strong>Las localidades se podr\u00e1n adquirir en la boleter\u00eda del Teatro Col\u00f3n, Tucum\u00e1n 1171 de lunes a s\u00e1bado de 09:00 a 20:00 horas y los domingos de 09:00 a 17:00 horas.<\/strong><\/p>\n<p style=\"font-weight: 400;\"><strong>O por Internet ingresando\u00a0<\/strong><a href=\"http:\/\/www.teatrocolon.org.ar\/\" data-saferedirecturl=\"https:\/\/www.google.com\/url?q=http:\/\/www.teatrocolon.org.ar\/&amp;source=gmail&amp;ust=1752582720164000&amp;usg=AOvVaw0-XRgIc9JT8Iertt5NuZWR\"><strong>www.teatrocolon.org.ar<\/strong><\/a><strong><u>.<\/u><\/strong><\/p>\n<p style=\"font-weight: 400;\">Desde su creaci\u00f3n en 1925, la Orquesta ha sido el pilar fundamental de las producciones de \u00f3pera, ballet y conciertos sinf\u00f3nicos, consolidando al\u00a0<strong>Teatro Col\u00f3n\u00a0<\/strong>como un referente indiscutido de la m\u00fasica cl\u00e1sica.\u00a0Con una temporada-aniversario que sumar\u00e1 a notables directores y solistas invitados, la\u00a0<strong>Orquesta Estable<\/strong>\u00a0sella su compromiso con el legado y el futuro, con el talento y la pasi\u00f3n de varias generaciones de artistas.<\/p>\n<p style=\"font-weight: 400;\">A lo largo de estos 100 a\u00f1os, la Orquesta Estable ha sido dirigida por batutas legendarias, ha acompa\u00f1ado a los m\u00e1s grandes artistas del mundo y ha llevado su arte m\u00e1s all\u00e1 de las fronteras del teatro, en prestigiosos escenarios internacionales. Su evoluci\u00f3n constante la ha convertido en un tesoro del Teatro Col\u00f3n y en un emblema del arte argentino.<\/p>\n<p style=\"font-weight: 400;\">Este centenario es mucho m\u00e1s que una celebraci\u00f3n: es la reafirmaci\u00f3n de un legado y la proyecci\u00f3n de un futuro. Un homenaje a quienes hicieron posible este sue\u00f1o y a quienes, con talento, pasi\u00f3n y compromiso, contin\u00faan escribiendo su historia.<\/p>\n<p style=\"font-weight: 400; text-align: center;\"><strong><u>Programa Musical<\/u><\/strong><\/p>\n<p style=\"font-weight: 400; text-align: center;\">Parte I<\/p>\n<p style=\"font-weight: 400; text-align: center;\"><strong>Ludwig van Beethoven<br \/>\n(1770-1827)<br \/>\n<\/strong><em>Obertura La consagraci\u00f3n de la casa, op. 124<\/em><\/p>\n<p style=\"font-weight: 400; text-align: center;\"><strong>Sergei Prokofiev<br \/>\n(1891-1953)<\/strong><br \/>\n<em>Concierto para viol\u00edn y orquesta n\u00ba 2 en sol menor, op. 63<br \/>\n<\/em>I Allegro moderato<br \/>\nII Andante assai<br \/>\nIII Allegro ben marcato<\/p>\n<p style=\"font-weight: 400; text-align: center;\"><em>Parte II<\/em><\/p>\n<p style=\"font-weight: 400; text-align: center;\"><strong>Robert Schumann<br \/>\n(1810-1856)<br \/>\n<\/strong><em>Sinfon\u00eda n\u00ba 3 en mi bemol mayor, op. 97, \u00abRenana\u00bb<br \/>\n<\/em>I Lebhaft<br \/>\nII Scherzo<br \/>\nIII Nicht schnell<br \/>\nIV Feierlich<br \/>\nV Lebhaft<\/p>\n<!-- AddThis Advanced Settings generic via filter on the_content --><!-- AddThis Share Buttons generic via filter on the_content -->","protected":false},"excerpt":{"rendered":"<p>El\u00a0domingo 20 de julio a las 17:00 horas, la\u00a0Orquesta Estable del Teatro Col\u00f3n\u00a0sigue celebrando su siglo de historia y excelencia con un concierto que tendr\u00e1 la direcci\u00f3n musical de\u00a0Erik Nielsen\u00a0junto a la actuaci\u00f3n como solista del violinista y concertino de la Orquesta\u00a0Freddy Varela Montero. El programa musical incluir\u00e1 la\u00a0Obertura La consagraci\u00f3n de la casa, op. [&hellip;]<!-- AddThis Advanced Settings generic via filter on get_the_excerpt --><!-- AddThis Share Buttons generic via filter on get_the_excerpt --><\/p>\n","protected":false},"author":6,"featured_media":83655,"comment_status":"closed","ping_status":"open","sticky":false,"template":"","format":"standard","meta":{"_acf_changed":false,"om_disable_all_campaigns":false,"_monsterinsights_skip_tracking":false,"_monsterinsights_sitenote_active":false,"_monsterinsights_sitenote_note":"","_monsterinsights_sitenote_category":0,"_uf_show_specific_survey":0,"_uf_disable_surveys":false,"footnotes":""},"categories":[100],"tags":[1361,1365,454],"class_list":["post-83654","post","type-post","status-publish","format-standard","has-post-thumbnail","hentry","category-noticias","tag-colon","tag-orquesta","tag-teatro"],"acf":[],"aioseo_notices":[],"_links":{"self":[{"href":"https:\/\/www.lasrosas.com.ar\/portal\/wp-json\/wp\/v2\/posts\/83654","targetHints":{"allow":["GET"]}}],"collection":[{"href":"https:\/\/www.lasrosas.com.ar\/portal\/wp-json\/wp\/v2\/posts"}],"about":[{"href":"https:\/\/www.lasrosas.com.ar\/portal\/wp-json\/wp\/v2\/types\/post"}],"author":[{"embeddable":true,"href":"https:\/\/www.lasrosas.com.ar\/portal\/wp-json\/wp\/v2\/users\/6"}],"replies":[{"embeddable":true,"href":"https:\/\/www.lasrosas.com.ar\/portal\/wp-json\/wp\/v2\/comments?post=83654"}],"version-history":[{"count":1,"href":"https:\/\/www.lasrosas.com.ar\/portal\/wp-json\/wp\/v2\/posts\/83654\/revisions"}],"predecessor-version":[{"id":83656,"href":"https:\/\/www.lasrosas.com.ar\/portal\/wp-json\/wp\/v2\/posts\/83654\/revisions\/83656"}],"wp:featuredmedia":[{"embeddable":true,"href":"https:\/\/www.lasrosas.com.ar\/portal\/wp-json\/wp\/v2\/media\/83655"}],"wp:attachment":[{"href":"https:\/\/www.lasrosas.com.ar\/portal\/wp-json\/wp\/v2\/media?parent=83654"}],"wp:term":[{"taxonomy":"category","embeddable":true,"href":"https:\/\/www.lasrosas.com.ar\/portal\/wp-json\/wp\/v2\/categories?post=83654"},{"taxonomy":"post_tag","embeddable":true,"href":"https:\/\/www.lasrosas.com.ar\/portal\/wp-json\/wp\/v2\/tags?post=83654"}],"curies":[{"name":"wp","href":"https:\/\/api.w.org\/{rel}","templated":true}]}}