{"id":83554,"date":"2025-07-04T12:36:35","date_gmt":"2025-07-04T15:36:35","guid":{"rendered":"https:\/\/www.lasrosas.com.ar\/portal\/?p=83554"},"modified":"2025-07-04T12:36:35","modified_gmt":"2025-07-04T15:36:35","slug":"festival-montana-18-de-octubre-2025-en-el-multiespacio-cultural-lujan-de-cuyo","status":"publish","type":"post","link":"https:\/\/www.lasrosas.com.ar\/portal\/festival-montana-18-de-octubre-2025-en-el-multiespacio-cultural-lujan-de-cuyo\/","title":{"rendered":"FESTIVAL MONTA\u00d1A: 18 DE OCTUBRE 2025 EN EL MULTIESPACIO CULTURAL LUJ\u00c1N DE CUYO"},"content":{"rendered":"<p><em><strong>El s\u00e1bado 18 de octubre, Mendoza vivir\u00e1 una nueva experiencia cultural y musical con la llegada la edici\u00f3n lanzamiento del Festival Monta\u00f1a. El encuentro ser\u00e1 a partir de las 16.30 horas, en el Multiespacio Cultural Luj\u00e1n de Cuyo.<\/strong><\/em><\/p>\n<p style=\"text-align: center;\"><strong>PREVENTA EXCLUSIVA GALICIA VISA &#8211; LUNES 7 DE JULIO 12 HS<\/strong><br \/>\n<strong>6 cuotas sin inter\u00e9s con Galicia visa (hasta agotar stock)<br \/>\n<\/strong><br \/>\n<strong>VENTA GENERAL &#8211; MARTES 8 DE JULIO 12<\/strong><br \/>\n<strong>Con todos los medios de pago y contin\u00faa el beneficio de<\/strong><br \/>\n<strong>6 cuotas sin inter\u00e9s con Galicia visa<br \/>\n<\/strong><br \/>\n<strong>Venta oficial \u00fanicamente por:<\/strong><br \/>\n<strong>tuentrada.com<\/strong><\/p>\n<p><img decoding=\"async\" class=\"wp-image-83557 aligncenter lazyload\" data-src=\"https:\/\/www.lasrosas.com.ar\/portal\/wp-content\/uploads\/WhatsApp-Image-2025-07-04-at-12.33.14.jpeg\" alt=\"\" width=\"1009\" height=\"1260\" data-srcset=\"https:\/\/www.lasrosas.com.ar\/portal\/wp-content\/uploads\/WhatsApp-Image-2025-07-04-at-12.33.14.jpeg 1080w, https:\/\/www.lasrosas.com.ar\/portal\/wp-content\/uploads\/WhatsApp-Image-2025-07-04-at-12.33.14-769x960.jpeg 769w\" data-sizes=\"(max-width: 1009px) 100vw, 1009px\" src=\"data:image\/svg+xml;base64,PHN2ZyB3aWR0aD0iMSIgaGVpZ2h0PSIxIiB4bWxucz0iaHR0cDovL3d3dy53My5vcmcvMjAwMC9zdmciPjwvc3ZnPg==\" style=\"--smush-placeholder-width: 1009px; --smush-placeholder-aspect-ratio: 1009\/1260;\" \/><\/p>\n<p><strong>Del rock al trap: un line-up que une generaciones y estilos<\/strong><\/p>\n<p>Con una impronta contempor\u00e1nea y local, el festival busca consolidarse como un encuentro nacional que celebra el paisaje, la m\u00fasica y la energ\u00eda de la provincia, con la presencia de artistas nacionales e internacionales.<\/p>\n<p>El line-up de este debut no se guarda nada: desde Uruguay, No Te Va Gustar dir\u00e1 presente con su rock rioplatense y canciones que ya son himnos generacionales con 30 a\u00f1os de camino en la m\u00fasica.<\/p>\n<p>Otra de las figuras es Trueno, referente del rap y trap argentino regresa a Mendoza despu\u00e9s de dos a\u00f1os, para encabezar la jornada con un show cargado de fuerza, l\u00edrica y beats con su logrado disco \u201cEl \u00daltimo Baile\u201d. La presentaci\u00f3n de Dillom, el artista que rompi\u00f3 los moldes de la escena alternativa con su provocador estilo y potente puesta en escena es una de las grandes apuestas.<\/p>\n<p>El Kuelgue forma el line up del monta\u00f1a. Liderado por Juli\u00e1n Kartun, regresan a Mendoza con su estilo festivo, para recorrer parte de su exitoso disco \u201cHola Precioso\u201d. Adem\u00e1s el show de la banda platense Cruzando el Charco, los referentes del rock electr\u00f3nico Peces Raros y la cantautora cordobesa Zoe Gotusso sonar\u00e1n en la jornada.<\/p>\n<p>Desde Chile, el grupo Ni\u00f1os del Cerro aportar\u00e1 el sonido indie al festival. Al igual que la presencia de dos j\u00f3venes de la escena emergente, la cantante mendocina La Blunty y la multifac\u00e9tica Magnolia Monti.<\/p>\n<p><img decoding=\"async\" class=\"wp-image-83556 aligncenter lazyload\" data-src=\"https:\/\/www.lasrosas.com.ar\/portal\/wp-content\/uploads\/WhatsApp-Image-2025-07-04-at-12.32.23.jpeg\" alt=\"\" width=\"1004\" height=\"1254\" data-srcset=\"https:\/\/www.lasrosas.com.ar\/portal\/wp-content\/uploads\/WhatsApp-Image-2025-07-04-at-12.32.23.jpeg 1080w, https:\/\/www.lasrosas.com.ar\/portal\/wp-content\/uploads\/WhatsApp-Image-2025-07-04-at-12.32.23-769x960.jpeg 769w\" data-sizes=\"(max-width: 1004px) 100vw, 1004px\" src=\"data:image\/svg+xml;base64,PHN2ZyB3aWR0aD0iMSIgaGVpZ2h0PSIxIiB4bWxucz0iaHR0cDovL3d3dy53My5vcmcvMjAwMC9zdmciPjwvc3ZnPg==\" style=\"--smush-placeholder-width: 1004px; --smush-placeholder-aspect-ratio: 1004\/1254;\" \/><\/p>\n<p><strong>Un esp\u00edritu que conecta con lo esencial<\/strong><\/p>\n<p>Festival Monta\u00f1a nace con la intenci\u00f3n de consolidarse como el festival de m\u00fasica m\u00e1s importante de Mendoza.<\/p>\n<p>Una nueva experiencia al aire libre que se presenta como punto de encuentro entre lo natural y lo urbano, entre las ra\u00edces locales y la m\u00fasica que nos conecta con lo latinoamericano.<\/p>\n<p>Con una propuesta contempor\u00e1nea, el festival re\u00fane grandes artistas, una feria de vinos, propuestas gastron\u00f3micas y actividades en un espacio abierto pensado para compartir y disfrutar.<\/p>\n<p>Festival Monta\u00f1a bajo la producci\u00f3n de En Vivo Producciones, Produce Crack y Popart Discos busca dejar una huella musical, sensitiva y cultural que se convierte en cumbre de emociones, y promete consolidarse en la agenda de los festivales m\u00e1s importantes de la regi\u00f3n.<\/p>\n<p><strong><em>El 18 de octubre, el Monta\u00f1a se pone lindo y Mendoza suena en lo alto.<\/em><\/strong><\/p>\n<!-- AddThis Advanced Settings generic via filter on the_content --><!-- AddThis Share Buttons generic via filter on the_content -->","protected":false},"excerpt":{"rendered":"<p>El s\u00e1bado 18 de octubre, Mendoza vivir\u00e1 una nueva experiencia cultural y musical con la llegada la edici\u00f3n lanzamiento del Festival Monta\u00f1a. El encuentro ser\u00e1 a partir de las 16.30 horas, en el Multiespacio Cultural Luj\u00e1n de Cuyo. PREVENTA EXCLUSIVA GALICIA VISA &#8211; LUNES 7 DE JULIO 12 HS 6 cuotas sin inter\u00e9s con Galicia [&hellip;]<!-- AddThis Advanced Settings generic via filter on get_the_excerpt --><!-- AddThis Share Buttons generic via filter on get_the_excerpt --><\/p>\n","protected":false},"author":6,"featured_media":83555,"comment_status":"closed","ping_status":"open","sticky":false,"template":"","format":"standard","meta":{"_acf_changed":false,"om_disable_all_campaigns":false,"_monsterinsights_skip_tracking":false,"_monsterinsights_sitenote_active":false,"_monsterinsights_sitenote_note":"","_monsterinsights_sitenote_category":0,"_uf_show_specific_survey":0,"_uf_disable_surveys":false,"footnotes":""},"categories":[100,25],"tags":[510,1358,225,160,460],"class_list":["post-83554","post","type-post","status-publish","format-standard","has-post-thumbnail","hentry","category-noticias","category-radio","tag-concierto","tag-dillom","tag-musica","tag-radio","tag-show"],"acf":[],"aioseo_notices":[],"_links":{"self":[{"href":"https:\/\/www.lasrosas.com.ar\/portal\/wp-json\/wp\/v2\/posts\/83554","targetHints":{"allow":["GET"]}}],"collection":[{"href":"https:\/\/www.lasrosas.com.ar\/portal\/wp-json\/wp\/v2\/posts"}],"about":[{"href":"https:\/\/www.lasrosas.com.ar\/portal\/wp-json\/wp\/v2\/types\/post"}],"author":[{"embeddable":true,"href":"https:\/\/www.lasrosas.com.ar\/portal\/wp-json\/wp\/v2\/users\/6"}],"replies":[{"embeddable":true,"href":"https:\/\/www.lasrosas.com.ar\/portal\/wp-json\/wp\/v2\/comments?post=83554"}],"version-history":[{"count":1,"href":"https:\/\/www.lasrosas.com.ar\/portal\/wp-json\/wp\/v2\/posts\/83554\/revisions"}],"predecessor-version":[{"id":83558,"href":"https:\/\/www.lasrosas.com.ar\/portal\/wp-json\/wp\/v2\/posts\/83554\/revisions\/83558"}],"wp:featuredmedia":[{"embeddable":true,"href":"https:\/\/www.lasrosas.com.ar\/portal\/wp-json\/wp\/v2\/media\/83555"}],"wp:attachment":[{"href":"https:\/\/www.lasrosas.com.ar\/portal\/wp-json\/wp\/v2\/media?parent=83554"}],"wp:term":[{"taxonomy":"category","embeddable":true,"href":"https:\/\/www.lasrosas.com.ar\/portal\/wp-json\/wp\/v2\/categories?post=83554"},{"taxonomy":"post_tag","embeddable":true,"href":"https:\/\/www.lasrosas.com.ar\/portal\/wp-json\/wp\/v2\/tags?post=83554"}],"curies":[{"name":"wp","href":"https:\/\/api.w.org\/{rel}","templated":true}]}}