{"id":83513,"date":"2025-07-01T09:54:33","date_gmt":"2025-07-01T12:54:33","guid":{"rendered":"https:\/\/www.lasrosas.com.ar\/portal\/?p=83513"},"modified":"2025-07-01T10:22:16","modified_gmt":"2025-07-01T13:22:16","slug":"ultra-buenos-aires-anuncia-su-sexta-edicion-y-lanza-la-venta-de-entradas-para-2026","status":"publish","type":"post","link":"https:\/\/www.lasrosas.com.ar\/portal\/ultra-buenos-aires-anuncia-su-sexta-edicion-y-lanza-la-venta-de-entradas-para-2026\/","title":{"rendered":"ULTRA BUENOS AIRES ANUNCIA SU SEXTA EDICI\u00d3N Y LANZA LA VENTA DE ENTRADAS PARA 2026"},"content":{"rendered":"<p>Tras una edici\u00f3n inolvidable en 2025 que reuni\u00f3 a m\u00e1s de 80.000 asistentes durante el fin de semana y present\u00f3 a artistas de talla mundial como Anyma, Martin Garrix, Boris Brejcha, Axwell, Adam Beyer, ARTBAT, Miss Monique y Afrojack, ULTRA Buenos Aires confirma su regreso en 2026 para celebrar su sexta edici\u00f3n.<\/p>\n<p style=\"text-align: center;\"><strong>Viernes 14 de febrero | S\u00e1bado 15 de febrero de 2026<\/strong><br \/>\n<strong>Parque de la Ciudad, Buenos Aires, Argentina<\/strong><\/p>\n<p style=\"text-align: center;\"><strong>ENTRADAS A LA VENTA DESDE EL MI\u00c9RCOLES 2 DE JULIO A<\/strong><br \/>\n<strong>TRAV\u00c9S DE ULTRABUENOSAIRES.COM<\/strong><\/p>\n<p><img decoding=\"async\" class=\"wp-image-83515 aligncenter lazyload\" data-src=\"https:\/\/www.lasrosas.com.ar\/portal\/wp-content\/uploads\/ULTRABA2025_0418_193941-3144_ALIVE-1-scaled.jpg\" alt=\"\" width=\"1667\" height=\"1112\" data-srcset=\"https:\/\/www.lasrosas.com.ar\/portal\/wp-content\/uploads\/ULTRABA2025_0418_193941-3144_ALIVE-1-scaled.jpg 2048w, https:\/\/www.lasrosas.com.ar\/portal\/wp-content\/uploads\/ULTRABA2025_0418_193941-3144_ALIVE-1-960x640.jpg 960w, https:\/\/www.lasrosas.com.ar\/portal\/wp-content\/uploads\/ULTRABA2025_0418_193941-3144_ALIVE-1-1920x1280.jpg 1920w, https:\/\/www.lasrosas.com.ar\/portal\/wp-content\/uploads\/ULTRABA2025_0418_193941-3144_ALIVE-1-1536x1024.jpg 1536w\" data-sizes=\"(max-width: 1667px) 100vw, 1667px\" src=\"data:image\/svg+xml;base64,PHN2ZyB3aWR0aD0iMSIgaGVpZ2h0PSIxIiB4bWxucz0iaHR0cDovL3d3dy53My5vcmcvMjAwMC9zdmciPjwvc3ZnPg==\" style=\"--smush-placeholder-width: 1667px; --smush-placeholder-aspect-ratio: 1667\/1112;\" \/><\/p>\n<p>ULTRA Buenos Aires 2026 volver\u00e1 a transformar Buenos Aires en el epicentro de la escena global de la m\u00fasica electr\u00f3nica el viernes 14 y s\u00e1bado 15 de febrero de 2026, en el ic\u00f3nico Parque de la Ciudad. La sexta edici\u00f3n promete una experiencia de dos d\u00edas inigualable, con una producci\u00f3n de vanguardia, escenarios de nivel mundial y un line-up cuidadosamente seleccionado con los mejores talentos internacionales y regionales, manteniendo los altos est\u00e1ndares que definen a ULTRA Worldwide.<\/p>\n<p>Bas\u00e1ndose en el enorme \u00e9xito de su edici\u00f3n 2025 \u2014que reuni\u00f3 a m\u00e1s de 80.000 asistentes y cont\u00f3 con cuatro escenarios principales y activaciones de marca de patrocinadores\u2014 ULTRA Buenos Aires sigue consolidando su legado como un pilar del circuito de festivales sudamericano. La edici\u00f3n del a\u00f1o pasado ofreci\u00f3 actuaciones inolvidables de estrellas globales como Martin Garrix, Black Coffee, Axwell, Adam Beyer, Anyma, ARTBAT, Afrojack, Boris Brejcha, Oliver Heldens, Hot Since 82, Miss Monique, MRAK, I Hate Models, Nico Moreno, Wade y NGHTMRE, entre muchos otros que brindaron sets cargados de energ\u00eda a lo largo del festival.<\/p>\n<p>Para la edici\u00f3n 2026, las entradas estar\u00e1n disponibles a partir del 2 de julio de 2025, con distintos rangos de precios que comienzan con el valor m\u00e1s bajo para quienes compren primero. El evento est\u00e1 concebido como una experiencia completa de dos d\u00edas, y las entradas se vender\u00e1n exclusivamente para ambos d\u00edas.<\/p>\n<p><img decoding=\"async\" class=\"wp-image-83516 aligncenter lazyload\" data-src=\"https:\/\/www.lasrosas.com.ar\/portal\/wp-content\/uploads\/ULTRABA2025_0418_202327-6315_ALIVE-scaled.jpg\" alt=\"\" width=\"1709\" height=\"1140\" data-srcset=\"https:\/\/www.lasrosas.com.ar\/portal\/wp-content\/uploads\/ULTRABA2025_0418_202327-6315_ALIVE-scaled.jpg 2048w, https:\/\/www.lasrosas.com.ar\/portal\/wp-content\/uploads\/ULTRABA2025_0418_202327-6315_ALIVE-960x640.jpg 960w, https:\/\/www.lasrosas.com.ar\/portal\/wp-content\/uploads\/ULTRABA2025_0418_202327-6315_ALIVE-1920x1280.jpg 1920w, https:\/\/www.lasrosas.com.ar\/portal\/wp-content\/uploads\/ULTRABA2025_0418_202327-6315_ALIVE-1536x1024.jpg 1536w\" data-sizes=\"(max-width: 1709px) 100vw, 1709px\" src=\"data:image\/svg+xml;base64,PHN2ZyB3aWR0aD0iMSIgaGVpZ2h0PSIxIiB4bWxucz0iaHR0cDovL3d3dy53My5vcmcvMjAwMC9zdmciPjwvc3ZnPg==\" style=\"--smush-placeholder-width: 1709px; --smush-placeholder-aspect-ratio: 1709\/1140;\" \/><\/p>\n<p>Los asistentes podr\u00e1n elegir entre entradas de General Admission (GA) y entradas VIP. El acceso VIP incluye ba\u00f1os preferenciales, \u00e1reas exclusivas con zonas de visualizaci\u00f3n premium, ingresos diferenciados, espacios de descanso dedicados y acceso a puestos de comida y barras exclusivos, ofreciendo as\u00ed una experiencia superior en el festival.<\/p>\n<p>Adem\u00e1s, el p\u00fablico podr\u00e1 abonar en 3 o 6 cuotas sin inter\u00e9s con Visa y Mastercard. Esta promoci\u00f3n es v\u00e1lida por tiempo limitado o hasta agotar stock.<\/p>\n<p>Como parte de la familia ULTRA Worldwide \u2014la marca de festivales de m\u00fasica m\u00e1s internacional del mundo, con eventos en seis continentes\u2014 ULTRA Buenos Aires 2026 promete ofrecer, una vez m\u00e1s, una producci\u00f3n de primer nivel, actuaciones inolvidables y la vibrante atm\u00f3sfera que se ha convertido en su sello caracter\u00edstico.<\/p>\n<p>Estate atento a los pr\u00f3ximos anuncios del lineup siguiendo a Ultra Buenos Aires en Instagram, Facebook, y X.<\/p>\n<!-- AddThis Advanced Settings generic via filter on the_content --><!-- AddThis Share Buttons generic via filter on the_content -->","protected":false},"excerpt":{"rendered":"<p>Tras una edici\u00f3n inolvidable en 2025 que reuni\u00f3 a m\u00e1s de 80.000 asistentes durante el fin de semana y present\u00f3 a artistas de talla mundial como Anyma, Martin Garrix, Boris Brejcha, Axwell, Adam Beyer, ARTBAT, Miss Monique y Afrojack, ULTRA Buenos Aires confirma su regreso en 2026 para celebrar su sexta edici\u00f3n. Viernes 14 de [&hellip;]<!-- AddThis Advanced Settings generic via filter on get_the_excerpt --><!-- AddThis Share Buttons generic via filter on get_the_excerpt --><\/p>\n","protected":false},"author":6,"featured_media":83514,"comment_status":"closed","ping_status":"open","sticky":false,"template":"","format":"standard","meta":{"_acf_changed":false,"om_disable_all_campaigns":false,"_monsterinsights_skip_tracking":false,"_monsterinsights_sitenote_active":false,"_monsterinsights_sitenote_note":"","_monsterinsights_sitenote_category":0,"_uf_show_specific_survey":0,"_uf_disable_surveys":false,"footnotes":""},"categories":[100,25],"tags":[345,140,225,1310],"class_list":["post-83513","post","type-post","status-publish","format-standard","has-post-thumbnail","hentry","category-noticias","category-radio","tag-electronica","tag-fiesta","tag-musica","tag-ultra"],"acf":[],"aioseo_notices":[],"_links":{"self":[{"href":"https:\/\/www.lasrosas.com.ar\/portal\/wp-json\/wp\/v2\/posts\/83513","targetHints":{"allow":["GET"]}}],"collection":[{"href":"https:\/\/www.lasrosas.com.ar\/portal\/wp-json\/wp\/v2\/posts"}],"about":[{"href":"https:\/\/www.lasrosas.com.ar\/portal\/wp-json\/wp\/v2\/types\/post"}],"author":[{"embeddable":true,"href":"https:\/\/www.lasrosas.com.ar\/portal\/wp-json\/wp\/v2\/users\/6"}],"replies":[{"embeddable":true,"href":"https:\/\/www.lasrosas.com.ar\/portal\/wp-json\/wp\/v2\/comments?post=83513"}],"version-history":[{"count":5,"href":"https:\/\/www.lasrosas.com.ar\/portal\/wp-json\/wp\/v2\/posts\/83513\/revisions"}],"predecessor-version":[{"id":83521,"href":"https:\/\/www.lasrosas.com.ar\/portal\/wp-json\/wp\/v2\/posts\/83513\/revisions\/83521"}],"wp:featuredmedia":[{"embeddable":true,"href":"https:\/\/www.lasrosas.com.ar\/portal\/wp-json\/wp\/v2\/media\/83514"}],"wp:attachment":[{"href":"https:\/\/www.lasrosas.com.ar\/portal\/wp-json\/wp\/v2\/media?parent=83513"}],"wp:term":[{"taxonomy":"category","embeddable":true,"href":"https:\/\/www.lasrosas.com.ar\/portal\/wp-json\/wp\/v2\/categories?post=83513"},{"taxonomy":"post_tag","embeddable":true,"href":"https:\/\/www.lasrosas.com.ar\/portal\/wp-json\/wp\/v2\/tags?post=83513"}],"curies":[{"name":"wp","href":"https:\/\/api.w.org\/{rel}","templated":true}]}}