{"id":8333,"date":"2018-10-10T15:01:29","date_gmt":"2018-10-10T18:01:29","guid":{"rendered":"https:\/\/www.lasrosas.com.ar\/portal\/?p=8333"},"modified":"2018-10-10T15:01:29","modified_gmt":"2018-10-10T18:01:29","slug":"uma-so-frenchy-so-chic","status":"publish","type":"post","link":"https:\/\/www.lasrosas.com.ar\/portal\/uma-so-frenchy-so-chic\/","title":{"rendered":"UMA SO FRENCHY, SO CHIC!"},"content":{"rendered":"<h3 class=\"p1\"><strong>La costa francesa y el verano en las calles parisinas son la inspiraci\u00f3n para la campa\u00f1a Printemps \u00c9t\u00e9 2019 de Uma. Las #UmaGirls viven en Par\u00eds, recorren las calles de le Marais y se re\u00fanen en las terrazas para planear sus vacaciones en Breta\u00f1a.<\/strong><\/h3>\n<p class=\"p1\"><strong>Uma Denim<\/strong> tiene una propuesta totalmente diferenciada: los detalles, bordados y apliques est\u00e1n presentes en todos los calces.<\/p>\n<p class=\"p1\">Este verano no puede faltar el look total-white pero en su versi\u00f3n m\u00e1s rockera.\u00a0<strong>El blanco es protagonista de la l\u00ednea Uma Denim<\/strong>, disponible en camperas, shorts, faldas y pantalones.<\/p>\n<p class=\"p1\">Los prints floreados y coloridos se suman a las estampas m\u00e1s representativas de las colecciones de <strong>Uma<\/strong>, rayados en distintas variantes, geom\u00e9tricos y animal print dise\u00f1ados exclusivamente por la marca.<\/p>\n<p class=\"p1\">Las telas livianas y las transparencias nos trasportan directo a Breta\u00f1a. Dejan ver los trajes de ba\u00f1o o se superponen a un body. El lino de alta calidad es el material m\u00e1s cool y relajado. \u00a1Las t\u00fanicas en todos sus largos, con y sin botones son los key \u00edtems estas las vacaciones!<\/p>\n<p class=\"p1\">Para la noche la consigna es brillar: vestidos, faldas y tops en lurex plateado se suman a los atemporales prendas con canutillos bordados artesanalmente.<\/p>\n<p class=\"p1\">Los breteles se afinan con reminiscencias de los \u00b490 y son m\u00e1s sexys. Prendas de cuero con escote profundo y monos que realzan la figura tambi\u00e9n son parte de esta propuesta.<\/p>\n\r\n\t\t<style type='text\/css'>\r\n\t\t\t#gallery-1 {\r\n\t\t\t\tmargin: auto;\r\n\t\t\t}\r\n\t\t\t#gallery-1 .gallery-item {\r\n\t\t\t\tfloat: left;\r\n\t\t\t\tmargin-top: 10px;\r\n\t\t\t\ttext-align: center;\r\n\t\t\t\twidth: 50%;\r\n\t\t\t}\r\n\t\t\t#gallery-1 img {\r\n\t\t\t\tborder: 2px solid #cfcfcf;\r\n\t\t\t}\r\n\t\t\t#gallery-1 .gallery-caption {\r\n\t\t\t\tmargin-left: 0;\r\n\t\t\t}\r\n\t\t<\/style>\r\n\t\t<!-- see gallery_shortcode() in wp-includes\/media.php -->\n\t\t<div id='gallery-1' class='gallery galleryid-8333 gallery-columns-2 gallery-size-thumbnail gallery1'><script type=\"text\/javascript\">\r\n\/\/ <![CDATA[\r\n\tjQuery(document).ready(function () {\r\n\t\tjQuery(\".gallery1 a\").attr(\"rel\",\"gallery1\");\t\r\n\t\tjQuery('a[rel=\"gallery1\"]').colorbox({maxWidth:\"95%\", maxHeight:\"95%\",title: function(){ return jQuery(this).children().attr(\"alt\"); }, });\r\n\t});\r\n\/\/ ]]>\r\n<\/script>\n<dl class=\"gallery-item\">\n<dt class=\"gallery-icon\">\r\n<a href=\"https:\/\/www.lasrosas.com.ar\/portal\/wp-content\/uploads\/ENCABEZADO-UMA-3-1920x1440.jpg\" title=\"\" rel=\"gallery1\"><img decoding=\"async\" data-src=\"https:\/\/www.lasrosas.com.ar\/portal\/wp-content\/uploads\/ENCABEZADO-UMA-3-640x480.jpg\" width=\"640\" height=\"480\" alt=\"\" src=\"data:image\/svg+xml;base64,PHN2ZyB3aWR0aD0iMSIgaGVpZ2h0PSIxIiB4bWxucz0iaHR0cDovL3d3dy53My5vcmcvMjAwMC9zdmciPjwvc3ZnPg==\" class=\"lazyload\" style=\"--smush-placeholder-width: 640px; --smush-placeholder-aspect-ratio: 640\/480;\" \/><\/a>\r\n<\/dt><\/dl><dl class=\"gallery-item\">\n<dt class=\"gallery-icon\">\r\n<a href=\"https:\/\/www.lasrosas.com.ar\/portal\/wp-content\/uploads\/ENCABEZADO-UMA-2-1920x1440.jpg\" title=\"\" rel=\"gallery1\"><img decoding=\"async\" data-src=\"https:\/\/www.lasrosas.com.ar\/portal\/wp-content\/uploads\/ENCABEZADO-UMA-2-640x480.jpg\" width=\"640\" height=\"480\" alt=\"\" src=\"data:image\/svg+xml;base64,PHN2ZyB3aWR0aD0iMSIgaGVpZ2h0PSIxIiB4bWxucz0iaHR0cDovL3d3dy53My5vcmcvMjAwMC9zdmciPjwvc3ZnPg==\" class=\"lazyload\" style=\"--smush-placeholder-width: 640px; --smush-placeholder-aspect-ratio: 640\/480;\" \/><\/a>\r\n<\/dt><\/dl><br style=\"clear: both\" \/>\r\n\t\t<\/div>\n\n<!-- AddThis Advanced Settings generic via filter on the_content --><!-- AddThis Share Buttons generic via filter on the_content -->","protected":false},"excerpt":{"rendered":"<p>La costa francesa y el verano en las calles parisinas son la inspiraci\u00f3n para la campa\u00f1a Printemps \u00c9t\u00e9 2019 de Uma. Las #UmaGirls viven en Par\u00eds, recorren las calles de le Marais y se re\u00fanen en las terrazas para planear sus vacaciones en Breta\u00f1a. Uma Denim tiene una propuesta totalmente diferenciada: los detalles, bordados y [&hellip;]<!-- AddThis Advanced Settings generic via filter on get_the_excerpt --><!-- AddThis Share Buttons generic via filter on get_the_excerpt --><\/p>\n","protected":false},"author":6,"featured_media":8334,"comment_status":"closed","ping_status":"open","sticky":false,"template":"","format":"standard","meta":{"_acf_changed":false,"om_disable_all_campaigns":false,"_monsterinsights_skip_tracking":false,"_monsterinsights_sitenote_active":false,"_monsterinsights_sitenote_note":"","_monsterinsights_sitenote_category":0,"_uf_show_specific_survey":0,"_uf_disable_surveys":false,"footnotes":""},"categories":[35,30],"tags":[],"class_list":["post-8333","post","type-post","status-publish","format-standard","has-post-thumbnail","hentry","category-especiales","category-moda"],"acf":[],"aioseo_notices":[],"_links":{"self":[{"href":"https:\/\/www.lasrosas.com.ar\/portal\/wp-json\/wp\/v2\/posts\/8333","targetHints":{"allow":["GET"]}}],"collection":[{"href":"https:\/\/www.lasrosas.com.ar\/portal\/wp-json\/wp\/v2\/posts"}],"about":[{"href":"https:\/\/www.lasrosas.com.ar\/portal\/wp-json\/wp\/v2\/types\/post"}],"author":[{"embeddable":true,"href":"https:\/\/www.lasrosas.com.ar\/portal\/wp-json\/wp\/v2\/users\/6"}],"replies":[{"embeddable":true,"href":"https:\/\/www.lasrosas.com.ar\/portal\/wp-json\/wp\/v2\/comments?post=8333"}],"version-history":[{"count":0,"href":"https:\/\/www.lasrosas.com.ar\/portal\/wp-json\/wp\/v2\/posts\/8333\/revisions"}],"wp:featuredmedia":[{"embeddable":true,"href":"https:\/\/www.lasrosas.com.ar\/portal\/wp-json\/wp\/v2\/media\/8334"}],"wp:attachment":[{"href":"https:\/\/www.lasrosas.com.ar\/portal\/wp-json\/wp\/v2\/media?parent=8333"}],"wp:term":[{"taxonomy":"category","embeddable":true,"href":"https:\/\/www.lasrosas.com.ar\/portal\/wp-json\/wp\/v2\/categories?post=8333"},{"taxonomy":"post_tag","embeddable":true,"href":"https:\/\/www.lasrosas.com.ar\/portal\/wp-json\/wp\/v2\/tags?post=8333"}],"curies":[{"name":"wp","href":"https:\/\/api.w.org\/{rel}","templated":true}]}}