{"id":83146,"date":"2025-05-19T09:55:28","date_gmt":"2025-05-19T12:55:28","guid":{"rendered":"https:\/\/www.lasrosas.com.ar\/portal\/?p=83146"},"modified":"2025-05-19T09:55:28","modified_gmt":"2025-05-19T12:55:28","slug":"una-colaboracion-inedita-que-fusiona-moda-y-arte","status":"publish","type":"post","link":"https:\/\/www.lasrosas.com.ar\/portal\/una-colaboracion-inedita-que-fusiona-moda-y-arte\/","title":{"rendered":"UNA COLABORACI\u00d3N IN\u00c9DITA QUE FUSIONA MODA Y ARTE"},"content":{"rendered":"<p><b>Jazmin\u00a0 Chebar presenta una colaboraci\u00f3n \u00fanica junto a Edgardo Gim\u00e9nez, uno de los artistas m\u00e1s ic\u00f3nicos del arte pop argentino.<\/b><span style=\"font-weight: 400;\"> Esta uni\u00f3n sin precedentes combina el ADN vibrante y l\u00fadico de ambas partes, dando vida a una colecci\u00f3n que reinterpreta la obra del artista a trav\u00e9s del dise\u00f1o contempor\u00e1neo de la marca. En este encuentro surge una premisa en com\u00fan, la de brindar fantas\u00eda e ilusi\u00f3n.<\/span><\/p>\n<p><span style=\"font-weight: 300;\">Fue durante su presentaci\u00f3n de las Fancy Monas en ArteBa donde, por casualidad, Jazmin Chebar y Edgardo Gim\u00e9nez se cruzaron, dando inicio a esta colaboraci\u00f3n. Desde el primer momento, la sinergia entre ambos fue absolutamente fluida: los \u00edconos de uno y otro estaban sorprendentemente relacionados. Por ejemplo, Edgardo monta una pantera en la tapa de su libro y, al visitar las oficinas de Jazm\u00edn, descubri\u00f3 una escultura de pantera que ha sido un \u00edcono en ese espacio durante a\u00f1os. Este lenguaje l\u00fadico les permiti\u00f3 conectar de inmediato, y la creaci\u00f3n de cada pieza fue un proceso en el que ambos se divirtieron, sumando su esencia a cada dise\u00f1o. El resultado es una colecci\u00f3n \u00fanica, donde cada prenda fue tratada como una obra en s\u00ed misma.<\/span><\/p>\n<p><span style=\"font-weight: 300;\">La colecci\u00f3n se inspira en el esp\u00edritu del color, el humor y la sofisticaci\u00f3n que caracterizan tanto a Jazmin Chebar como a Edgardo Gim\u00e9nez. Con una propuesta que abarca cuero, hilados,\u00a0 hasta calzado y accesorios. Cada pieza ha sido concebida como una obra de arte que se lleva puesta, donde el imaginario del artista cobra vida a trav\u00e9s de bordados, estampas y texturas innovadoras.<\/span><\/p>\n<p><span style=\"font-weight: 300;\">En esta colaboraci\u00f3n, los \u00edconos caracter\u00edsticos de Edgardo Gim\u00e9nez, como las monas y la mosca, se integran en prendas dise\u00f1adas para trascender g\u00e9neros y estilos. <\/span><b>Con esta colecci\u00f3n Jazmin Chebar expande su propuesta a un p\u00fablico unisex, ofreciendo piezas que fusionan la sofisticaci\u00f3n\u00a0 con la irreverencia del arte pop.<\/b><\/p>\n\r\n\t\t<style type='text\/css'>\r\n\t\t\t#gallery-1 {\r\n\t\t\t\tmargin: auto;\r\n\t\t\t}\r\n\t\t\t#gallery-1 .gallery-item {\r\n\t\t\t\tfloat: left;\r\n\t\t\t\tmargin-top: 10px;\r\n\t\t\t\ttext-align: center;\r\n\t\t\t\twidth: 33%;\r\n\t\t\t}\r\n\t\t\t#gallery-1 img {\r\n\t\t\t\tborder: 2px solid #cfcfcf;\r\n\t\t\t}\r\n\t\t\t#gallery-1 .gallery-caption {\r\n\t\t\t\tmargin-left: 0;\r\n\t\t\t}\r\n\t\t<\/style>\r\n\t\t<!-- see gallery_shortcode() in wp-includes\/media.php -->\n\t\t<div id='gallery-1' class='gallery galleryid-83146 gallery-columns-3 gallery-size-thumbnail gallery1'><script type=\"text\/javascript\">\r\n\/\/ <![CDATA[\r\n\tjQuery(document).ready(function () {\r\n\t\tjQuery(\".gallery1 a\").attr(\"rel\",\"gallery1\");\t\r\n\t\tjQuery('a[rel=\"gallery1\"]').colorbox({maxWidth:\"95%\", maxHeight:\"95%\",title: function(){ return jQuery(this).children().attr(\"alt\"); }, });\r\n\t});\r\n\/\/ ]]>\r\n<\/script>\n<dl class=\"gallery-item\">\n<dt class=\"gallery-icon\">\r\n<a href=\"https:\/\/www.lasrosas.com.ar\/portal\/wp-content\/uploads\/250411-Jazmin-Chebar_01082b-1280x1920.jpg\" title=\"\" rel=\"gallery1\"><img decoding=\"async\" data-src=\"https:\/\/www.lasrosas.com.ar\/portal\/wp-content\/uploads\/250411-Jazmin-Chebar_01082b-640x480.jpg\" width=\"640\" height=\"480\" alt=\"\" src=\"data:image\/svg+xml;base64,PHN2ZyB3aWR0aD0iMSIgaGVpZ2h0PSIxIiB4bWxucz0iaHR0cDovL3d3dy53My5vcmcvMjAwMC9zdmciPjwvc3ZnPg==\" class=\"lazyload\" style=\"--smush-placeholder-width: 640px; --smush-placeholder-aspect-ratio: 640\/480;\" \/><\/a>\r\n<\/dt><\/dl><dl class=\"gallery-item\">\n<dt class=\"gallery-icon\">\r\n<a href=\"https:\/\/www.lasrosas.com.ar\/portal\/wp-content\/uploads\/250411-Jazmin-Chebar_01054b-1280x1920.jpg\" title=\"\" rel=\"gallery1\"><img decoding=\"async\" data-src=\"https:\/\/www.lasrosas.com.ar\/portal\/wp-content\/uploads\/250411-Jazmin-Chebar_01054b-640x480.jpg\" width=\"640\" height=\"480\" alt=\"\" src=\"data:image\/svg+xml;base64,PHN2ZyB3aWR0aD0iMSIgaGVpZ2h0PSIxIiB4bWxucz0iaHR0cDovL3d3dy53My5vcmcvMjAwMC9zdmciPjwvc3ZnPg==\" class=\"lazyload\" style=\"--smush-placeholder-width: 640px; --smush-placeholder-aspect-ratio: 640\/480;\" \/><\/a>\r\n<\/dt><\/dl><dl class=\"gallery-item\">\n<dt class=\"gallery-icon\">\r\n<a href=\"https:\/\/www.lasrosas.com.ar\/portal\/wp-content\/uploads\/250411-Jazmin-Chebar_00785b-1384x1920.jpg\" title=\"\" rel=\"gallery1\"><img decoding=\"async\" data-src=\"https:\/\/www.lasrosas.com.ar\/portal\/wp-content\/uploads\/250411-Jazmin-Chebar_00785b-640x480.jpg\" width=\"640\" height=\"480\" alt=\"\" src=\"data:image\/svg+xml;base64,PHN2ZyB3aWR0aD0iMSIgaGVpZ2h0PSIxIiB4bWxucz0iaHR0cDovL3d3dy53My5vcmcvMjAwMC9zdmciPjwvc3ZnPg==\" class=\"lazyload\" style=\"--smush-placeholder-width: 640px; --smush-placeholder-aspect-ratio: 640\/480;\" \/><\/a>\r\n<\/dt><\/dl><br style=\"clear: both\" \/>\r\n\t\t<\/div>\n\n<p><span style=\"font-weight: 300;\">La colecci\u00f3n destaca por el uso de materiales nobles y t\u00e9cnicas artesanales, como jacquards, sedas y bordados tridimensionales que otorgan una dimensi\u00f3n escult\u00f3rica a las prendas. Desde sweaters con explosiones de color hasta chaquetas de cuero intervenidas con detalles \u00fanicos, accesorios cada pieza encapsula el esp\u00edritu de la colaboraci\u00f3n.\u00a0<\/span><\/p>\n<p><b>El arte como protagonista<\/b><\/p>\n<p><span style=\"font-weight: 300;\">La propuesta trasciende la moda tradicional y se convierte en una experiencia sensorial. La campa\u00f1a, ambientada en un escenario industrial y l\u00fadico, refleja la iron\u00eda y el surrealismo del universo de Edgardo Gim\u00e9nez, con modelos rodeados de esculturas y objetos fuera de escala que reivindican el car\u00e1cter pop y el humor de la colecci\u00f3n.<\/span><\/p>\n<p><span style=\"font-weight: 300;\">Con un enfoque innovador y una visi\u00f3n pensada para hacer accesible el arte a trav\u00e9s de la moda, esta colaboraci\u00f3n entre Jazmin Chebar y Edgardo Gim\u00e9nez redefine los l\u00edmites entre dise\u00f1o y expresi\u00f3n art\u00edstica. Se trata de arte que se puede vestir, de piezas que trascienden las vidrieras\u00a0 para salir a la calle y ser parte del d\u00eda a d\u00eda. En este proceso, algunas piezas han sido tratadas como obras en s\u00ed mismas, con detalles exclusivos como carteras seriadas, que refuerzan el concepto de piezas \u00fanicas y coleccionables dentro del universo de la moda. Esta uni\u00f3n representa un nuevo paradigma en el que la ropa no solo viste, sino que tambi\u00e9n comunica y transporta el arte a nuevos escenarios.<\/span><\/p>\n\r\n\t\t<style type='text\/css'>\r\n\t\t\t#gallery-2 {\r\n\t\t\t\tmargin: auto;\r\n\t\t\t}\r\n\t\t\t#gallery-2 .gallery-item {\r\n\t\t\t\tfloat: left;\r\n\t\t\t\tmargin-top: 10px;\r\n\t\t\t\ttext-align: center;\r\n\t\t\t\twidth: 33%;\r\n\t\t\t}\r\n\t\t\t#gallery-2 img {\r\n\t\t\t\tborder: 2px solid #cfcfcf;\r\n\t\t\t}\r\n\t\t\t#gallery-2 .gallery-caption {\r\n\t\t\t\tmargin-left: 0;\r\n\t\t\t}\r\n\t\t<\/style>\r\n\t\t<!-- see gallery_shortcode() in wp-includes\/media.php -->\n\t\t<div id='gallery-2' class='gallery galleryid-83146 gallery-columns-3 gallery-size-thumbnail gallery1'><script type=\"text\/javascript\">\r\n\/\/ <![CDATA[\r\n\tjQuery(document).ready(function () {\r\n\t\tjQuery(\".gallery1 a\").attr(\"rel\",\"gallery1\");\t\r\n\t\tjQuery('a[rel=\"gallery1\"]').colorbox({maxWidth:\"95%\", maxHeight:\"95%\",title: function(){ return jQuery(this).children().attr(\"alt\"); }, });\r\n\t});\r\n\/\/ ]]>\r\n<\/script>\n<dl class=\"gallery-item\">\n<dt class=\"gallery-icon\">\r\n<a href=\"https:\/\/www.lasrosas.com.ar\/portal\/wp-content\/uploads\/250411-Jazmin-Chebar_01425b-1280x1920.jpg\" title=\"\" rel=\"gallery1\"><img decoding=\"async\" data-src=\"https:\/\/www.lasrosas.com.ar\/portal\/wp-content\/uploads\/250411-Jazmin-Chebar_01425b-640x480.jpg\" width=\"640\" height=\"480\" alt=\"\" src=\"data:image\/svg+xml;base64,PHN2ZyB3aWR0aD0iMSIgaGVpZ2h0PSIxIiB4bWxucz0iaHR0cDovL3d3dy53My5vcmcvMjAwMC9zdmciPjwvc3ZnPg==\" class=\"lazyload\" style=\"--smush-placeholder-width: 640px; --smush-placeholder-aspect-ratio: 640\/480;\" \/><\/a>\r\n<\/dt><\/dl><dl class=\"gallery-item\">\n<dt class=\"gallery-icon\">\r\n<a href=\"https:\/\/www.lasrosas.com.ar\/portal\/wp-content\/uploads\/250411-Jazmin-Chebar_01369-1280x1920.jpg\" title=\"\" rel=\"gallery1\"><img decoding=\"async\" data-src=\"https:\/\/www.lasrosas.com.ar\/portal\/wp-content\/uploads\/250411-Jazmin-Chebar_01369-640x480.jpg\" width=\"640\" height=\"480\" alt=\"\" src=\"data:image\/svg+xml;base64,PHN2ZyB3aWR0aD0iMSIgaGVpZ2h0PSIxIiB4bWxucz0iaHR0cDovL3d3dy53My5vcmcvMjAwMC9zdmciPjwvc3ZnPg==\" class=\"lazyload\" style=\"--smush-placeholder-width: 640px; --smush-placeholder-aspect-ratio: 640\/480;\" \/><\/a>\r\n<\/dt><\/dl><dl class=\"gallery-item\">\n<dt class=\"gallery-icon\">\r\n<a href=\"https:\/\/www.lasrosas.com.ar\/portal\/wp-content\/uploads\/250411-Jazmin-Chebar_01154-1280x1920.jpg\" title=\"\" rel=\"gallery1\"><img decoding=\"async\" data-src=\"https:\/\/www.lasrosas.com.ar\/portal\/wp-content\/uploads\/250411-Jazmin-Chebar_01154-640x480.jpg\" width=\"640\" height=\"480\" alt=\"\" src=\"data:image\/svg+xml;base64,PHN2ZyB3aWR0aD0iMSIgaGVpZ2h0PSIxIiB4bWxucz0iaHR0cDovL3d3dy53My5vcmcvMjAwMC9zdmciPjwvc3ZnPg==\" class=\"lazyload\" style=\"--smush-placeholder-width: 640px; --smush-placeholder-aspect-ratio: 640\/480;\" \/><\/a>\r\n<\/dt><\/dl><br style=\"clear: both\" \/>\r\n\t\t<\/div>\n\n<!-- AddThis Advanced Settings generic via filter on the_content --><!-- AddThis Share Buttons generic via filter on the_content -->","protected":false},"excerpt":{"rendered":"<p>Jazmin\u00a0 Chebar presenta una colaboraci\u00f3n \u00fanica junto a Edgardo Gim\u00e9nez, uno de los artistas m\u00e1s ic\u00f3nicos del arte pop argentino. Esta uni\u00f3n sin precedentes combina el ADN vibrante y l\u00fadico de ambas partes, dando vida a una colecci\u00f3n que reinterpreta la obra del artista a trav\u00e9s del dise\u00f1o contempor\u00e1neo de la marca. En este encuentro [&hellip;]<!-- AddThis Advanced Settings generic via filter on get_the_excerpt --><!-- AddThis Share Buttons generic via filter on get_the_excerpt --><\/p>\n","protected":false},"author":6,"featured_media":83147,"comment_status":"closed","ping_status":"open","sticky":false,"template":"","format":"standard","meta":{"_acf_changed":false,"om_disable_all_campaigns":false,"_monsterinsights_skip_tracking":false,"_monsterinsights_sitenote_active":false,"_monsterinsights_sitenote_note":"","_monsterinsights_sitenote_category":0,"_uf_show_specific_survey":0,"_uf_disable_surveys":false,"footnotes":""},"categories":[100,30],"tags":[1333,728,1332,58,78],"class_list":["post-83146","post","type-post","status-publish","format-standard","has-post-thumbnail","hentry","category-noticias","category-moda","tag-chebar","tag-indumentaria","tag-jazmin","tag-moda","tag-ropa"],"acf":[],"aioseo_notices":[],"_links":{"self":[{"href":"https:\/\/www.lasrosas.com.ar\/portal\/wp-json\/wp\/v2\/posts\/83146","targetHints":{"allow":["GET"]}}],"collection":[{"href":"https:\/\/www.lasrosas.com.ar\/portal\/wp-json\/wp\/v2\/posts"}],"about":[{"href":"https:\/\/www.lasrosas.com.ar\/portal\/wp-json\/wp\/v2\/types\/post"}],"author":[{"embeddable":true,"href":"https:\/\/www.lasrosas.com.ar\/portal\/wp-json\/wp\/v2\/users\/6"}],"replies":[{"embeddable":true,"href":"https:\/\/www.lasrosas.com.ar\/portal\/wp-json\/wp\/v2\/comments?post=83146"}],"version-history":[{"count":1,"href":"https:\/\/www.lasrosas.com.ar\/portal\/wp-json\/wp\/v2\/posts\/83146\/revisions"}],"predecessor-version":[{"id":83154,"href":"https:\/\/www.lasrosas.com.ar\/portal\/wp-json\/wp\/v2\/posts\/83146\/revisions\/83154"}],"wp:featuredmedia":[{"embeddable":true,"href":"https:\/\/www.lasrosas.com.ar\/portal\/wp-json\/wp\/v2\/media\/83147"}],"wp:attachment":[{"href":"https:\/\/www.lasrosas.com.ar\/portal\/wp-json\/wp\/v2\/media?parent=83146"}],"wp:term":[{"taxonomy":"category","embeddable":true,"href":"https:\/\/www.lasrosas.com.ar\/portal\/wp-json\/wp\/v2\/categories?post=83146"},{"taxonomy":"post_tag","embeddable":true,"href":"https:\/\/www.lasrosas.com.ar\/portal\/wp-json\/wp\/v2\/tags?post=83146"}],"curies":[{"name":"wp","href":"https:\/\/api.w.org\/{rel}","templated":true}]}}