{"id":82302,"date":"2025-02-18T16:35:38","date_gmt":"2025-02-18T19:35:38","guid":{"rendered":"https:\/\/www.lasrosas.com.ar\/portal\/?p=82302"},"modified":"2025-02-18T16:35:38","modified_gmt":"2025-02-18T19:35:38","slug":"tras-agotar-entradas-la-funcion-distendida-de-disney-en-concierto-un-recorrido-sinfonico-deslumbro-con-un-espectaculo-inolvidable-en-el-teatro-colon","status":"publish","type":"post","link":"https:\/\/www.lasrosas.com.ar\/portal\/tras-agotar-entradas-la-funcion-distendida-de-disney-en-concierto-un-recorrido-sinfonico-deslumbro-con-un-espectaculo-inolvidable-en-el-teatro-colon\/","title":{"rendered":"TRAS AGOTAR ENTRADAS, LA FUNCI\u00d3N DISTENDIDA DE DISNEY EN CONCIERTO: UN RECORRIDO SINF\u00d3NICO DESLUMBR\u00d3 CON UN ESPECT\u00c1CULO INOLVIDABLE EN EL TEATRO COL\u00d3N"},"content":{"rendered":"<p style=\"font-weight: 400;\"><strong><em>La funci\u00f3n distendida revivi\u00f3 los grandes \u00e9xitos de Disney, a trav\u00e9s de un espect\u00e1culo especialmente adaptado a las necesidades de personas neurodivergentes. <\/em><\/strong><strong><em>Cont\u00f3 con est\u00edmulos visuales y sonoros reducidos, libertad de movimiento, adem\u00e1s de personal y elencos art\u00edsticos entrenados por especialistas en neurodiversidad y accesibilidad cognitiva.<\/em><\/strong><\/p>\n<p style=\"font-weight: 400;\">La funci\u00f3n distendida de\u00a0<strong><em>Disney en concierto: un recorrido sinf\u00f3nico<\/em><\/strong>, el espect\u00e1culo visual y musical presentado por Disney y el Teatro Col\u00f3n, se llev\u00f3 a cabo en la tarde de ayer cautivando a espectadores de todas las edades a trav\u00e9s de magistrales interpretaciones en vivo de la Orquesta Acad\u00e9mica del Teatro Col\u00f3n y proyecciones de fragmentos de ic\u00f3nicas pel\u00edculas de Disney.<\/p>\n<p style=\"font-weight: 400;\">\n<p style=\"font-weight: 400;\">Bajo la premisa de que todas las personas tienen derecho a disfrutar de un espect\u00e1culo art\u00edstico, la funci\u00f3n sutilmente adaptada a las necesidades y preferencias de personas neurodivergentes present\u00f3 una propuesta amigable mediante est\u00edmulos reducidos y mayor flexibilidad. Adicionalmente, hubo staff entrenado, espacios de descanso sensorial, recursos anticipatorios descargables, se\u00f1al\u00e9tica en pictogramas y kits sensoriales para reducir est\u00edmulos.<\/p>\n<p style=\"font-weight: 400;\">\n<p style=\"font-weight: 400;\">\u00ab<em>Para las familias con hijos o hijas con discapacidad, la mirada de los dem\u00e1s es muy importante. En esta funci\u00f3n sentimos que nadie juzgaba a nadie. Es una comodidad diferente, una experiencia distinta que no suele darse en otros espacios<\/em>\u201d, expres\u00f3 la influencer y Lic.\u00a0<strong>Manuela Juana (@sombrerosyboas)<\/strong>, quien asisti\u00f3 junto a su familia.<\/p>\n<p style=\"font-weight: 400;\">\n<p style=\"font-weight: 400;\">Es la tercera vez consecutiva que la empresa l\u00edder de entretenimiento y una de las salas de \u00f3pera m\u00e1s importantes del mundo desarrollan una coproducci\u00f3n que incluye una funci\u00f3n distendida para una audiencia neurodivergente: debut\u00f3 en el Col\u00f3n en febrero de 2023 con\u00a0<strong><em>Disney 100 en Concierto<\/em><\/strong>; se repiti\u00f3 en febrero de 2024 con\u00a0<strong><em>Pixar en Concierto<\/em><\/strong>, y regres\u00f3 ayer en el m\u00edtico escenario del Col\u00f3n con\u00a0<strong><em>Disney en concierto: un recorrido sinf\u00f3nico<\/em>.\u00a0<\/strong><em>\u201cMe enorgullece que cada vez m\u00e1s familias puedan disfrutar de estas experiencias inclusivas que buscan eliminar las barreras de acceso a la oferta cultural, favoreciendo la convivencia de todas las personas. Las funciones distendidas forman parte de #ExperienciasInclusivasDisney, reflejando nuestro compromiso constante con el entretenimiento accesible, dise\u00f1ado y adaptado para personas con discapacidad, para que cada vez m\u00e1s personas puedan vivir la magia de Disney<\/em>\u201d, explic\u00f3\u00a0<strong>Bel\u00e9n Urbaneja<\/strong>, VP, Responsabilidad Social Corporativa, Gesti\u00f3n de Marca y Diversidad, Equidad e Inclusi\u00f3n, The Walt Disney Company Latin America.<\/p>\n<p style=\"font-weight: 400;\"><strong>\u00a0<\/strong><\/p>\n<p style=\"font-weight: 400;\">En todos los casos, la adaptaci\u00f3n del show se realiz\u00f3 con la asesor\u00eda del Lic.<strong>\u00a0Mat\u00edas Cadaveira,\u00a0<\/strong>psic\u00f3logo experto en inclusi\u00f3n social y cultural de personas neurodivergentes, quien destac\u00f3 la importancia de acceder a opciones culturales inclusivas: \u201c<em>Estas iniciativas buscan fomentar una mayor comprensi\u00f3n de la neurodiversidad, reconoci\u00e9ndola como una forma distinta de experimentar el mundo. El objetivo es que las personas neurodivergentes puedan acercarse al arte y al entretenimiento sin sentirse inc\u00f3modas ni obligadas a dar explicaciones por su manera de disfrutar, incluso si necesitan moverse, salir de la sala o reaccionar de forma diferente ante ciertos est\u00edmulos\u201d.<\/em><\/p>\n<p style=\"font-weight: 400;\"><em>\u00a0<\/em><\/p>\n<p style=\"font-weight: 400;\">La influencer\u00a0<strong>Selene Califano (@selenecalifano)<\/strong>\u00a0comparti\u00f3 su experiencia: \u00ab<em>Estos espacios son fundamentales porque brindan un lugar para las familias con ni\u00f1os, j\u00f3venes y adultos con necesidades diversas, adem\u00e1s de contribuir a visibilizar esta realidad. Muchas veces, los padres debemos acompa\u00f1ar y preparar a nuestros hijos en experiencias sociales como asistir al cine o al teatro. Funciones como esta<\/em><em>s<\/em><em>\u00a0nos permiten hacerlo en un entorno m\u00e1s accesible, relajado y confortable\u00bb.<\/em><\/p>\n<p style=\"font-weight: 400;\"><em>\u00a0<\/em><\/p>\n<p style=\"font-weight: 400;\">El show\u00a0de ayer\u00a0cont\u00f3 con la interpretaci\u00f3n en vivo de la Orquesta Acad\u00e9mica del Teatro Col\u00f3n, al mando del maestro\u00a0<strong>Tom\u00e1s Mayer-Wolf<\/strong>, quien<strong>\u00a0<\/strong>comparti\u00f3 su experiencia al frente de esta funci\u00f3n distendida y destac\u00f3 su impacto: \u201c<em>Esta fue mi primera experiencia\u00a0<\/em><em>en una funci\u00f3n distendida\u00a0<\/em><em>como director de orquesta, y a nivel emocional fue muy especial. Se percibe la emoci\u00f3n latente en los m\u00fasicos y en todo el espect\u00e1culo.\u00a0<\/em>Sin dudas, quedar\u00e1 marcada en mi historia como artista\u201d. Mickey Mouse y Minnie Mouse fueron los anfitriones de este show \u00fanico e in\u00e9dito, embarcando a las audiencias en un viaje por el inigualable legado musical de Disney a trav\u00e9s de canciones populares de todos los tiempos, incluyendo \u201c<em>Un mundo ideal<\/em>\u201d (<strong><em>ALADD\u00cdN<\/em><\/strong>), \u201c<em>Ciclo sin fin<\/em>\u201d (<strong><em>EL REY LE\u00d3N<\/em><\/strong>), \u201c<em>Libre soy<\/em>\u201d (<strong><em>FROZEN: UNA AVENTURA CONGELADA<\/em><\/strong>), \u201c<em>No se habla de Bruno<\/em>\u201d (<strong><em>ENCANTO<\/em><\/strong>) y \u201c<em>Cu\u00e1n lejos voy<\/em>\u201d (<strong><em>MOANA: UN MAR DE AVENTURAS<\/em><\/strong>).<\/p>\n<p style=\"font-weight: 400;\">\n<p style=\"font-weight: 400;\">Adem\u00e1s,\u00a0<strong>Mayer-Wolf<\/strong>\u00a0reflexion\u00f3 sobre la relevancia de estas funciones y su impacto en la accesibilidad:\u00a0<em>\u201c<\/em><em>P<\/em><em>ienso que muchos espect\u00e1culos deber\u00edan incorporar funciones distendidas. Es algo que cambia vidas y permite que m\u00e1s personas accedan a experiencias que, de otro modo, les ser\u00edan inaccesibles. Poder\u00a0<\/em><em>haber sido<\/em>\u00a0<em>parte de esto es un honor y un privilegio. Ojal\u00e1 m\u00e1s producciones se animen a desarrollar funciones distendidas, porque realmente transforman vidas<\/em>\u201d.<\/p>\n<p style=\"font-weight: 400;\">\n<p style=\"font-weight: 400;\"><strong><u>Acerca de Disney Concerts<\/u><\/strong><\/p>\n<p style=\"font-weight: 400;\">Disney Concerts es la divisi\u00f3n de otorgamiento de licencias y producci\u00f3n de conciertos de Disney Music Group, el segmento de m\u00fasica de The Walt Disney Company. Disney Concerts produce conciertos y giras, y otorga licencias sobre el contenido visual y la m\u00fasica de Disney a orquestas sinf\u00f3nicas y presentadores en todo el mundo. Los paquetes de conciertos de Disney Concerts incluyen una variedad de formatos, como conciertos interpretados en vivo mientras se proyecta la pel\u00edcula y conciertos de compilaciones tem\u00e1ticas vocales e instrumentales, y abarcan desde interpretaciones de orquestas sinf\u00f3nicas \u00fanicamente instrumentales hasta producciones multimedia que incluyen vocalistas en vivo y coro. Algunos de los t\u00edtulos actuales incluyen la serie de conciertos de pel\u00edculas de Star Wars (Episodios IV a VII), La Bella y la Bestia, La Sirenita, Fantas\u00eda, Pixar en concierto, De Tim Burton: El extra\u00f1o mundo de Jack, Alicia en el Pa\u00eds de las Maravillas, Frozen: Una aventura congelada, Ratatouille, la serie de Los Piratas del Caribe (Episodios I a IV) y Silly Symphonies. Estos conciertos en conjunto fueron presentados en algunas de las salas de conciertos m\u00e1s importantes del mundo, como Teatro Col\u00f3n de Buenos Aires, Lincoln Center, Royal Albert Hall, la \u00d3pera de S\u00eddney, el Foro de Tokio y Hollywood Bowl. Actualmente, se est\u00e1n desarrollando numerosos paquetes de conciertos y producciones de giras nuevos de la cartera de estudios de Disney, lo que incluye a los estudios de animaci\u00f3n y de acci\u00f3n real de Disney Pixar, Lucasfilm y Marvel.<\/p>\n<p>&nbsp;<\/p>\n<p><img decoding=\"async\" class=\"alignleft size-full wp-image-82303 lazyload\" data-src=\"https:\/\/www.lasrosas.com.ar\/portal\/wp-content\/uploads\/Funcion-distendida-scaled.jpg\" alt=\"\" width=\"2048\" height=\"1365\" data-srcset=\"https:\/\/www.lasrosas.com.ar\/portal\/wp-content\/uploads\/Funcion-distendida-scaled.jpg 2048w, https:\/\/www.lasrosas.com.ar\/portal\/wp-content\/uploads\/Funcion-distendida-960x640.jpg 960w, https:\/\/www.lasrosas.com.ar\/portal\/wp-content\/uploads\/Funcion-distendida-1920x1280.jpg 1920w, https:\/\/www.lasrosas.com.ar\/portal\/wp-content\/uploads\/Funcion-distendida-1536x1024.jpg 1536w\" data-sizes=\"(max-width: 2048px) 100vw, 2048px\" src=\"data:image\/svg+xml;base64,PHN2ZyB3aWR0aD0iMSIgaGVpZ2h0PSIxIiB4bWxucz0iaHR0cDovL3d3dy53My5vcmcvMjAwMC9zdmciPjwvc3ZnPg==\" style=\"--smush-placeholder-width: 2048px; --smush-placeholder-aspect-ratio: 2048\/1365;\" \/><\/p>\n<!-- AddThis Advanced Settings generic via filter on the_content --><!-- AddThis Share Buttons generic via filter on the_content -->","protected":false},"excerpt":{"rendered":"<p>La funci\u00f3n distendida revivi\u00f3 los grandes \u00e9xitos de Disney, a trav\u00e9s de un espect\u00e1culo especialmente adaptado a las necesidades de personas neurodivergentes. Cont\u00f3 con est\u00edmulos visuales y sonoros reducidos, libertad de movimiento, adem\u00e1s de personal y elencos art\u00edsticos entrenados por especialistas en neurodiversidad y accesibilidad cognitiva. La funci\u00f3n distendida de\u00a0Disney en concierto: un recorrido sinf\u00f3nico, [&hellip;]<!-- AddThis Advanced Settings generic via filter on get_the_excerpt --><!-- AddThis Share Buttons generic via filter on get_the_excerpt --><\/p>\n","protected":false},"author":6,"featured_media":82304,"comment_status":"closed","ping_status":"open","sticky":false,"template":"","format":"standard","meta":{"_acf_changed":false,"om_disable_all_campaigns":false,"_monsterinsights_skip_tracking":false,"_monsterinsights_sitenote_active":false,"_monsterinsights_sitenote_note":"","_monsterinsights_sitenote_category":0,"_uf_show_specific_survey":0,"_uf_disable_surveys":false,"footnotes":""},"categories":[239,100],"tags":[],"class_list":["post-82302","post","type-post","status-publish","format-standard","has-post-thumbnail","hentry","category-recomendados","category-noticias"],"acf":[],"aioseo_notices":[],"_links":{"self":[{"href":"https:\/\/www.lasrosas.com.ar\/portal\/wp-json\/wp\/v2\/posts\/82302","targetHints":{"allow":["GET"]}}],"collection":[{"href":"https:\/\/www.lasrosas.com.ar\/portal\/wp-json\/wp\/v2\/posts"}],"about":[{"href":"https:\/\/www.lasrosas.com.ar\/portal\/wp-json\/wp\/v2\/types\/post"}],"author":[{"embeddable":true,"href":"https:\/\/www.lasrosas.com.ar\/portal\/wp-json\/wp\/v2\/users\/6"}],"replies":[{"embeddable":true,"href":"https:\/\/www.lasrosas.com.ar\/portal\/wp-json\/wp\/v2\/comments?post=82302"}],"version-history":[{"count":1,"href":"https:\/\/www.lasrosas.com.ar\/portal\/wp-json\/wp\/v2\/posts\/82302\/revisions"}],"predecessor-version":[{"id":82305,"href":"https:\/\/www.lasrosas.com.ar\/portal\/wp-json\/wp\/v2\/posts\/82302\/revisions\/82305"}],"wp:featuredmedia":[{"embeddable":true,"href":"https:\/\/www.lasrosas.com.ar\/portal\/wp-json\/wp\/v2\/media\/82304"}],"wp:attachment":[{"href":"https:\/\/www.lasrosas.com.ar\/portal\/wp-json\/wp\/v2\/media?parent=82302"}],"wp:term":[{"taxonomy":"category","embeddable":true,"href":"https:\/\/www.lasrosas.com.ar\/portal\/wp-json\/wp\/v2\/categories?post=82302"},{"taxonomy":"post_tag","embeddable":true,"href":"https:\/\/www.lasrosas.com.ar\/portal\/wp-json\/wp\/v2\/tags?post=82302"}],"curies":[{"name":"wp","href":"https:\/\/api.w.org\/{rel}","templated":true}]}}