{"id":82241,"date":"2025-02-14T12:21:24","date_gmt":"2025-02-14T15:21:24","guid":{"rendered":"https:\/\/www.lasrosas.com.ar\/portal\/?p=82241"},"modified":"2025-02-14T12:21:24","modified_gmt":"2025-02-14T15:21:24","slug":"mama-alcanzo-las-100-funciones","status":"publish","type":"post","link":"https:\/\/www.lasrosas.com.ar\/portal\/mama-alcanzo-las-100-funciones\/","title":{"rendered":"MAM\u00c1 ALCANZ\u00d3 LAS 100 FUNCIONES"},"content":{"rendered":"<p><strong>La obra, entre las 5 m\u00e1s vistas en la cartelera porte\u00f1a, alcanz\u00f3 sus primeras 100 funciones y el elenco lo festejo en @revirebrasasbravas. Tras una temporada exitosa en el 2024 regres\u00f3 en enero la comedia protagonizada por Betiana Blum, Marcelo De Bellis, Romina Gaetani, Magela Zanotta y Nacho Toselli y el gran Alberto Fern\u00e1ndez De Rosa al teatro Multiteatro y se mantiene entre las elegidas por el p\u00fablico.<\/strong><\/p>\n<p><em>Mam\u00e1 <\/em>con direcci\u00f3n de\u00a0 Carlos Olivieri es una de las obras m\u00e1s desopilantes de calle Corrientes, con Betiana Blum, Marcelo De Bellis, Romina Gaetani, Alberto Fern\u00e1ndez De Rosa, Magela Zanotta y Nacho Toselli, se puede disfrutar de mi\u00e9rcoles a domingos en el Multiteatro.<\/p>\n<p dir=\"ltr\">Posicionandose entre las 5 obras m\u00e1s vistas de calle corrientes, trata sobre\u00a0una madre que puede complicarle la vida a sus hijos de maneras insospechadas llega a Avenida Corrientes para hacer re\u00edr a todos. La talentosa actriz Betiana Blum encarnar\u00e1 a una mujer que por fuerza mayor tiene que convivir con una de sus hijas y su yerno y les har\u00e1 realmente la vida un infierno.<\/p>\n<p dir=\"ltr\">Las entradas se encuentran en venta en Plateanet o en boleter\u00eda del teatro Multiteatro (Av corrientes 1283).<\/p>\n<p dir=\"ltr\"><img decoding=\"async\" class=\"wp-image-82243 aligncenter lazyload\" data-src=\"https:\/\/www.lasrosas.com.ar\/portal\/wp-content\/uploads\/unnamed-2025-02-14T121736.303.jpg\" alt=\"\" width=\"1592\" height=\"1272\" data-srcset=\"https:\/\/www.lasrosas.com.ar\/portal\/wp-content\/uploads\/unnamed-2025-02-14T121736.303.jpg 2048w, https:\/\/www.lasrosas.com.ar\/portal\/wp-content\/uploads\/unnamed-2025-02-14T121736.303-960x767.jpg 960w, https:\/\/www.lasrosas.com.ar\/portal\/wp-content\/uploads\/unnamed-2025-02-14T121736.303-1920x1535.jpg 1920w, https:\/\/www.lasrosas.com.ar\/portal\/wp-content\/uploads\/unnamed-2025-02-14T121736.303-1536x1228.jpg 1536w\" data-sizes=\"(max-width: 1592px) 100vw, 1592px\" src=\"data:image\/svg+xml;base64,PHN2ZyB3aWR0aD0iMSIgaGVpZ2h0PSIxIiB4bWxucz0iaHR0cDovL3d3dy53My5vcmcvMjAwMC9zdmciPjwvc3ZnPg==\" style=\"--smush-placeholder-width: 1592px; --smush-placeholder-aspect-ratio: 1592\/1272;\" \/><\/p>\n<p dir=\"ltr\"><strong id=\"m_-1085746225155704498m_-3493299984564519546docs-internal-guid-9fd11765-7fff-6834-314b-684da0b5a69c\"><strong>MAM\u00c1<\/strong><\/strong><\/p>\n<p dir=\"ltr\"><strong id=\"m_-1085746225155704498m_-3493299984564519546docs-internal-guid-9fd11765-7fff-6834-314b-684da0b5a69c\"><strong>Sinopsis<\/strong><\/strong><\/p>\n<p dir=\"ltr\">La historia transcurre en Nueva York. Relata la vida de Sophie (Betiana Blum) una mujer mayor, viuda, malhumorada y resentida con la vida, que vive con su hija Trudy (Magela Zanotta) y su yerno Fredy (Nacho Toselli). Por un grave problema familiar se ven obligados a trasladar a Sophie intempestivamente y sin consultarlos a la casa de su otra hija B\u00e1rbara (Romina Gaetani) y su otro yerno John (Marcelo De Bellis). La convivencia con Sophie les complicar\u00e1 la vida a niveles inimaginables. Ellos son due\u00f1os de una galer\u00eda de arte y est\u00e1n vinculados con artistas de todo el mundo. Sophie tendr\u00e1 oportunidad de conocer a Maurice (Alberto Fern\u00e1ndez de Rosa) un pintor famoso y millonario y esto dar\u00e1 lugar a situaciones imprevisibles.<\/p>\n<p dir=\"ltr\"><strong id=\"m_-1085746225155704498m_-3493299984564519546docs-internal-guid-9fd11765-7fff-6834-314b-684da0b5a69c\"><strong>Ficha t\u00e9cnica<\/strong><\/strong><\/p>\n<p dir=\"ltr\"><strong id=\"m_-1085746225155704498m_-3493299984564519546docs-internal-guid-9fd11765-7fff-6834-314b-684da0b5a69c\">Autor: Andrew Bergman<\/strong><\/p>\n<p dir=\"ltr\"><strong id=\"m_-1085746225155704498m_-3493299984564519546docs-internal-guid-9fd11765-7fff-6834-314b-684da0b5a69c\">Act\u00faan: Betiana Blum, Marcelo De Bellis, Romina Gaetani, Alberto Fern\u00e1ndez de Rosa, Magela Zanotta y Nacho Toselli<\/strong><\/p>\n<p dir=\"ltr\"><strong id=\"m_-1085746225155704498m_-3493299984564519546docs-internal-guid-9fd11765-7fff-6834-314b-684da0b5a69c\">Direcci\u00f3n: Carlos Olivieri<\/strong><\/p>\n<p dir=\"ltr\"><strong id=\"m_-1085746225155704498m_-3493299984564519546docs-internal-guid-9fd11765-7fff-6834-314b-684da0b5a69c\">Asistente de direcci\u00f3n: Montserrat Godia<\/strong><\/p>\n<p dir=\"ltr\"><strong id=\"m_-1085746225155704498m_-3493299984564519546docs-internal-guid-9fd11765-7fff-6834-314b-684da0b5a69c\">Dise\u00f1o de escenograf\u00eda: Lula Rojo<\/strong><\/p>\n<p dir=\"ltr\"><strong id=\"m_-1085746225155704498m_-3493299984564519546docs-internal-guid-9fd11765-7fff-6834-314b-684da0b5a69c\">Dise\u00f1o de iluminaci\u00f3n: Marcelo Seghi<\/strong><\/p>\n<p dir=\"ltr\"><strong id=\"m_-1085746225155704498m_-3493299984564519546docs-internal-guid-9fd11765-7fff-6834-314b-684da0b5a69c\">Dise\u00f1o de vestuario: Betiana Temkin<\/strong><\/p>\n<p dir=\"ltr\"><strong id=\"m_-1085746225155704498m_-3493299984564519546docs-internal-guid-9fd11765-7fff-6834-314b-684da0b5a69c\">Asistente de vestuario: Maite Mallaviabarrena<\/strong><\/p>\n<p dir=\"ltr\"><strong id=\"m_-1085746225155704498m_-3493299984564519546docs-internal-guid-9fd11765-7fff-6834-314b-684da0b5a69c\">Fotograf\u00eda: Melina Ercoli<\/strong><\/p>\n<p dir=\"ltr\"><strong id=\"m_-1085746225155704498m_-3493299984564519546docs-internal-guid-9fd11765-7fff-6834-314b-684da0b5a69c\">Prensa: Soy Prensa<\/strong><\/p>\n<p dir=\"ltr\"><strong id=\"m_-1085746225155704498m_-3493299984564519546docs-internal-guid-9fd11765-7fff-6834-314b-684da0b5a69c\">Producci\u00f3n ejecutiva: Roc\u00edo G\u00f3mez Cantero<\/strong><\/p>\n<p dir=\"ltr\"><img decoding=\"async\" class=\"size-full wp-image-82242 aligncenter lazyload\" data-src=\"https:\/\/www.lasrosas.com.ar\/portal\/wp-content\/uploads\/unnamed-2025-02-14T121738.762.jpg\" alt=\"\" width=\"1280\" height=\"777\" data-srcset=\"https:\/\/www.lasrosas.com.ar\/portal\/wp-content\/uploads\/unnamed-2025-02-14T121738.762.jpg 1280w, https:\/\/www.lasrosas.com.ar\/portal\/wp-content\/uploads\/unnamed-2025-02-14T121738.762-960x583.jpg 960w\" data-sizes=\"(max-width: 1280px) 100vw, 1280px\" src=\"data:image\/svg+xml;base64,PHN2ZyB3aWR0aD0iMSIgaGVpZ2h0PSIxIiB4bWxucz0iaHR0cDovL3d3dy53My5vcmcvMjAwMC9zdmciPjwvc3ZnPg==\" style=\"--smush-placeholder-width: 1280px; --smush-placeholder-aspect-ratio: 1280\/777;\" \/><\/p>\n<p dir=\"ltr\" style=\"text-align: center;\"><strong id=\"m_-1085746225155704498m_-3493299984564519546docs-internal-guid-9fd11765-7fff-6834-314b-684da0b5a69c\"><strong>Entradas a la venta en <\/strong><a href=\"https:\/\/emails.soyprensa.com.ar\/c\/3q64r\/kz2mvafd\/bxe6-8wjavu\" target=\"_blank\" rel=\"noopener\" data-saferedirecturl=\"https:\/\/www.google.com\/url?q=https:\/\/emails.soyprensa.com.ar\/c\/3q64r\/kz2mvafd\/bxe6-8wjavu&amp;source=gmail&amp;ust=1739620407608000&amp;usg=AOvVaw3dP3f2Ekg8a3klEmd0ZTat\"><strong>Plateanet<\/strong><\/a><strong> o en boleter\u00eda del teatro\u00a0<\/strong><\/strong><\/p>\n<p dir=\"ltr\" style=\"text-align: center;\"><a href=\"https:\/\/emails.soyprensa.com.ar\/c\/3q64r\/kz2mvafd\/-tfja-yzepc\" target=\"_blank\" rel=\"noopener\" data-saferedirecturl=\"https:\/\/www.google.com\/url?q=https:\/\/emails.soyprensa.com.ar\/c\/3q64r\/kz2mvafd\/-tfja-yzepc&amp;source=gmail&amp;ust=1739620407608000&amp;usg=AOvVaw3HBiGxllCXZKceB0wPeHHa\"><strong id=\"m_-1085746225155704498m_-3493299984564519546docs-internal-guid-9fd11765-7fff-6834-314b-684da0b5a69c\"><strong>@mama.lacomedia\u00a0<\/strong><\/strong><\/a><\/p>\n<p dir=\"ltr\" style=\"text-align: center;\"><strong id=\"m_-1085746225155704498m_-3493299984564519546docs-internal-guid-9fd11765-7fff-6834-314b-684da0b5a69c\"><em>MAM\u00c1<\/em><\/strong><\/p>\n<p dir=\"ltr\" style=\"text-align: center;\"><strong id=\"m_-1085746225155704498m_-3493299984564519546docs-internal-guid-9fd11765-7fff-6834-314b-684da0b5a69c\"><strong>Mi\u00e9rcoles, jueves y viernes 20.30hs<\/strong><\/strong><\/p>\n<p dir=\"ltr\" style=\"text-align: center;\"><strong id=\"m_-1085746225155704498m_-3493299984564519546docs-internal-guid-9fd11765-7fff-6834-314b-684da0b5a69c\"><strong>S\u00e1bado 20 hs y 22 hs<\/strong><\/strong><\/p>\n<p dir=\"ltr\" style=\"text-align: center;\"><strong id=\"m_-1085746225155704498m_-3493299984564519546docs-internal-guid-9fd11765-7fff-6834-314b-684da0b5a69c\"><strong>Domingo 20 hs<\/strong><\/strong><\/p>\n<!-- AddThis Advanced Settings generic via filter on the_content --><!-- AddThis Share Buttons generic via filter on the_content -->","protected":false},"excerpt":{"rendered":"<p>La obra, entre las 5 m\u00e1s vistas en la cartelera porte\u00f1a, alcanz\u00f3 sus primeras 100 funciones y el elenco lo festejo en @revirebrasasbravas. Tras una temporada exitosa en el 2024 regres\u00f3 en enero la comedia protagonizada por Betiana Blum, Marcelo De Bellis, Romina Gaetani, Magela Zanotta y Nacho Toselli y el gran Alberto Fern\u00e1ndez De [&hellip;]<!-- AddThis Advanced Settings generic via filter on get_the_excerpt --><!-- AddThis Share Buttons generic via filter on get_the_excerpt --><\/p>\n","protected":false},"author":6,"featured_media":82244,"comment_status":"closed","ping_status":"open","sticky":false,"template":"","format":"standard","meta":{"_acf_changed":false,"om_disable_all_campaigns":false,"_monsterinsights_skip_tracking":false,"_monsterinsights_sitenote_active":false,"_monsterinsights_sitenote_note":"","_monsterinsights_sitenote_category":0,"_uf_show_specific_survey":0,"_uf_disable_surveys":false,"footnotes":""},"categories":[100],"tags":[475,1005,455,454,587],"class_list":["post-82241","post","type-post","status-publish","format-standard","has-post-thumbnail","hentry","category-noticias","tag-entretenimiento","tag-mama","tag-obra","tag-teatro","tag-vacaciones"],"acf":[],"aioseo_notices":[],"_links":{"self":[{"href":"https:\/\/www.lasrosas.com.ar\/portal\/wp-json\/wp\/v2\/posts\/82241","targetHints":{"allow":["GET"]}}],"collection":[{"href":"https:\/\/www.lasrosas.com.ar\/portal\/wp-json\/wp\/v2\/posts"}],"about":[{"href":"https:\/\/www.lasrosas.com.ar\/portal\/wp-json\/wp\/v2\/types\/post"}],"author":[{"embeddable":true,"href":"https:\/\/www.lasrosas.com.ar\/portal\/wp-json\/wp\/v2\/users\/6"}],"replies":[{"embeddable":true,"href":"https:\/\/www.lasrosas.com.ar\/portal\/wp-json\/wp\/v2\/comments?post=82241"}],"version-history":[{"count":1,"href":"https:\/\/www.lasrosas.com.ar\/portal\/wp-json\/wp\/v2\/posts\/82241\/revisions"}],"predecessor-version":[{"id":82245,"href":"https:\/\/www.lasrosas.com.ar\/portal\/wp-json\/wp\/v2\/posts\/82241\/revisions\/82245"}],"wp:featuredmedia":[{"embeddable":true,"href":"https:\/\/www.lasrosas.com.ar\/portal\/wp-json\/wp\/v2\/media\/82244"}],"wp:attachment":[{"href":"https:\/\/www.lasrosas.com.ar\/portal\/wp-json\/wp\/v2\/media?parent=82241"}],"wp:term":[{"taxonomy":"category","embeddable":true,"href":"https:\/\/www.lasrosas.com.ar\/portal\/wp-json\/wp\/v2\/categories?post=82241"},{"taxonomy":"post_tag","embeddable":true,"href":"https:\/\/www.lasrosas.com.ar\/portal\/wp-json\/wp\/v2\/tags?post=82241"}],"curies":[{"name":"wp","href":"https:\/\/api.w.org\/{rel}","templated":true}]}}