{"id":81471,"date":"2024-12-09T11:03:00","date_gmt":"2024-12-09T14:03:00","guid":{"rendered":"https:\/\/www.lasrosas.com.ar\/portal\/?p=81471"},"modified":"2024-12-09T11:03:00","modified_gmt":"2024-12-09T14:03:00","slug":"natalia-oreiro-sebastian-ortega-maitena-y-otros-invitados-se-suman-a-las-charlas-de-las-pibas-dicen-la-nueva-temporada-se-estrena-el-8-de-diciembre","status":"publish","type":"post","link":"https:\/\/www.lasrosas.com.ar\/portal\/natalia-oreiro-sebastian-ortega-maitena-y-otros-invitados-se-suman-a-las-charlas-de-las-pibas-dicen-la-nueva-temporada-se-estrena-el-8-de-diciembre\/","title":{"rendered":"NATALIA OREIRO, SEBASTI\u00c1N ORTEGA, MAITENA Y OTROS INVITADOS SE SUMAN A LAS CHARLAS DE \u00abLAS PIBAS DICEN\u00bb: LA NUEVA TEMPORADA SE ESTRENA EL 8 DE DICIEMBRE"},"content":{"rendered":"<p>Como parte del contenido On Demand de BLENDER, el podcast conversacional tocar\u00e1 temas como los miedos, la diversidad sexual, el perd\u00f3n, los hermanos, los amigos y la vida despu\u00e9s de los 50.<\/p>\n<p>BLENDER anunci\u00f3 la fecha de estreno de la tercera temporada de LAS PIBAS DICEN, el podcast conducido por Julieta Ortega, Rosario Ortega, Ana Paula Dutil y Fernanda Cohen, cuatro amigas que charlan y debaten sobre temas existenciales que nos atraviesan, o no, a todas.<\/p>\n<p>En esta nueva temporada, las pibas vuelven a ponerse frente al micr\u00f3fono para reflexionar desde una mirada \u00edntima diversos temas que las llevar\u00e1n a conversaciones profundas, emotivas y llenas de complicidad junto con grandes figuras que se suman a las charlas en cada episodio.<\/p>\n<p>Los 6 cap\u00edtulos de la tercera temporada de LAS PIBAS DICEN ser\u00e1n:<\/p>\n<p>\u25cf \u201cMIEDOS\u201d, con Natalia Oreiro. En este episodio, las pibas hablan con Natalia Oreiro sobre los miedos. \u00bfA qu\u00e9 le temes? Qu\u00e9 cosas dejaste de hacer en tu vida por miedo? Una conversaci\u00f3n sobre el miedo al fracaso, a la exposici\u00f3n y a la soledad.<br \/>\n\u25cf \u201cDIVERSIDAD SEXUAL\u201d, junto a La Chola Poblete. Las pibas hablan de diversidad sexual con la chola poblete. \u00bfSomos libres cuando elegimos pareja? Realmente no nos pesa la mirada externa o seguimos eligiendo seg\u00fan lo que se espera de nosotras?<br \/>\n\u25cf \u201cPERD\u00d3N\u201d, en donde Ana Paula Dutil contin\u00faa con la trilog\u00eda que comenz\u00f3 en el cap\u00edtulo DEPRESI\u00d3N de la primera temporada, contando toda su transformaci\u00f3n personal y comparti\u00e9ndonos que se tuvo que perdonar despu\u00e9s de hacer su segunda familia en USA mientras sus hijos quedaron en Argentina. Vos, \u00bftenes pendientes con el perd\u00f3n? \u00bfPudiste perdonarte?<br \/>\n\u25cf \u201cHERMANOS\u201d, explorada por Sebasti\u00e1n Ortega. \u00bfQu\u00e9 lugar ocupan los hermanos en nuestras vidas? \u00bfCuanta intimidad e historia familiar compartida con ellos? Las pibas conversamos con Sebasti\u00e1n Ortega sobre los hermanos como testigos de nuestro viaje, recorrido y origen.<br \/>\n\u25cf \u201cAMIGOS\u201d, con Kevin Johansen. Cuatro amigas que de sus charlan m\u00e1s \u00edntimas crearon un podcast. Las pibas hablan de los diferentes tipos de amistades: las que crecen, las que chocan, las que expiran y las eternas.<br \/>\n\u25cf \u201cLA VIDA DESPU\u00c9S DE LOS 50\u201d, desde la perspectiva de Maitena. Sacudirse los prejuicios, dejar de lado los mandatos que por tanto tiempo cargamos, afrontar la menopausia y disfrutar de una etapa que puede ser genial en la vida de una mujer. Las pibas hablan con Maitena sobre la vida a partir de los 50.<\/p>\n<p>La temporada estar\u00e1 disponible en todas las plataformas de podcast y se estrenar\u00e1 un episodio semanal cada domingo.<\/p>\n<!-- AddThis Advanced Settings generic via filter on the_content --><!-- AddThis Share Buttons generic via filter on the_content -->","protected":false},"excerpt":{"rendered":"<p>Como parte del contenido On Demand de BLENDER, el podcast conversacional tocar\u00e1 temas como los miedos, la diversidad sexual, el perd\u00f3n, los hermanos, los amigos y la vida despu\u00e9s de los 50. BLENDER anunci\u00f3 la fecha de estreno de la tercera temporada de LAS PIBAS DICEN, el podcast conducido por Julieta Ortega, Rosario Ortega, Ana [&hellip;]<!-- AddThis Advanced Settings generic via filter on get_the_excerpt --><!-- AddThis Share Buttons generic via filter on get_the_excerpt --><\/p>\n","protected":false},"author":6,"featured_media":81472,"comment_status":"closed","ping_status":"open","sticky":false,"template":"","format":"standard","meta":{"_acf_changed":false,"om_disable_all_campaigns":false,"_monsterinsights_skip_tracking":false,"_monsterinsights_sitenote_active":false,"_monsterinsights_sitenote_note":"","_monsterinsights_sitenote_category":0,"_uf_show_specific_survey":0,"_uf_disable_surveys":false,"footnotes":""},"categories":[100],"tags":[1178,1180,1179,1126,554],"class_list":["post-81471","post","type-post","status-publish","format-standard","has-post-thumbnail","hentry","category-noticias","tag-blender","tag-pibas","tag-stream","tag-streaming","tag-temporada"],"acf":[],"aioseo_notices":[],"_links":{"self":[{"href":"https:\/\/www.lasrosas.com.ar\/portal\/wp-json\/wp\/v2\/posts\/81471","targetHints":{"allow":["GET"]}}],"collection":[{"href":"https:\/\/www.lasrosas.com.ar\/portal\/wp-json\/wp\/v2\/posts"}],"about":[{"href":"https:\/\/www.lasrosas.com.ar\/portal\/wp-json\/wp\/v2\/types\/post"}],"author":[{"embeddable":true,"href":"https:\/\/www.lasrosas.com.ar\/portal\/wp-json\/wp\/v2\/users\/6"}],"replies":[{"embeddable":true,"href":"https:\/\/www.lasrosas.com.ar\/portal\/wp-json\/wp\/v2\/comments?post=81471"}],"version-history":[{"count":1,"href":"https:\/\/www.lasrosas.com.ar\/portal\/wp-json\/wp\/v2\/posts\/81471\/revisions"}],"predecessor-version":[{"id":81473,"href":"https:\/\/www.lasrosas.com.ar\/portal\/wp-json\/wp\/v2\/posts\/81471\/revisions\/81473"}],"wp:featuredmedia":[{"embeddable":true,"href":"https:\/\/www.lasrosas.com.ar\/portal\/wp-json\/wp\/v2\/media\/81472"}],"wp:attachment":[{"href":"https:\/\/www.lasrosas.com.ar\/portal\/wp-json\/wp\/v2\/media?parent=81471"}],"wp:term":[{"taxonomy":"category","embeddable":true,"href":"https:\/\/www.lasrosas.com.ar\/portal\/wp-json\/wp\/v2\/categories?post=81471"},{"taxonomy":"post_tag","embeddable":true,"href":"https:\/\/www.lasrosas.com.ar\/portal\/wp-json\/wp\/v2\/tags?post=81471"}],"curies":[{"name":"wp","href":"https:\/\/api.w.org\/{rel}","templated":true}]}}