{"id":81252,"date":"2024-11-25T13:30:50","date_gmt":"2024-11-25T16:30:50","guid":{"rendered":"https:\/\/www.lasrosas.com.ar\/portal\/?p=81252"},"modified":"2024-11-25T13:30:50","modified_gmt":"2024-11-25T16:30:50","slug":"emilia-es-la-interprete-de-al-final-la-nueva-cancion-de-moana-2-que-hoy-estrena-su-videoclip","status":"publish","type":"post","link":"https:\/\/www.lasrosas.com.ar\/portal\/emilia-es-la-interprete-de-al-final-la-nueva-cancion-de-moana-2-que-hoy-estrena-su-videoclip\/","title":{"rendered":"EMILIA ES LA INT\u00c9RPRETE DE \u201cAL FINAL\u201d, LA NUEVA CANCI\u00d3N  DE MOANA 2, QUE HOY ESTRENA SU VIDEOCLIP"},"content":{"rendered":"<p>LA NUEVA PEL\u00cdCULA DE WALT DISNEY ANIMATION STUDIOS ESTRENA EL 28 DE NOVIEMBRE SOLO EN CINES.<\/p>\n<p>Ya se encuentra disponible el videoclip de \u201cAl Final\u201d, el nuevo sencillo de MOANA 2 interpretado por la cantante, compositora y actriz argentina Emilia. \u201cAl Final\u201d es la canci\u00f3n de cr\u00e9ditos finales y forma parte de la banda sonora que ya puede encontrarse en plataformas digitales. La nueva pel\u00edcula de Walt Disney Animation Studios estrena el pr\u00f3ximo jueves 28 de noviembre solo en cines.<\/p>\n<p>La estrella pop Emilia lanz\u00f3 el a\u00f1o pasado su segundo \u00e1lbum de estudio .MP3, que debut\u00f3 como el \u00e1lbum femenino #1 a nivel mundial, batiendo r\u00e9cords con m\u00e1s de 356 millones de reproducciones apenas unos d\u00edas despu\u00e9s de su lanzamiento. El disco tambi\u00e9n le vali\u00f3 su primera nominaci\u00f3n al Latin GRAMMY\u00ae como \u201cMejor \u00c1lbum Vocal Pop\u201d. Adem\u00e1s, Emilia inici\u00f3 la tan esperada gira .MP3 en Argentina el pasado abril, donde rompi\u00f3 r\u00e9cords al vender 10 shows en el Movistar Arena en solo 10 horas en Buenos Aires. \u201cAl Final\u201d, al igual que gran parte de su trabajo, refleja la continua dedicaci\u00f3n de Emilia por amplificar las voces femeninas en la industria de la m\u00fasica, siguiendo su camino de romper barreras e inspirar con sus mensajes empoderadores.<\/p>\n<p><a href=\"https:\/\/www.youtube.com\/watch?v=88W5EFzC6rA\">https:\/\/www.youtube.com\/watch?v=88W5EFzC6rA<\/a><\/p>\n<p>&nbsp;<\/p>\n<!-- AddThis Advanced Settings generic via filter on the_content --><!-- AddThis Share Buttons generic via filter on the_content -->","protected":false},"excerpt":{"rendered":"<p>LA NUEVA PEL\u00cdCULA DE WALT DISNEY ANIMATION STUDIOS ESTRENA EL 28 DE NOVIEMBRE SOLO EN CINES. Ya se encuentra disponible el videoclip de \u201cAl Final\u201d, el nuevo sencillo de MOANA 2 interpretado por la cantante, compositora y actriz argentina Emilia. \u201cAl Final\u201d es la canci\u00f3n de cr\u00e9ditos finales y forma parte de la banda sonora [&hellip;]<!-- AddThis Advanced Settings generic via filter on get_the_excerpt --><!-- AddThis Share Buttons generic via filter on get_the_excerpt --><\/p>\n","protected":false},"author":6,"featured_media":81253,"comment_status":"closed","ping_status":"open","sticky":false,"template":"","format":"standard","meta":{"_acf_changed":false,"om_disable_all_campaigns":false,"_monsterinsights_skip_tracking":false,"_monsterinsights_sitenote_active":false,"_monsterinsights_sitenote_note":"","_monsterinsights_sitenote_category":0,"_uf_show_specific_survey":0,"_uf_disable_surveys":false,"footnotes":""},"categories":[100],"tags":[641,792,613,528,1140],"class_list":["post-81252","post","type-post","status-publish","format-standard","has-post-thumbnail","hentry","category-noticias","tag-animacion","tag-cancion","tag-emilia","tag-estreno","tag-moana"],"acf":[],"aioseo_notices":[],"_links":{"self":[{"href":"https:\/\/www.lasrosas.com.ar\/portal\/wp-json\/wp\/v2\/posts\/81252","targetHints":{"allow":["GET"]}}],"collection":[{"href":"https:\/\/www.lasrosas.com.ar\/portal\/wp-json\/wp\/v2\/posts"}],"about":[{"href":"https:\/\/www.lasrosas.com.ar\/portal\/wp-json\/wp\/v2\/types\/post"}],"author":[{"embeddable":true,"href":"https:\/\/www.lasrosas.com.ar\/portal\/wp-json\/wp\/v2\/users\/6"}],"replies":[{"embeddable":true,"href":"https:\/\/www.lasrosas.com.ar\/portal\/wp-json\/wp\/v2\/comments?post=81252"}],"version-history":[{"count":1,"href":"https:\/\/www.lasrosas.com.ar\/portal\/wp-json\/wp\/v2\/posts\/81252\/revisions"}],"predecessor-version":[{"id":81254,"href":"https:\/\/www.lasrosas.com.ar\/portal\/wp-json\/wp\/v2\/posts\/81252\/revisions\/81254"}],"wp:featuredmedia":[{"embeddable":true,"href":"https:\/\/www.lasrosas.com.ar\/portal\/wp-json\/wp\/v2\/media\/81253"}],"wp:attachment":[{"href":"https:\/\/www.lasrosas.com.ar\/portal\/wp-json\/wp\/v2\/media?parent=81252"}],"wp:term":[{"taxonomy":"category","embeddable":true,"href":"https:\/\/www.lasrosas.com.ar\/portal\/wp-json\/wp\/v2\/categories?post=81252"},{"taxonomy":"post_tag","embeddable":true,"href":"https:\/\/www.lasrosas.com.ar\/portal\/wp-json\/wp\/v2\/tags?post=81252"}],"curies":[{"name":"wp","href":"https:\/\/api.w.org\/{rel}","templated":true}]}}