{"id":81237,"date":"2024-11-25T12:31:26","date_gmt":"2024-11-25T15:31:26","guid":{"rendered":"https:\/\/www.lasrosas.com.ar\/portal\/?p=81237"},"modified":"2024-11-25T12:31:26","modified_gmt":"2024-11-25T15:31:26","slug":"dermaglos-solar-te-invita-a-chequear-tus-lunares-de-forma-gratuita","status":"publish","type":"post","link":"https:\/\/www.lasrosas.com.ar\/portal\/dermaglos-solar-te-invita-a-chequear-tus-lunares-de-forma-gratuita\/","title":{"rendered":"DERMAGL\u00d3S SOLAR TE INVITA A CHEQUEAR TUS LUNARES DE FORMA GRATUITA"},"content":{"rendered":"<p>Con el respaldo de Laboratorios Andr\u00f3maco, Dermagl\u00f3s Solar lanza una propuesta de chequeo de lunares en forma gratuita. En el marco de la campa\u00f1a \u201cEst\u00e1s a tiempo\u201d la marca l\u00edder en protecci\u00f3n solar te invita los d\u00edas 22, 23, 24, 29, 30 de noviembre y 1 de diciembre, de 15 a 21 hs a pasar por Distrito Arcos.<\/p>\n<p>Haciendo foco en la importancia de cuidarse los 365 d\u00edas del a\u00f1o y reforzando la idea de que est\u00e1s a tiempo de cambiar tu historia con el sol, Dermagl\u00f3s, la marca n\u00famero uno en cuidados de la piel, busca concientizar sobre la importancia de cuidarse todos los d\u00edas. En Distrito Arcos los d\u00edas 22, 23, 24, 29, 30 de noviembre y 1 de diciembre, de 15 a 21 hs, estar\u00e1 disponible un consultorio con M\u00e9dicos Dermat\u00f3logos que, mediante herramientas de IA, realizar\u00e1n chequeos gratuitos de lunares. Adem\u00e1s, a trav\u00e9s de una c\u00e1mara de rayos UV se podr\u00e1 ver el efecto de la protecci\u00f3n solar en la piel.<\/p>\n<p>Es importante prevenir y cuidar la piel de la exposici\u00f3n a los rayos UV. Hay que utilizar protector solar inclusive los d\u00edas nublados, ya que las nubes dejan pasar el 85% de las radiaciones UV (responsables del enrojecimiento, manchas, quemaduras y fotoenvejecimiento de la piel). Hay estudios que demuestran que el da\u00f1o producido por el sol es acumulativo, el 80% de los rayos UV se acumulan en la piel en los primeros 18 a\u00f1os de vida (Fuente: https:\/\/www.cancerdepiel.org.ar\/)<\/p>\n<p>\u201cTanto en la playa, en la monta\u00f1a como en la ciudad est\u00e1s expuesto a las radiaciones UV, por lo que se recomienda usar protecci\u00f3n solar, cualquiera sea el lugar donde est\u00e9s. Es importante que lo apliques en el cuerpo, con especial atenci\u00f3n al cuello, orejas, labios, escote, manos y dorso de los pies, que muchas veces dejamos sin protecci\u00f3n y son m\u00e1s proclives a las quemaduras solares. Record\u00e1 tambi\u00e9n que, si trabajas o pasas tiempo cerca de ventanas, o dentro del auto, los vidrios permiten el paso de rayos UVA, por lo que tambi\u00e9n es recomendable ponerse protecci\u00f3n solar en estas circunstancias.\u201d Mencion\u00f3 la asesora para Dermagl\u00f3s Dra. Mar\u00eda In\u00e9s Hern\u00e1ndez, M\u00e9dica Dermat\u00f3loga, MN: 99153<\/p>\n<p>Dermagl\u00f3s recomienda usar protector solar con un FPS de 50 o m\u00e1s, aplic\u00e1ndolo de manera uniforme y en cantidades suficientes, al menos 30 minutos antes de la exposici\u00f3n al sol e incluso en los d\u00edas nublados. Es importante reaplicarlo cada 2 horas, as\u00ed como despu\u00e9s de una sudoraci\u00f3n intensa o al salir del agua. Adem\u00e1s, se aconseja evitar la exposici\u00f3n al sol entre las 10 y las 16 horas. Es importante cubrir con protector zonas delicadas, como las orejas, los empeines, la nuca y entre los dedos. As\u00ed como tambi\u00e9n, tomar mucha agua y usar sombrero.<\/p>\n<p><strong>Acerca de Dermagl\u00f3s<\/strong><br \/>\nDermagl\u00f3s protege la piel de toda la familia y todas sus actividades bajo el sol porque estar protegidos es sin\u00f3nimo de disfrutar m\u00e1s. Por eso, cuenta con la l\u00ednea m\u00e1s amplia de protectores solares, con productos para cada momento y necesidad. Todos los productos de la l\u00ednea son hipoalerg\u00e9nicos, resistentes al agua, testeados dermatol\u00f3gicamente y son elaborados siguiendo los m\u00e1s exigentes est\u00e1ndares nacionales e internacionales de calidad, pensando en lo mejor para el cuidado de la piel. Dermagl\u00f3s es sin\u00f3nimo de protecci\u00f3n y disfrute al aire libre, ofreciendo una l\u00ednea muy efectiva y completa para el cuidado de la piel con opciones pensadas para cada miembro de la familia.<\/p>\n<!-- AddThis Advanced Settings generic via filter on the_content --><!-- AddThis Share Buttons generic via filter on the_content -->","protected":false},"excerpt":{"rendered":"<p>Con el respaldo de Laboratorios Andr\u00f3maco, Dermagl\u00f3s Solar lanza una propuesta de chequeo de lunares en forma gratuita. En el marco de la campa\u00f1a \u201cEst\u00e1s a tiempo\u201d la marca l\u00edder en protecci\u00f3n solar te invita los d\u00edas 22, 23, 24, 29, 30 de noviembre y 1 de diciembre, de 15 a 21 hs a pasar [&hellip;]<!-- AddThis Advanced Settings generic via filter on get_the_excerpt --><!-- AddThis Share Buttons generic via filter on get_the_excerpt --><\/p>\n","protected":false},"author":6,"featured_media":81240,"comment_status":"closed","ping_status":"open","sticky":false,"template":"","format":"standard","meta":{"_acf_changed":false,"om_disable_all_campaigns":false,"_monsterinsights_skip_tracking":false,"_monsterinsights_sitenote_active":false,"_monsterinsights_sitenote_note":"","_monsterinsights_sitenote_category":0,"_uf_show_specific_survey":0,"_uf_disable_surveys":false,"footnotes":""},"categories":[100],"tags":[512,511,478,766,477,767],"class_list":["post-81237","post","type-post","status-publish","format-standard","has-post-thumbnail","hentry","category-noticias","tag-cuidado","tag-dermaglos","tag-piel","tag-protector","tag-skincare","tag-solar"],"acf":[],"aioseo_notices":[],"_links":{"self":[{"href":"https:\/\/www.lasrosas.com.ar\/portal\/wp-json\/wp\/v2\/posts\/81237","targetHints":{"allow":["GET"]}}],"collection":[{"href":"https:\/\/www.lasrosas.com.ar\/portal\/wp-json\/wp\/v2\/posts"}],"about":[{"href":"https:\/\/www.lasrosas.com.ar\/portal\/wp-json\/wp\/v2\/types\/post"}],"author":[{"embeddable":true,"href":"https:\/\/www.lasrosas.com.ar\/portal\/wp-json\/wp\/v2\/users\/6"}],"replies":[{"embeddable":true,"href":"https:\/\/www.lasrosas.com.ar\/portal\/wp-json\/wp\/v2\/comments?post=81237"}],"version-history":[{"count":1,"href":"https:\/\/www.lasrosas.com.ar\/portal\/wp-json\/wp\/v2\/posts\/81237\/revisions"}],"predecessor-version":[{"id":81241,"href":"https:\/\/www.lasrosas.com.ar\/portal\/wp-json\/wp\/v2\/posts\/81237\/revisions\/81241"}],"wp:featuredmedia":[{"embeddable":true,"href":"https:\/\/www.lasrosas.com.ar\/portal\/wp-json\/wp\/v2\/media\/81240"}],"wp:attachment":[{"href":"https:\/\/www.lasrosas.com.ar\/portal\/wp-json\/wp\/v2\/media?parent=81237"}],"wp:term":[{"taxonomy":"category","embeddable":true,"href":"https:\/\/www.lasrosas.com.ar\/portal\/wp-json\/wp\/v2\/categories?post=81237"},{"taxonomy":"post_tag","embeddable":true,"href":"https:\/\/www.lasrosas.com.ar\/portal\/wp-json\/wp\/v2\/tags?post=81237"}],"curies":[{"name":"wp","href":"https:\/\/api.w.org\/{rel}","templated":true}]}}