{"id":81130,"date":"2024-11-15T13:44:11","date_gmt":"2024-11-15T16:44:11","guid":{"rendered":"https:\/\/www.lasrosas.com.ar\/portal\/?p=81130"},"modified":"2024-11-15T13:44:11","modified_gmt":"2024-11-15T16:44:11","slug":"paez-ft-hardem-la-mirada-del-rock-nacional-en-una-coleccion-de-lentes-exclusiva","status":"publish","type":"post","link":"https:\/\/www.lasrosas.com.ar\/portal\/paez-ft-hardem-la-mirada-del-rock-nacional-en-una-coleccion-de-lentes-exclusiva\/","title":{"rendered":"P\u00c1EZ ft. HARDEM: LA MIRADA DEL ROCK NACIONAL EN UNA COLECCI\u00d3N DE LENTES EXCLUSIVA"},"content":{"rendered":"<p><strong id=\"m_3140318062671202525m_-3340551199188465667m_-6744477011031610297m_-7988115123162198677m_1654673157644099015m_-8610535946092019558m_-1526646059978990504m_4695849740481999830docs-internal-guid-3def068f-7fff-5957-9942-44ebbcfd28ea\"><em>Por primera vez, el m\u00fasico argentino lanza una l\u00ednea de lentes que lleva su ic\u00f3nica impronta. P\u00e1ez ft. Hardem es la primera colecci\u00f3n en la que Fito elige y dise\u00f1a los lentes que lo acompa\u00f1aron a lo largo de toda su carrera art\u00edstica y lo har\u00e1n en sus pr\u00f3ximos shows.\u00a0<\/em><\/strong><\/p>\n<p dir=\"ltr\">Fito P\u00e1ez, en colaboraci\u00f3n con la prestigiosa marca nacional de lentes Hardem, lanza su primera colecci\u00f3n de lentes de dise\u00f1o, llevando su estilo \u00fanico a un nuevo \u00e1mbito creativo. La colecci\u00f3n \u00abP\u00c1EZ ft. HRDM\u00bb fusiona la pasi\u00f3n por la moda, el arte y la m\u00fasica, reflejando la personalidad y est\u00e9tica inconfundible del legendario artista.<\/p>\n<p dir=\"ltr\"><em>\u201cEstamos sumamente orgullosos de ser la marca que convoca a Fito a tener su propia c\u00e1psula de lentes, <\/em><em>esta collab es una celebraci\u00f3n del legado de un artista que marca a generaciones con su m\u00fasica y con su estilo inconfundible. No se trata solo de lentes, sino de piezas que encapsulan la esencia creativa de Fito en los momentos clave de su vida art\u00edstica. <\/em><em>Ambos entendemos que los lentes son m\u00e1s que un objeto, son un sello de personalidad y vanguardia y \u00e9l ha dado muestra de \u00e9sto\u201d expres\u00f3 Nicol\u00e1s Schirmer, CEO de <\/em><a href=\"https:\/\/emails.soyprensa.com.ar\/c\/r39yp\/pmgvfpbb\/21idmg73wdc\" target=\"_blank\" rel=\"noopener\" data-saferedirecturl=\"https:\/\/www.google.com\/url?q=https:\/\/emails.soyprensa.com.ar\/c\/r39yp\/pmgvfpbb\/21idmg73wdc&amp;source=gmail&amp;ust=1731759537756000&amp;usg=AOvVaw2TaYGYDp_9hKj5aER9PocU\"><em>Hardem Eyewear<\/em><\/a><em> y continu\u00f3, como fundador de la marca y a nivel personal, cumplimos el deseo de que Hardem, una marca argentina, con estilo propio sea la elegida de uno de los m\u00fasicos m\u00e1s importantes de la historia del rock\u201d cerr\u00f3 Schirmer.<\/em><\/p>\n<p dir=\"ltr\"><img decoding=\"async\" class=\"wp-image-81132 aligncenter lazyload\" data-src=\"https:\/\/www.lasrosas.com.ar\/portal\/wp-content\/uploads\/@mezzutt-Marcos-Mezzottoni3.jpg\" alt=\"\" width=\"1616\" height=\"1077\" data-srcset=\"https:\/\/www.lasrosas.com.ar\/portal\/wp-content\/uploads\/@mezzutt-Marcos-Mezzottoni3.jpg 2048w, https:\/\/www.lasrosas.com.ar\/portal\/wp-content\/uploads\/@mezzutt-Marcos-Mezzottoni3-960x640.jpg 960w, https:\/\/www.lasrosas.com.ar\/portal\/wp-content\/uploads\/@mezzutt-Marcos-Mezzottoni3-1920x1281.jpg 1920w, https:\/\/www.lasrosas.com.ar\/portal\/wp-content\/uploads\/@mezzutt-Marcos-Mezzottoni3-1536x1025.jpg 1536w\" data-sizes=\"(max-width: 1616px) 100vw, 1616px\" src=\"data:image\/svg+xml;base64,PHN2ZyB3aWR0aD0iMSIgaGVpZ2h0PSIxIiB4bWxucz0iaHR0cDovL3d3dy53My5vcmcvMjAwMC9zdmciPjwvc3ZnPg==\" style=\"--smush-placeholder-width: 1616px; --smush-placeholder-aspect-ratio: 1616\/1077;\" \/><\/p>\n<p dir=\"ltr\"><strong>Sobre la colecci\u00f3n<\/strong><\/p>\n<p dir=\"ltr\">Este lanzamiento presenta tres modelos de lentes en los que el rosarino expresa su visi\u00f3n art\u00edstica, innovaci\u00f3n y autenticidad. Dos de los dise\u00f1os nacen con el objetivo de volverse recreaciones de los ic\u00f3nicos lentes que acompa\u00f1aron a Fito durante la creaci\u00f3n de \u201cCirco Beat\u201d y \u201cDel 63\u201d. Y no solo hablan de moda, hablan de una \u00e9poca de transformaci\u00f3n, libertad y creatividad pura, en la esencia de lo que Fito fue y es. A trav\u00e9s de ellos, se revive esa mirada \u00fanica que defini\u00f3 una era. Y, el tercer dise\u00f1o, in\u00e9dito, culmina en una representaci\u00f3n de su esp\u00edritu actual, un homenaje a la expresi\u00f3n propia del cantante, siempre fiel a su esencia.<\/p>\n<p dir=\"ltr\"><em>\u201cIba en un auto en Buenos Aires. De pronto paramos en una esquina cuando el sem\u00e1foro se puso en rojo. Vi a una piba que se aprestaba a cruzar. Ten\u00eda unos lentes que se ca\u00edan de onda. R\u00e1pidamente me baje del auto, me acerque hasta ella antes de que cruzara la calle. Ella se asust\u00f3 con mi aparici\u00f3n repentina. Le ped\u00ed disculpas por el susto y le pregunt\u00e9 por sus lentes. Eran elegantes y ex\u00f3ticos a la vez. \u201cSon de Hardem\u201d me contest\u00f3 sin m\u00e1s. Le agradec\u00ed y sub\u00ed como un rayo al auto antes que el sem\u00e1foro se pusiera verde. Estaba con Eugenia, mi compa\u00f1era. \u201cSon los lentes que vas a usar en 30\/40\u201d, me dijo antes de que yo abriera la boca mientras pisaba el acelerador. Gracias a la gente de Hardem por acompa\u00f1arme en esta nueva aventura y a la piba que me cruce en la calle por esa m\u00e1gica aparici\u00f3n en la misteriosa Buenos Aires\u201d cont\u00f3 Fito.<\/em><\/p>\n<p dir=\"ltr\">P\u00e1ez ft. HRDM es una fusi\u00f3n de m\u00fasica, historia y estilo. Con esta colecci\u00f3n, te invitamos a ver el mundo a trav\u00e9s de los ojos de una leyenda, llevando un fragmento de la historia de un artista que nunca dej\u00f3 de so\u00f1ar ni de desafiar las normas.<\/p>\n<p dir=\"ltr\"><img decoding=\"async\" class=\"wp-image-81133 aligncenter lazyload\" data-src=\"https:\/\/www.lasrosas.com.ar\/portal\/wp-content\/uploads\/@mezzutt-Marcos-Mezzottoni6.jpg\" alt=\"\" width=\"1593\" height=\"1062\" data-srcset=\"https:\/\/www.lasrosas.com.ar\/portal\/wp-content\/uploads\/@mezzutt-Marcos-Mezzottoni6.jpg 2048w, https:\/\/www.lasrosas.com.ar\/portal\/wp-content\/uploads\/@mezzutt-Marcos-Mezzottoni6-960x640.jpg 960w, https:\/\/www.lasrosas.com.ar\/portal\/wp-content\/uploads\/@mezzutt-Marcos-Mezzottoni6-1920x1281.jpg 1920w, https:\/\/www.lasrosas.com.ar\/portal\/wp-content\/uploads\/@mezzutt-Marcos-Mezzottoni6-1536x1025.jpg 1536w\" data-sizes=\"(max-width: 1593px) 100vw, 1593px\" src=\"data:image\/svg+xml;base64,PHN2ZyB3aWR0aD0iMSIgaGVpZ2h0PSIxIiB4bWxucz0iaHR0cDovL3d3dy53My5vcmcvMjAwMC9zdmciPjwvc3ZnPg==\" style=\"--smush-placeholder-width: 1593px; --smush-placeholder-aspect-ratio: 1593\/1062;\" \/><\/p>\n<p dir=\"ltr\"><strong>HARDEM EYEWEAR &#8211; \u00abSEE BEYOND\u00bb\u00a0<\/strong><\/p>\n<p dir=\"ltr\">Hardem, como su lema lo indica, se impulsa en el mercado de la moda por \u00abver m\u00e1s all\u00e1\u00bb del clasicismo que tiene la industria de la \u00f3ptica. La marca entiende que los anteojos se han convertido en un accesorio de moda protagonista e indispensable por eso trabaja en la producci\u00f3n de modelos con gran diversidad de estilos y paletas de colores, dando como resultado colecciones que van m\u00e1s all\u00e1 de las tendencias y conquistan al p\u00fablico de esp\u00edritu joven, libre y explorador.<\/p>\n<!-- AddThis Advanced Settings generic via filter on the_content --><!-- AddThis Share Buttons generic via filter on the_content -->","protected":false},"excerpt":{"rendered":"<p>Por primera vez, el m\u00fasico argentino lanza una l\u00ednea de lentes que lleva su ic\u00f3nica impronta. P\u00e1ez ft. Hardem es la primera colecci\u00f3n en la que Fito elige y dise\u00f1a los lentes que lo acompa\u00f1aron a lo largo de toda su carrera art\u00edstica y lo har\u00e1n en sus pr\u00f3ximos shows.\u00a0 Fito P\u00e1ez, en colaboraci\u00f3n con [&hellip;]<!-- AddThis Advanced Settings generic via filter on get_the_excerpt --><!-- AddThis Share Buttons generic via filter on get_the_excerpt --><\/p>\n","protected":false},"author":6,"featured_media":81131,"comment_status":"closed","ping_status":"open","sticky":false,"template":"","format":"standard","meta":{"_acf_changed":false,"om_disable_all_campaigns":false,"_monsterinsights_skip_tracking":false,"_monsterinsights_sitenote_active":false,"_monsterinsights_sitenote_note":"","_monsterinsights_sitenote_category":0,"_uf_show_specific_survey":0,"_uf_disable_surveys":false,"footnotes":""},"categories":[100],"tags":[510,1120,1122,1121,460],"class_list":["post-81130","post","type-post","status-publish","format-standard","has-post-thumbnail","hentry","category-noticias","tag-concierto","tag-fito","tag-hardem","tag-paez","tag-show"],"acf":[],"aioseo_notices":[],"_links":{"self":[{"href":"https:\/\/www.lasrosas.com.ar\/portal\/wp-json\/wp\/v2\/posts\/81130","targetHints":{"allow":["GET"]}}],"collection":[{"href":"https:\/\/www.lasrosas.com.ar\/portal\/wp-json\/wp\/v2\/posts"}],"about":[{"href":"https:\/\/www.lasrosas.com.ar\/portal\/wp-json\/wp\/v2\/types\/post"}],"author":[{"embeddable":true,"href":"https:\/\/www.lasrosas.com.ar\/portal\/wp-json\/wp\/v2\/users\/6"}],"replies":[{"embeddable":true,"href":"https:\/\/www.lasrosas.com.ar\/portal\/wp-json\/wp\/v2\/comments?post=81130"}],"version-history":[{"count":1,"href":"https:\/\/www.lasrosas.com.ar\/portal\/wp-json\/wp\/v2\/posts\/81130\/revisions"}],"predecessor-version":[{"id":81134,"href":"https:\/\/www.lasrosas.com.ar\/portal\/wp-json\/wp\/v2\/posts\/81130\/revisions\/81134"}],"wp:featuredmedia":[{"embeddable":true,"href":"https:\/\/www.lasrosas.com.ar\/portal\/wp-json\/wp\/v2\/media\/81131"}],"wp:attachment":[{"href":"https:\/\/www.lasrosas.com.ar\/portal\/wp-json\/wp\/v2\/media?parent=81130"}],"wp:term":[{"taxonomy":"category","embeddable":true,"href":"https:\/\/www.lasrosas.com.ar\/portal\/wp-json\/wp\/v2\/categories?post=81130"},{"taxonomy":"post_tag","embeddable":true,"href":"https:\/\/www.lasrosas.com.ar\/portal\/wp-json\/wp\/v2\/tags?post=81130"}],"curies":[{"name":"wp","href":"https:\/\/api.w.org\/{rel}","templated":true}]}}