{"id":80967,"date":"2024-11-05T09:51:56","date_gmt":"2024-11-05T12:51:56","guid":{"rendered":"https:\/\/www.lasrosas.com.ar\/portal\/?p=80967"},"modified":"2024-11-05T09:51:56","modified_gmt":"2024-11-05T12:51:56","slug":"polenta-en-la-33a-marcha-del-orgullo-argentina","status":"publish","type":"post","link":"https:\/\/www.lasrosas.com.ar\/portal\/polenta-en-la-33a-marcha-del-orgullo-argentina\/","title":{"rendered":"POLENTA EN LA 33\u00aa MARCHA DEL ORGULLO ARGENTINA"},"content":{"rendered":"<p><strong id=\"m_-8526997059236111357m_-3969535202512091278docs-internal-guid-f9835c5b-7fff-2078-0b30-08c9e4876bf7\">Por primera vez la fiesta Polenta particip\u00f3 de la Marcha del Orgullo desde Plaza de Mayo hasta el Congreso.<\/strong><\/p>\n<p dir=\"ltr\">Definitivamente la fiesta\u00a0Polenta\u00a0es una sensaci\u00f3n dentro de las fiestas de m\u00fasica urbana, no s\u00f3lo en Buenos Aires (donde tiene su origen y su casa en el C Art Media) sino tambi\u00e9n a nivel nacional e internacional. En pleno \u00e9xito en su pa\u00eds natal, Argentina, la fiesta pisa fuerte en el exterior y empieza a ganar su espacio en Espa\u00f1a luego de varias presentaciones en Barcelona y Madrid, tambi\u00e9n en Estados Unidos (con fiestas en Nueva York y Miami) y Uruguay, pa\u00eds que ya es como su segunda casa.<\/p>\n<p dir=\"ltr\"><em>Polenta es la fiesta que conquist\u00f3 al p\u00fablico:<\/em>\u00a0re\u00fane lo mejor a nivel t\u00e9cnico y visual de una fiesta electr\u00f3nica, pero con el m\u00e1s alto nivel de la m\u00fasica urbana y pop. Con esa combinaci\u00f3n,\u00a0Polenta\u00a0se sum\u00f3 a la caravana de la Marcha del Orgullo en Argentina.<\/p>\n\r\n\t\t<style type='text\/css'>\r\n\t\t\t#gallery-1 {\r\n\t\t\t\tmargin: auto;\r\n\t\t\t}\r\n\t\t\t#gallery-1 .gallery-item {\r\n\t\t\t\tfloat: left;\r\n\t\t\t\tmargin-top: 10px;\r\n\t\t\t\ttext-align: center;\r\n\t\t\t\twidth: 33%;\r\n\t\t\t}\r\n\t\t\t#gallery-1 img {\r\n\t\t\t\tborder: 2px solid #cfcfcf;\r\n\t\t\t}\r\n\t\t\t#gallery-1 .gallery-caption {\r\n\t\t\t\tmargin-left: 0;\r\n\t\t\t}\r\n\t\t<\/style>\r\n\t\t<!-- see gallery_shortcode() in wp-includes\/media.php -->\n\t\t<div id='gallery-1' class='gallery galleryid-80967 gallery-columns-3 gallery-size-thumbnail gallery1'><script type=\"text\/javascript\">\r\n\/\/ <![CDATA[\r\n\tjQuery(document).ready(function () {\r\n\t\tjQuery(\".gallery1 a\").attr(\"rel\",\"gallery1\");\t\r\n\t\tjQuery('a[rel=\"gallery1\"]').colorbox({maxWidth:\"95%\", maxHeight:\"95%\",title: function(){ return jQuery(this).children().attr(\"alt\"); }, });\r\n\t});\r\n\/\/ ]]>\r\n<\/script>\n<dl class=\"gallery-item\">\n<dt class=\"gallery-icon\">\r\n<a href=\"https:\/\/www.lasrosas.com.ar\/portal\/wp-content\/uploads\/1J1A8524-1280x1920.jpg\" title=\"\" rel=\"gallery1\"><img decoding=\"async\" data-src=\"https:\/\/www.lasrosas.com.ar\/portal\/wp-content\/uploads\/1J1A8524-640x480.jpg\" width=\"640\" height=\"480\" alt=\"\" src=\"data:image\/svg+xml;base64,PHN2ZyB3aWR0aD0iMSIgaGVpZ2h0PSIxIiB4bWxucz0iaHR0cDovL3d3dy53My5vcmcvMjAwMC9zdmciPjwvc3ZnPg==\" class=\"lazyload\" style=\"--smush-placeholder-width: 640px; --smush-placeholder-aspect-ratio: 640\/480;\" \/><\/a>\r\n<\/dt><\/dl><dl class=\"gallery-item\">\n<dt class=\"gallery-icon\">\r\n<a href=\"https:\/\/www.lasrosas.com.ar\/portal\/wp-content\/uploads\/1J1A0309-1280x1920.jpg\" title=\"\" rel=\"gallery1\"><img decoding=\"async\" data-src=\"https:\/\/www.lasrosas.com.ar\/portal\/wp-content\/uploads\/1J1A0309-640x480.jpg\" width=\"640\" height=\"480\" alt=\"\" src=\"data:image\/svg+xml;base64,PHN2ZyB3aWR0aD0iMSIgaGVpZ2h0PSIxIiB4bWxucz0iaHR0cDovL3d3dy53My5vcmcvMjAwMC9zdmciPjwvc3ZnPg==\" class=\"lazyload\" style=\"--smush-placeholder-width: 640px; --smush-placeholder-aspect-ratio: 640\/480;\" \/><\/a>\r\n<\/dt><\/dl><dl class=\"gallery-item\">\n<dt class=\"gallery-icon\">\r\n<a href=\"https:\/\/www.lasrosas.com.ar\/portal\/wp-content\/uploads\/1J1A0075-1280x1920.jpg\" title=\"\" rel=\"gallery1\"><img decoding=\"async\" data-src=\"https:\/\/www.lasrosas.com.ar\/portal\/wp-content\/uploads\/1J1A0075-640x480.jpg\" width=\"640\" height=\"480\" alt=\"\" src=\"data:image\/svg+xml;base64,PHN2ZyB3aWR0aD0iMSIgaGVpZ2h0PSIxIiB4bWxucz0iaHR0cDovL3d3dy53My5vcmcvMjAwMC9zdmciPjwvc3ZnPg==\" class=\"lazyload\" style=\"--smush-placeholder-width: 640px; --smush-placeholder-aspect-ratio: 640\/480;\" \/><\/a>\r\n<\/dt><\/dl><br style=\"clear: both\" \/>\r\n\t\t<\/div>\n\n<p dir=\"ltr\"><strong id=\"m_-8526997059236111357m_-3969535202512091278docs-internal-guid-da37a2ca-7fff-6178-4317-60ceb8dc6942\"><strong>Compromiso con la Inclusi\u00f3n en la Organizaci\u00f3n<\/strong><\/strong><\/p>\n<p dir=\"ltr\">Un aspecto destacado de Polenta es su firme compromiso con la inclusi\u00f3n, no solo en los espacios de disfrute, sino tambi\u00e9n en los procesos organizativos. Las decisiones clave del evento son tomadas por un equipo compuesto en su mayor\u00eda por mujeres y personas del colectivo queer, reflejando los valores de equidad y representaci\u00f3n que la fiesta promueve.<\/p>\n<p dir=\"ltr\">La fiesta comenz\u00f3 en 2019 con un staff de 3 personas, y hoy el equipo est\u00e1 compuesto por aproximadamente 60 personas por evento,-VJ\u00b4s, core\u00f3grafas, bailarines, t\u00e9cnicos, productores, etc.<\/p>\n<p dir=\"ltr\">Polenta tiene un prop\u00f3sito y es llevarle luz a la noche. La noche puede llegar a ser hostil y oscura, por eso, de ah\u00ed la misi\u00f3n de traer algo de luz a trav\u00e9s de los \u00e1ngeles y una crew de amigxs que brinda la sensaci\u00f3n de estar en casa. Polenta es un ambiente seguro y amigable.<\/p>\n<p dir=\"ltr\">\n<p dir=\"ltr\"><img decoding=\"async\" class=\"size-full wp-image-80972 aligncenter lazyload\" data-src=\"https:\/\/www.lasrosas.com.ar\/portal\/wp-content\/uploads\/1J1A9181.jpg\" alt=\"\" width=\"2048\" height=\"1365\" data-srcset=\"https:\/\/www.lasrosas.com.ar\/portal\/wp-content\/uploads\/1J1A9181.jpg 2048w, https:\/\/www.lasrosas.com.ar\/portal\/wp-content\/uploads\/1J1A9181-960x640.jpg 960w, https:\/\/www.lasrosas.com.ar\/portal\/wp-content\/uploads\/1J1A9181-1920x1280.jpg 1920w, https:\/\/www.lasrosas.com.ar\/portal\/wp-content\/uploads\/1J1A9181-1536x1024.jpg 1536w\" data-sizes=\"(max-width: 2048px) 100vw, 2048px\" src=\"data:image\/svg+xml;base64,PHN2ZyB3aWR0aD0iMSIgaGVpZ2h0PSIxIiB4bWxucz0iaHR0cDovL3d3dy53My5vcmcvMjAwMC9zdmciPjwvc3ZnPg==\" style=\"--smush-placeholder-width: 2048px; --smush-placeholder-aspect-ratio: 2048\/1365;\" \/><\/p>\n<!-- AddThis Advanced Settings generic via filter on the_content --><!-- AddThis Share Buttons generic via filter on the_content -->","protected":false},"excerpt":{"rendered":"<p>Por primera vez la fiesta Polenta particip\u00f3 de la Marcha del Orgullo desde Plaza de Mayo hasta el Congreso. Definitivamente la fiesta\u00a0Polenta\u00a0es una sensaci\u00f3n dentro de las fiestas de m\u00fasica urbana, no s\u00f3lo en Buenos Aires (donde tiene su origen y su casa en el C Art Media) sino tambi\u00e9n a nivel nacional e internacional. [&hellip;]<!-- AddThis Advanced Settings generic via filter on get_the_excerpt --><!-- AddThis Share Buttons generic via filter on get_the_excerpt --><\/p>\n","protected":false},"author":6,"featured_media":80968,"comment_status":"closed","ping_status":"open","sticky":false,"template":"","format":"standard","meta":{"_acf_changed":false,"om_disable_all_campaigns":false,"_monsterinsights_skip_tracking":false,"_monsterinsights_sitenote_active":false,"_monsterinsights_sitenote_note":"","_monsterinsights_sitenote_category":0,"_uf_show_specific_survey":0,"_uf_disable_surveys":false,"footnotes":""},"categories":[100],"tags":[140,1097,437,1096,1095,1094],"class_list":["post-80967","post","type-post","status-publish","format-standard","has-post-thumbnail","hentry","category-noticias","tag-fiesta","tag-lgtb","tag-lgtbiq","tag-marcha","tag-orgullo","tag-polenta"],"acf":[],"aioseo_notices":[],"_links":{"self":[{"href":"https:\/\/www.lasrosas.com.ar\/portal\/wp-json\/wp\/v2\/posts\/80967","targetHints":{"allow":["GET"]}}],"collection":[{"href":"https:\/\/www.lasrosas.com.ar\/portal\/wp-json\/wp\/v2\/posts"}],"about":[{"href":"https:\/\/www.lasrosas.com.ar\/portal\/wp-json\/wp\/v2\/types\/post"}],"author":[{"embeddable":true,"href":"https:\/\/www.lasrosas.com.ar\/portal\/wp-json\/wp\/v2\/users\/6"}],"replies":[{"embeddable":true,"href":"https:\/\/www.lasrosas.com.ar\/portal\/wp-json\/wp\/v2\/comments?post=80967"}],"version-history":[{"count":1,"href":"https:\/\/www.lasrosas.com.ar\/portal\/wp-json\/wp\/v2\/posts\/80967\/revisions"}],"predecessor-version":[{"id":80973,"href":"https:\/\/www.lasrosas.com.ar\/portal\/wp-json\/wp\/v2\/posts\/80967\/revisions\/80973"}],"wp:featuredmedia":[{"embeddable":true,"href":"https:\/\/www.lasrosas.com.ar\/portal\/wp-json\/wp\/v2\/media\/80968"}],"wp:attachment":[{"href":"https:\/\/www.lasrosas.com.ar\/portal\/wp-json\/wp\/v2\/media?parent=80967"}],"wp:term":[{"taxonomy":"category","embeddable":true,"href":"https:\/\/www.lasrosas.com.ar\/portal\/wp-json\/wp\/v2\/categories?post=80967"},{"taxonomy":"post_tag","embeddable":true,"href":"https:\/\/www.lasrosas.com.ar\/portal\/wp-json\/wp\/v2\/tags?post=80967"}],"curies":[{"name":"wp","href":"https:\/\/api.w.org\/{rel}","templated":true}]}}