{"id":80936,"date":"2024-11-04T10:25:59","date_gmt":"2024-11-04T13:25:59","guid":{"rendered":"https:\/\/www.lasrosas.com.ar\/portal\/?p=80936"},"modified":"2024-11-04T10:25:59","modified_gmt":"2024-11-04T13:25:59","slug":"la-sirenamania-llego-al-gran-rex","status":"publish","type":"post","link":"https:\/\/www.lasrosas.com.ar\/portal\/la-sirenamania-llego-al-gran-rex\/","title":{"rendered":"LA SIRENAMANIA LLEG\u00d3 AL GRAN REX"},"content":{"rendered":"<p><strong id=\"m_-1956338157690062952m_8665569772800112661docs-internal-guid-485f7eba-7fff-f115-c28c-cd4d8fa383d1\">EL 28 Y 29 DE OCTUBRE SE REALIZARON LAS AUDICIONES ABIERTAS EN EL TEATRO GRAN REX PARA EL ROL DE ARIEL Y CONTIN\u00daA ABIERTA LA CONVOCATORIA PARA EL ENSAMBLE DE LA SIRENITA.<\/strong><\/p>\n<p dir=\"ltr\">Ozono, MP y los Rottemberg, realizaron el lunes 28 y martes 29 de octubre las audiciones abiertas en el Gran Rex para elegir el rol protag\u00f3nico del show musical de Disney que llegar\u00e1 a Buenos Aires en 2025.<\/p>\n<p dir=\"ltr\">A la convocatoria para el rol de Ariel se inscribieron 1723 actrices que sue\u00f1an con formar parte del ic\u00f3nico proyecto del pr\u00f3ximo a\u00f1o.<\/p>\n<p dir=\"ltr\">Hasta el 10 de noviembre contin\u00faa abierta la inscripci\u00f3n para ser parte del ensamble de la obra que nos invitar\u00e1 a descubrir una poderosa historia llena de aventuras bajo el mar.<\/p>\n<p dir=\"ltr\"><img decoding=\"async\" class=\"size-full wp-image-80937 aligncenter lazyload\" data-src=\"https:\/\/www.lasrosas.com.ar\/portal\/wp-content\/uploads\/unnamed-87-1-scaled.jpg\" alt=\"\" width=\"2048\" height=\"1368\" data-srcset=\"https:\/\/www.lasrosas.com.ar\/portal\/wp-content\/uploads\/unnamed-87-1-scaled.jpg 2048w, https:\/\/www.lasrosas.com.ar\/portal\/wp-content\/uploads\/unnamed-87-1-960x641.jpg 960w, https:\/\/www.lasrosas.com.ar\/portal\/wp-content\/uploads\/unnamed-87-1-1920x1283.jpg 1920w, https:\/\/www.lasrosas.com.ar\/portal\/wp-content\/uploads\/unnamed-87-1-1536x1026.jpg 1536w\" data-sizes=\"(max-width: 2048px) 100vw, 2048px\" src=\"data:image\/svg+xml;base64,PHN2ZyB3aWR0aD0iMSIgaGVpZ2h0PSIxIiB4bWxucz0iaHR0cDovL3d3dy53My5vcmcvMjAwMC9zdmciPjwvc3ZnPg==\" style=\"--smush-placeholder-width: 2048px; --smush-placeholder-aspect-ratio: 2048\/1368;\" \/><\/p>\n<p style=\"text-align: center;\"><strong id=\"m_-1956338157690062952m_8665569772800112661docs-internal-guid-bc12dad4-7fff-f811-0a91-223ac9231f96\"><em>LA SIRENITA<\/em> se realizar\u00e1 en el Rex de la mano de los productores y equipo creativo de sucesos como <em>Matilda <\/em>y m\u00e1s recientemente <em>School of Rock<\/em>.\u00a0<\/strong><\/p>\n<p>&nbsp;<\/p>\n<p dir=\"ltr\">La obra producida originalmente por <em>Disney Theatrical Group <\/em>est\u00e1 basada en el cl\u00e1sico animado de Disney y el cuento de Hans Christian Andersen. La m\u00fasica est\u00e1 a cargo de Alan Menken, las letras de Howard Ashman y Glenn Slater y el libro es de Doug Wright.<\/p>\n<p dir=\"ltr\">El equipo creativo est\u00e1 compuesto por el prestigioso director Ariel Del Mastro, que tendr\u00e1 a su cargo la Direcci\u00f3n General, Marcelo Caballero en la Direcci\u00f3n Actoral, Anal\u00eda Gonzalez en la Direcci\u00f3n Coreogr\u00e1fica, Jorge Ferrari en el dise\u00f1o escenogr\u00e1fico y Sebasti\u00e1n Mazzoni en la Direcci\u00f3n Vocal.<\/p>\n<p dir=\"ltr\">La obra cuenta en el gui\u00f3n original de Disney, la historia de Ariel, una curiosa y valiente sirenita que para poder vivir m\u00e1s all\u00e1 de la superficie debe dejar su hogar bajo el mar, desafiar a su padre Trit\u00f3n -el rey de los mares-, escaparse de los tent\u00e1culos de la malvada \u00darsula y convencer al pr\u00edncipe que ella es la muchacha de la voz, de la cual se ha enamorado.<\/p>\n<p dir=\"ltr\">Dirigida a todas las edades, a los amantes del cl\u00e1sico animado de Disney y a las nuevas generaciones que se ver\u00e1n atravesadas por un mundo de emociones y desaf\u00edos con una impactante y novedosa puesta en escena.<\/p>\n<p dir=\"ltr\" style=\"text-align: center;\"><strong>Las entradas saldr\u00e1n a la venta MUY PRONTO\u00a0<\/strong><\/p>\n<p dir=\"ltr\" style=\"text-align: center;\"><strong>y se podr\u00e1n adquirir por TU ENTRADA o en la boleter\u00eda del teatro.<\/strong><\/p>\n<p dir=\"ltr\" style=\"text-align: center;\"><strong>TODAS LAS NOVEDADES PUEDEN SEGUIRSE EN INSTAGRAM<\/strong><\/p>\n<!-- AddThis Advanced Settings generic via filter on the_content --><!-- AddThis Share Buttons generic via filter on the_content -->","protected":false},"excerpt":{"rendered":"<p>EL 28 Y 29 DE OCTUBRE SE REALIZARON LAS AUDICIONES ABIERTAS EN EL TEATRO GRAN REX PARA EL ROL DE ARIEL Y CONTIN\u00daA ABIERTA LA CONVOCATORIA PARA EL ENSAMBLE DE LA SIRENITA. Ozono, MP y los Rottemberg, realizaron el lunes 28 y martes 29 de octubre las audiciones abiertas en el Gran Rex para elegir [&hellip;]<!-- AddThis Advanced Settings generic via filter on get_the_excerpt --><!-- AddThis Share Buttons generic via filter on get_the_excerpt --><\/p>\n","protected":false},"author":6,"featured_media":80938,"comment_status":"closed","ping_status":"open","sticky":false,"template":"","format":"standard","meta":{"_acf_changed":false,"om_disable_all_campaigns":false,"_monsterinsights_skip_tracking":false,"_monsterinsights_sitenote_active":false,"_monsterinsights_sitenote_note":"","_monsterinsights_sitenote_category":0,"_uf_show_specific_survey":0,"_uf_disable_surveys":false,"footnotes":""},"categories":[100],"tags":[1082,1083,455,1023,454],"class_list":["post-80936","post","type-post","status-publish","format-standard","has-post-thumbnail","hentry","category-noticias","tag-actuacion","tag-audicion","tag-obra","tag-sirenita","tag-teatro"],"acf":[],"aioseo_notices":[],"_links":{"self":[{"href":"https:\/\/www.lasrosas.com.ar\/portal\/wp-json\/wp\/v2\/posts\/80936","targetHints":{"allow":["GET"]}}],"collection":[{"href":"https:\/\/www.lasrosas.com.ar\/portal\/wp-json\/wp\/v2\/posts"}],"about":[{"href":"https:\/\/www.lasrosas.com.ar\/portal\/wp-json\/wp\/v2\/types\/post"}],"author":[{"embeddable":true,"href":"https:\/\/www.lasrosas.com.ar\/portal\/wp-json\/wp\/v2\/users\/6"}],"replies":[{"embeddable":true,"href":"https:\/\/www.lasrosas.com.ar\/portal\/wp-json\/wp\/v2\/comments?post=80936"}],"version-history":[{"count":1,"href":"https:\/\/www.lasrosas.com.ar\/portal\/wp-json\/wp\/v2\/posts\/80936\/revisions"}],"predecessor-version":[{"id":80939,"href":"https:\/\/www.lasrosas.com.ar\/portal\/wp-json\/wp\/v2\/posts\/80936\/revisions\/80939"}],"wp:featuredmedia":[{"embeddable":true,"href":"https:\/\/www.lasrosas.com.ar\/portal\/wp-json\/wp\/v2\/media\/80938"}],"wp:attachment":[{"href":"https:\/\/www.lasrosas.com.ar\/portal\/wp-json\/wp\/v2\/media?parent=80936"}],"wp:term":[{"taxonomy":"category","embeddable":true,"href":"https:\/\/www.lasrosas.com.ar\/portal\/wp-json\/wp\/v2\/categories?post=80936"},{"taxonomy":"post_tag","embeddable":true,"href":"https:\/\/www.lasrosas.com.ar\/portal\/wp-json\/wp\/v2\/tags?post=80936"}],"curies":[{"name":"wp","href":"https:\/\/api.w.org\/{rel}","templated":true}]}}