{"id":80813,"date":"2024-10-28T13:50:54","date_gmt":"2024-10-28T16:50:54","guid":{"rendered":"https:\/\/www.lasrosas.com.ar\/portal\/?p=80813"},"modified":"2024-10-28T13:50:54","modified_gmt":"2024-10-28T16:50:54","slug":"nacho-elizalde-agota-todas-las-funciones-de-no-se-ilusionen-en-el-paseo-la-plaza","status":"publish","type":"post","link":"https:\/\/www.lasrosas.com.ar\/portal\/nacho-elizalde-agota-todas-las-funciones-de-no-se-ilusionen-en-el-paseo-la-plaza\/","title":{"rendered":"NACHO ELIZALDE AGOTA TODAS LAS FUNCIONES DE \u00abNO SE ILUSIONEN\u00bb EN EL PASEO LA PLAZA"},"content":{"rendered":"<p dir=\"ltr\">Nacho Elizalde estren\u00f3 con las primeras 4 funciones agotadas, su primera obra unipersonal con el humor particular y la energ\u00eda arrolladora que lo caracterizan.\u00a0<strong><em>No se ilusionen<\/em><\/strong>\u00a0es una de las obras \u00e9xito de este a\u00f1o, que se presenta por 2 \u00fanicas funciones m\u00e1s en la Sala Picasso del Paseo La Plaza, con la direcci\u00f3n de Juli\u00e1n Lucero.<\/p>\n<p dir=\"ltr\">Reconocido como conductor, productor, emprendedor e influencer, sobresale siempre por la creatividad con la que lleva adelante sus proyectos; y adem\u00e1s tiene en su trayectoria el estudio de artes dram\u00e1ticas y en\u00a0<strong><em>No se ilusionen<\/em><\/strong>\u00a0pone en juego todas su facetas y sobre todo la de actor. El director, autor y humorista Juli\u00e1n Lucero se suma al proyecto como director con su caracter\u00edstico humor absurdo, sello indiscutible del artista.<\/p>\n<p dir=\"ltr\">La obra cuenta con banda en vivo, la 2262, y con la direcci\u00f3n del productor musical Nico Cotton.<\/p>\n<p dir=\"ltr\"><strong><em>No se ilusionen<\/em><\/strong>\u00a0\u2013 Sinopsis<\/p>\n<p dir=\"ltr\">Nacho, conduce su primer Late Night, el proyecto de sus sue\u00f1os. Es por esto que durante toda la grabaci\u00f3n habr\u00e1 muchos cortes en los que podr\u00e1n ver lo que pasa Al Aire como fuera del aire o el backstage del programa.<br \/>\nPero no ver\u00e1n simplemente las secciones del programa sino que tambi\u00e9n se encontrar\u00e1n con todo el mundo interno de la mente de Nacho, toda la neurosis de un conductor ansioso en la primera emisi\u00f3n de su gran show. Se abrir\u00e1 emocionalmente y perder\u00e1 noci\u00f3n del p\u00fablico al punto tal de exponer sus m\u00e1s \u00edntimos miedos y secretos.<\/p>\n<p dir=\"ltr\">Ficha T\u00e9cnica<\/p>\n<p dir=\"ltr\">PROTAGONISTA: Nacho Elizalde<\/p>\n<p dir=\"ltr\">DIRECCI\u00d3N: Juli\u00e1n Lucero<\/p>\n<p dir=\"ltr\">PRODUCCI\u00d3N: Valentina Iudica, Laura Berman y Nacho Elizalde<\/p>\n<p dir=\"ltr\">M\u00daSICA ORIGINAL: Nico Cotton<\/p>\n<p dir=\"ltr\">DIRECCI\u00d3N MUSICAL: Santiago Traversini<\/p>\n<p dir=\"ltr\">DRAMATURGIA: Benjamin Bauer, Leonardo Pasquini, Valentina Iudica, Nacho Elizalde<\/p>\n<p dir=\"ltr\">ESCENOGRAF\u00cdA: Milagros Cassano<\/p>\n<p dir=\"ltr\">DIRECCI\u00d3N AUDIOVISUAL: Diego Kompel<\/p>\n<p dir=\"ltr\">DISE\u00d1ADOR, ARTE Y ANIMACI\u00d3N: Franklin Ocanto<\/p>\n<p dir=\"ltr\">DISE\u00d1O GR\u00c1FICO: Nicol\u00e1s Rejlis<\/p>\n<p dir=\"ltr\">FOTOGRAF\u00cdA: Agustina Galak<\/p>\n<p dir=\"ltr\">VESTUARIO: Kate Vara<\/p>\n<p dir=\"ltr\">PRENSA: Soy Prensa<\/p>\n<!-- AddThis Advanced Settings generic via filter on the_content --><!-- AddThis Share Buttons generic via filter on the_content -->","protected":false},"excerpt":{"rendered":"<p>Nacho Elizalde estren\u00f3 con las primeras 4 funciones agotadas, su primera obra unipersonal con el humor particular y la energ\u00eda arrolladora que lo caracterizan.\u00a0No se ilusionen\u00a0es una de las obras \u00e9xito de este a\u00f1o, que se presenta por 2 \u00fanicas funciones m\u00e1s en la Sala Picasso del Paseo La Plaza, con la direcci\u00f3n de Juli\u00e1n [&hellip;]<!-- AddThis Advanced Settings generic via filter on get_the_excerpt --><!-- AddThis Share Buttons generic via filter on get_the_excerpt --><\/p>\n","protected":false},"author":6,"featured_media":80814,"comment_status":"closed","ping_status":"open","sticky":false,"template":"","format":"standard","meta":{"_acf_changed":false,"om_disable_all_campaigns":false,"_monsterinsights_skip_tracking":false,"_monsterinsights_sitenote_active":false,"_monsterinsights_sitenote_note":"","_monsterinsights_sitenote_category":0,"_uf_show_specific_survey":0,"_uf_disable_surveys":false,"footnotes":""},"categories":[100],"tags":[887,706,455,454],"class_list":["post-80813","post","type-post","status-publish","format-standard","has-post-thumbnail","hentry","category-noticias","tag-elizalde","tag-nacho","tag-obra","tag-teatro"],"acf":[],"aioseo_notices":[],"_links":{"self":[{"href":"https:\/\/www.lasrosas.com.ar\/portal\/wp-json\/wp\/v2\/posts\/80813","targetHints":{"allow":["GET"]}}],"collection":[{"href":"https:\/\/www.lasrosas.com.ar\/portal\/wp-json\/wp\/v2\/posts"}],"about":[{"href":"https:\/\/www.lasrosas.com.ar\/portal\/wp-json\/wp\/v2\/types\/post"}],"author":[{"embeddable":true,"href":"https:\/\/www.lasrosas.com.ar\/portal\/wp-json\/wp\/v2\/users\/6"}],"replies":[{"embeddable":true,"href":"https:\/\/www.lasrosas.com.ar\/portal\/wp-json\/wp\/v2\/comments?post=80813"}],"version-history":[{"count":1,"href":"https:\/\/www.lasrosas.com.ar\/portal\/wp-json\/wp\/v2\/posts\/80813\/revisions"}],"predecessor-version":[{"id":80815,"href":"https:\/\/www.lasrosas.com.ar\/portal\/wp-json\/wp\/v2\/posts\/80813\/revisions\/80815"}],"wp:featuredmedia":[{"embeddable":true,"href":"https:\/\/www.lasrosas.com.ar\/portal\/wp-json\/wp\/v2\/media\/80814"}],"wp:attachment":[{"href":"https:\/\/www.lasrosas.com.ar\/portal\/wp-json\/wp\/v2\/media?parent=80813"}],"wp:term":[{"taxonomy":"category","embeddable":true,"href":"https:\/\/www.lasrosas.com.ar\/portal\/wp-json\/wp\/v2\/categories?post=80813"},{"taxonomy":"post_tag","embeddable":true,"href":"https:\/\/www.lasrosas.com.ar\/portal\/wp-json\/wp\/v2\/tags?post=80813"}],"curies":[{"name":"wp","href":"https:\/\/api.w.org\/{rel}","templated":true}]}}