{"id":80810,"date":"2024-10-28T13:41:11","date_gmt":"2024-10-28T16:41:11","guid":{"rendered":"https:\/\/www.lasrosas.com.ar\/portal\/?p=80810"},"modified":"2024-10-28T13:41:11","modified_gmt":"2024-10-28T16:41:11","slug":"el-basquet-argentino-y-la-fundacion-avon-se-unen-por-la-concientizacion-sobre-el-cancer-de-mama","status":"publish","type":"post","link":"https:\/\/www.lasrosas.com.ar\/portal\/el-basquet-argentino-y-la-fundacion-avon-se-unen-por-la-concientizacion-sobre-el-cancer-de-mama\/","title":{"rendered":"EL B\u00c1SQUET ARGENTINO Y LA FUNDACI\u00d3N AVON SE UNEN POR LA CONCIENTIZACI\u00d3N SOBRE EL C\u00c1NCER DE MAMA"},"content":{"rendered":"<div>En el marco del Mes Internacional de Concientizaci\u00f3n sobre el C\u00e1ncer de Mama, desde el Departamento de G\u00e9nero y Equidad de la Confederaci\u00f3n Argentina de B\u00e1squet y el Departamento de G\u00e9nero y Diversidad de la Asociaci\u00f3n de Clubes,\u00a0 en conjunto con Fundaci\u00f3n Avon para las Mujeres, se impuls\u00f3 una campa\u00f1a para\u00a0 visibilizar la importancia de la detecci\u00f3n temprana de esta enfermedad: durante el partido de la Liga Femenina entre Obras Basket y Deportivo Berazategui, las jugadoras de ambos equipos lucieron la remera de la Caminata Avon, el evento de concientizaci\u00f3n sobre detecci\u00f3n temprana de c\u00e1ncer de mama m\u00e1s grande del pa\u00eds, que el pasado 29 de septiembre reuni\u00f3 12500 personas en Ciudad de Buenos Aires.<\/div>\n<div><\/div>\n<div><span id=\"m_1240547328193971372m_6872431595785285284m_4970683186825406000m_-4729169866225412102m_4434050794243930756docs-internal-guid-0002b55e-7fff-243f-a047-1ea0b14723f8\">A pesar de que el c\u00e1ncer de mama sigue siendo\u00a0<strong>la primera causa de muerte oncol\u00f3gica en mujeres a nivel mundial<\/strong>\u00a0y en Argentina, donde se diagnostican m\u00e1s de<strong>\u00a022.000<\/strong>\u00a0casos por a\u00f1o, el\u00a0<strong>90% de los casos son curables si se detectan a tiempo.<\/strong>\u00a0Frente a esta realidad, Fundaci\u00f3n Avon se propuso a que este mensaje llegue a toda la comunidad del b\u00e1squet, sensibilizando y alentando a que el autocuidado y los chequeos regulares sean una prioridad para todas durante los 365 d\u00edas del a\u00f1o.<\/span><\/div>\n<div><\/div>\n<div><span id=\"m_1240547328193971372m_6872431595785285284m_4970683186825406000m_-4729169866225412102m_4434050794243930756docs-internal-guid-1263f863-7fff-3b4d-eef0-b043f92e909f\">La falta de acceso a informaci\u00f3n m\u00e9dica confiable sobre el c\u00e1ncer de mama produce la proliferaci\u00f3n de mitos que dificultan la adopci\u00f3n de h\u00e1bitos de cuidado adecuados. Solo tres de cada diez mujeres consideran a la mamograf\u00eda como el m\u00e9todo m\u00e1s efectivo para la detecci\u00f3n temprana, mientras que el autoexamen, que es complementario, es visto como la mejor herramienta de detecci\u00f3n. Esto implica que muchas mujeres esperan la aparici\u00f3n de s\u00edntomas para realizar consultas m\u00e9dicas, lo que puede retrasar un diagn\u00f3stico temprano y efectivo.<br \/>\n<\/span><\/div>\n<div><\/div>\n<div>A trav\u00e9s de esta acci\u00f3n de visibilizaci\u00f3n, el b\u00e1squet argentino y Fundaci\u00f3n Avon reafirman su compromiso inclaudicable con la salud y el bienestar de todas las mujeres.<\/div>\n<!-- AddThis Advanced Settings generic via filter on the_content --><!-- AddThis Share Buttons generic via filter on the_content -->","protected":false},"excerpt":{"rendered":"<p>En el marco del Mes Internacional de Concientizaci\u00f3n sobre el C\u00e1ncer de Mama, desde el Departamento de G\u00e9nero y Equidad de la Confederaci\u00f3n Argentina de B\u00e1squet y el Departamento de G\u00e9nero y Diversidad de la Asociaci\u00f3n de Clubes,\u00a0 en conjunto con Fundaci\u00f3n Avon para las Mujeres, se impuls\u00f3 una campa\u00f1a para\u00a0 visibilizar la importancia de [&hellip;]<!-- AddThis Advanced Settings generic via filter on get_the_excerpt --><!-- AddThis Share Buttons generic via filter on get_the_excerpt --><\/p>\n","protected":false},"author":6,"featured_media":80811,"comment_status":"closed","ping_status":"open","sticky":false,"template":"","format":"standard","meta":{"_acf_changed":false,"om_disable_all_campaigns":false,"_monsterinsights_skip_tracking":false,"_monsterinsights_sitenote_active":false,"_monsterinsights_sitenote_note":"","_monsterinsights_sitenote_category":0,"_uf_show_specific_survey":0,"_uf_disable_surveys":false,"footnotes":""},"categories":[100],"tags":[609,939,1005,1012,1052],"class_list":["post-80810","post","type-post","status-publish","format-standard","has-post-thumbnail","hentry","category-noticias","tag-avon","tag-cancer","tag-mama","tag-octubre","tag-rosa"],"acf":[],"aioseo_notices":[],"_links":{"self":[{"href":"https:\/\/www.lasrosas.com.ar\/portal\/wp-json\/wp\/v2\/posts\/80810","targetHints":{"allow":["GET"]}}],"collection":[{"href":"https:\/\/www.lasrosas.com.ar\/portal\/wp-json\/wp\/v2\/posts"}],"about":[{"href":"https:\/\/www.lasrosas.com.ar\/portal\/wp-json\/wp\/v2\/types\/post"}],"author":[{"embeddable":true,"href":"https:\/\/www.lasrosas.com.ar\/portal\/wp-json\/wp\/v2\/users\/6"}],"replies":[{"embeddable":true,"href":"https:\/\/www.lasrosas.com.ar\/portal\/wp-json\/wp\/v2\/comments?post=80810"}],"version-history":[{"count":1,"href":"https:\/\/www.lasrosas.com.ar\/portal\/wp-json\/wp\/v2\/posts\/80810\/revisions"}],"predecessor-version":[{"id":80812,"href":"https:\/\/www.lasrosas.com.ar\/portal\/wp-json\/wp\/v2\/posts\/80810\/revisions\/80812"}],"wp:featuredmedia":[{"embeddable":true,"href":"https:\/\/www.lasrosas.com.ar\/portal\/wp-json\/wp\/v2\/media\/80811"}],"wp:attachment":[{"href":"https:\/\/www.lasrosas.com.ar\/portal\/wp-json\/wp\/v2\/media?parent=80810"}],"wp:term":[{"taxonomy":"category","embeddable":true,"href":"https:\/\/www.lasrosas.com.ar\/portal\/wp-json\/wp\/v2\/categories?post=80810"},{"taxonomy":"post_tag","embeddable":true,"href":"https:\/\/www.lasrosas.com.ar\/portal\/wp-json\/wp\/v2\/tags?post=80810"}],"curies":[{"name":"wp","href":"https:\/\/api.w.org\/{rel}","templated":true}]}}