{"id":8073,"date":"2018-10-02T16:38:28","date_gmt":"2018-10-02T19:38:28","guid":{"rendered":"https:\/\/www.lasrosas.com.ar\/portal\/?p=8073"},"modified":"2018-10-02T17:00:01","modified_gmt":"2018-10-02T20:00:01","slug":"todo-sobre-la-inauguracion-de-net-tv","status":"publish","type":"post","link":"https:\/\/www.lasrosas.com.ar\/portal\/todo-sobre-la-inauguracion-de-net-tv\/","title":{"rendered":"TODO SOBRE LA INAUGURACI\u00d3N DE NET TV"},"content":{"rendered":"<h3><strong>Despu\u00e9s de 52 a\u00f1os, se lanz\u00f3 un nuevo canal de televisi\u00f3n Net Tv.<\/strong><\/h3>\n<p>El evento de inauguraci\u00f3n cont\u00f3 con la presencia de grandes figuras del espect\u00e1culo,<strong>\u00a0Carolina \u00abPampita\u00bb Ardohain, Mariano Peluffo, Luciana Salazar<\/strong>, entre otros. Adem\u00e1s participaron personalidades de la pol\u00edtica como <strong>Juan Manuel Urtubey<\/strong> (Gobernador de Salta), <strong>Marcos Pe\u00f1a<\/strong> (Jefe de Gabinete), <strong>Pablo Avelluto<\/strong> (Secretario de Cultura).<\/p>\n<p>La grilla de programaci\u00f3n est\u00e1 integrada por <strong>Gast\u00f3n Sofritti, Pollo Alvarez, Alberto Cormillot, Nicolas Ochiatto, Stefania Roitman,<\/strong> y muchos m\u00e1s.<\/p>\n<p><strong>Net TV<\/strong> pronto tendr\u00e1 una ficci\u00f3n llamada <em><strong>\u00abMillennials\u00bb<\/strong><\/em> donde actuar\u00e1\u00a0<strong>Nicol\u00e1s Riera, Laura Laprida, Noelia Marzol, Juan Manuel Guilera, Johanna Francella, Mat\u00edas Mayer, Gast\u00f3n Soffritti y Stefi Roitman<\/strong>; tambi\u00e9n tendr\u00e1 la participaci\u00f3n especial de\u00a0<strong>Osmar N\u00fa\u00f1ez, Juana Viale, Agust\u00edn Casanova, Rodrigo Noya y Nacho Sureda<\/strong>. La serie va a narrar una cautivadora historia y reflejar\u00e1 c\u00f3mo se desenvuelven los j\u00f3venes en la actualidad<\/p>\n<div class=\"the-single-body__content\">\n<div class=\"the-single-body__text\">\n<p><strong><img decoding=\"async\" class=\"alignnone size-medium wp-image-8075 lazyload\" data-src=\"https:\/\/www.lasrosas.com.ar\/portal\/wp-content\/uploads\/lanzamiento-de-nettv-10012018-368902-960x539.jpg\" alt=\"\" width=\"960\" height=\"539\" data-srcset=\"https:\/\/www.lasrosas.com.ar\/portal\/wp-content\/uploads\/lanzamiento-de-nettv-10012018-368902-960x539.jpg 960w, https:\/\/www.lasrosas.com.ar\/portal\/wp-content\/uploads\/lanzamiento-de-nettv-10012018-368902.jpg 1300w\" data-sizes=\"(max-width: 960px) 100vw, 960px\" src=\"data:image\/svg+xml;base64,PHN2ZyB3aWR0aD0iMSIgaGVpZ2h0PSIxIiB4bWxucz0iaHR0cDovL3d3dy53My5vcmcvMjAwMC9zdmciPjwvc3ZnPg==\" style=\"--smush-placeholder-width: 960px; --smush-placeholder-aspect-ratio: 960\/539;\" \/><\/strong><\/p>\n<p><strong>Te mostramos a continuaci\u00f3n la programaci\u00f3n de Net TV<\/strong><\/p>\n<p>De\u00a0de 12:00 a 14:00 horas:\u00a0<strong>\u201cComo todo\u201d<\/strong>, con la conducci\u00f3n de\u00a0<strong>Mariano Peluffo.<\/strong><\/p>\n<p>De 14:00 a 16:30 horas:\u00a0<strong>\u201cLas Rubias + 1\u201d<\/strong>, con\u00a0<strong>Marcela Tinayre.<\/strong><\/p>\n<p>De 16:30 a 18:30 horas:\u00a0<strong>\u201cChismoses\u201d<\/strong>, con\u00a0<strong>Luciana Salazar, Augusto Tart\u00fafoli, Laura Ubfal y Pablo Montagna<\/strong>.<\/p>\n<p>De 18:30 a 19:30:\u00a0<strong>\u201cTenemos Wifi\u201d<\/strong>, con\u00a0<strong>Nicol\u00e1s Occhiato y Stefi Roitman<\/strong>.<\/p>\n<p>De 19:30 a 21:30 horas:<strong>\u00a0\u201cCuesti\u00f3n de Peso\u201d<\/strong>, con\u00a0<strong>Mariano Peluffo<\/strong>.<\/p>\n<p>De 21:30 a 22:30 horas:<strong>\u00a0\u201cPampita \u00cdntima\u201d<\/strong>\u00a0con\u00a0<strong>Pampita Ardoha\u00edn.<\/strong><\/p>\n<p>De 22:30 a 00:30 horas:<strong>\u00a0\u201cPor Amor o Por Dinero\u201d<\/strong>, con\u00a0<strong>Joaqu\u00edn \u201cPollo\u201d \u00c1lvarez<\/strong>\u00a0.<\/p>\n<p>&nbsp;<\/p>\n<p>&nbsp;<\/p>\n<\/div>\n<\/div>\n<div class=\"the-single-body__sidebar\">\n<div class=\"sticky-container\">\n<div class=\"most-viewed most-viewed--no-margin u-m20\">\n<div class=\"most-viewed__body\">\n<div class=\"most-viewed-list\">\n<div class=\"most-viewed-list__item most-viewed-item\">\n<div class=\"most-viewed-item__content\">\n<div class=\"most-viewed-item__excerpt\">\n<p>&nbsp;<\/p>\n<\/div>\n<\/div>\n<\/div>\n<\/div>\n<\/div>\n<\/div>\n<\/div>\n<\/div>\n<!-- AddThis Advanced Settings generic via filter on the_content --><!-- AddThis Share Buttons generic via filter on the_content -->","protected":false},"excerpt":{"rendered":"<p>Despu\u00e9s de 52 a\u00f1os, se lanz\u00f3 un nuevo canal de televisi\u00f3n Net Tv. El evento de inauguraci\u00f3n cont\u00f3 con la presencia de grandes figuras del espect\u00e1culo,\u00a0Carolina \u00abPampita\u00bb Ardohain, Mariano Peluffo, Luciana Salazar, entre otros. Adem\u00e1s participaron personalidades de la pol\u00edtica como Juan Manuel Urtubey (Gobernador de Salta), Marcos Pe\u00f1a (Jefe de Gabinete), Pablo Avelluto (Secretario [&hellip;]<!-- AddThis Advanced Settings generic via filter on get_the_excerpt --><!-- AddThis Share Buttons generic via filter on get_the_excerpt --><\/p>\n","protected":false},"author":6,"featured_media":8076,"comment_status":"closed","ping_status":"open","sticky":false,"template":"","format":"standard","meta":{"_acf_changed":false,"om_disable_all_campaigns":false,"_monsterinsights_skip_tracking":false,"_monsterinsights_sitenote_active":false,"_monsterinsights_sitenote_note":"","_monsterinsights_sitenote_category":0,"_uf_show_specific_survey":0,"_uf_disable_surveys":false,"footnotes":""},"categories":[100],"tags":[],"class_list":["post-8073","post","type-post","status-publish","format-standard","has-post-thumbnail","hentry","category-noticias"],"acf":[],"aioseo_notices":[],"_links":{"self":[{"href":"https:\/\/www.lasrosas.com.ar\/portal\/wp-json\/wp\/v2\/posts\/8073","targetHints":{"allow":["GET"]}}],"collection":[{"href":"https:\/\/www.lasrosas.com.ar\/portal\/wp-json\/wp\/v2\/posts"}],"about":[{"href":"https:\/\/www.lasrosas.com.ar\/portal\/wp-json\/wp\/v2\/types\/post"}],"author":[{"embeddable":true,"href":"https:\/\/www.lasrosas.com.ar\/portal\/wp-json\/wp\/v2\/users\/6"}],"replies":[{"embeddable":true,"href":"https:\/\/www.lasrosas.com.ar\/portal\/wp-json\/wp\/v2\/comments?post=8073"}],"version-history":[{"count":0,"href":"https:\/\/www.lasrosas.com.ar\/portal\/wp-json\/wp\/v2\/posts\/8073\/revisions"}],"wp:featuredmedia":[{"embeddable":true,"href":"https:\/\/www.lasrosas.com.ar\/portal\/wp-json\/wp\/v2\/media\/8076"}],"wp:attachment":[{"href":"https:\/\/www.lasrosas.com.ar\/portal\/wp-json\/wp\/v2\/media?parent=8073"}],"wp:term":[{"taxonomy":"category","embeddable":true,"href":"https:\/\/www.lasrosas.com.ar\/portal\/wp-json\/wp\/v2\/categories?post=8073"},{"taxonomy":"post_tag","embeddable":true,"href":"https:\/\/www.lasrosas.com.ar\/portal\/wp-json\/wp\/v2\/tags?post=8073"}],"curies":[{"name":"wp","href":"https:\/\/api.w.org\/{rel}","templated":true}]}}