{"id":80695,"date":"2024-10-23T13:08:36","date_gmt":"2024-10-23T16:08:36","guid":{"rendered":"https:\/\/www.lasrosas.com.ar\/portal\/?p=80695"},"modified":"2024-10-23T13:08:36","modified_gmt":"2024-10-23T16:08:36","slug":"marian-saud-presento-su-nueva-coleccion-con-una-fiesta-de-gala-en-el-palacio-paz","status":"publish","type":"post","link":"https:\/\/www.lasrosas.com.ar\/portal\/marian-saud-presento-su-nueva-coleccion-con-una-fiesta-de-gala-en-el-palacio-paz\/","title":{"rendered":"MARIAN SAUD PRESENT\u00d3 SU NUEVA COLECCI\u00d3N CON UNA FIESTA DE GALA EN EL PALACIO PAZ"},"content":{"rendered":"<p><strong>Con un gran desfile de la reconocida dise\u00f1adora Marian Saud, la noche del pasado jueves se visti\u00f3 de gala en el imponente Palacio Paz.<\/strong><\/p>\n<div><span id=\"m_5843060807585956754gmail-docs-internal-guid-285143a3-7fff-d2d2-b47c-8f346696044b\"><span style=\"color: #000000; font-family: arial, sans-serif;\">Marian Saud, destacada dise\u00f1adora de alta costura, presenta una propuesta \u00fanica que fusiona sus ra\u00edces europeas, \u00e1rabes y brasile\u00f1as en prendas que encarnan la sensualidad, la elegancia y la sofisticaci\u00f3n para la mujer moderna.<\/span><\/span><\/div>\n<div><span style=\"color: #000000; font-family: arial, sans-serif;\">\u00a0<\/span><\/div>\n<div><span style=\"font-family: arial, sans-serif;\"><span style=\"color: #000000;\"><span id=\"m_5843060807585956754gmail-docs-internal-guid-c3a98c1c-7fff-1ca4-23fb-e3b6027ddb11\">La nueva colecci\u00f3n de Marian Saud<\/span><\/span>\u00a0incorpora una paleta vibrante de dorados, rojos, plateados y oro rosa. Los bordados son imprescindibles, los cuales garantizan que cada prenda haga brillar a sus clientas.<i>\u00a0\u00abMe llena de alegr\u00eda recibir mensajes durante los eventos, donde me cuentan lo hermosas que se sienten y los elogios que reciben por sus vestidos\u00bb<\/i>, comenta la dise\u00f1adora con mucha gratitud. De hecho,\u00a0sus clientas fueron las que coronaron la pasada final para darle cierre al desfile.<\/span><\/div>\n<div><\/div>\n<div><img decoding=\"async\" class=\"alignleft size-full wp-image-80701 lazyload\" data-src=\"https:\/\/www.lasrosas.com.ar\/portal\/wp-content\/uploads\/ROB_1335-scaled.jpg\" alt=\"\" width=\"1365\" height=\"2048\" data-srcset=\"https:\/\/www.lasrosas.com.ar\/portal\/wp-content\/uploads\/ROB_1335-scaled.jpg 1365w, https:\/\/www.lasrosas.com.ar\/portal\/wp-content\/uploads\/ROB_1335-640x960.jpg 640w, https:\/\/www.lasrosas.com.ar\/portal\/wp-content\/uploads\/ROB_1335-1280x1920.jpg 1280w, https:\/\/www.lasrosas.com.ar\/portal\/wp-content\/uploads\/ROB_1335-1024x1536.jpg 1024w\" data-sizes=\"(max-width: 1365px) 100vw, 1365px\" src=\"data:image\/svg+xml;base64,PHN2ZyB3aWR0aD0iMSIgaGVpZ2h0PSIxIiB4bWxucz0iaHR0cDovL3d3dy53My5vcmcvMjAwMC9zdmciPjwvc3ZnPg==\" style=\"--smush-placeholder-width: 1365px; --smush-placeholder-aspect-ratio: 1365\/2048;\" \/><\/div>\n<div><span style=\"font-family: arial, sans-serif;\">\u00a0<\/span><\/div>\n<div><span style=\"font-family: arial, sans-serif;\">En este evento lanzamiento de su colecci\u00f3n SS25, la acompa\u00f1aron celebridades como:\u00a0<b>Milett Figueroa,\u00a0Brenda y Stefano Di Aloy, Cale Ruggeri,\u00a0Sofia Zamolo, Sof\u00eda Macaggi,\u00a0Mariana Genesio, Natalie Weber, Noelia Marzol, Floppy Tesouro, Agustina Casanova, Gina Mastronicola, Lourdes Sanchez,\u00a0Carolina Oltra, Ailen Bechara,\u00a0Fabi\u00e1n Medina Flores, Luisina Ojeda, Paula Trapani, Puli Demaria,\u00a0Stehpanie Demner,\u00a0Sol Rivas, entre otras.<\/b>\u00a0<\/span><\/div>\n<div><\/div>\n<div>\n\r\n\t\t<style type='text\/css'>\r\n\t\t\t#gallery-1 {\r\n\t\t\t\tmargin: auto;\r\n\t\t\t}\r\n\t\t\t#gallery-1 .gallery-item {\r\n\t\t\t\tfloat: left;\r\n\t\t\t\tmargin-top: 10px;\r\n\t\t\t\ttext-align: center;\r\n\t\t\t\twidth: 33%;\r\n\t\t\t}\r\n\t\t\t#gallery-1 img {\r\n\t\t\t\tborder: 2px solid #cfcfcf;\r\n\t\t\t}\r\n\t\t\t#gallery-1 .gallery-caption {\r\n\t\t\t\tmargin-left: 0;\r\n\t\t\t}\r\n\t\t<\/style>\r\n\t\t<!-- see gallery_shortcode() in wp-includes\/media.php -->\n\t\t<div id='gallery-1' class='gallery galleryid-80695 gallery-columns-3 gallery-size-thumbnail gallery1'><script type=\"text\/javascript\">\r\n\/\/ <![CDATA[\r\n\tjQuery(document).ready(function () {\r\n\t\tjQuery(\".gallery1 a\").attr(\"rel\",\"gallery1\");\t\r\n\t\tjQuery('a[rel=\"gallery1\"]').colorbox({maxWidth:\"95%\", maxHeight:\"95%\",title: function(){ return jQuery(this).children().attr(\"alt\"); }, });\r\n\t});\r\n\/\/ ]]>\r\n<\/script>\n<dl class=\"gallery-item\">\n<dt class=\"gallery-icon\">\r\n<a href=\"https:\/\/www.lasrosas.com.ar\/portal\/wp-content\/uploads\/Puli-Demaria-en-la-Alfombra-Roja-del-lanzamiento-de-la-nueva-coleccion-de-Marian-Saud-1280x1920.jpg\" title=\"Puli DeMar\u00eda\" rel=\"gallery1\"><img decoding=\"async\" data-src=\"https:\/\/www.lasrosas.com.ar\/portal\/wp-content\/uploads\/Puli-Demaria-en-la-Alfombra-Roja-del-lanzamiento-de-la-nueva-coleccion-de-Marian-Saud-640x480.jpg\" width=\"640\" height=\"480\" alt=\"Puli DeMar\u00eda\" src=\"data:image\/svg+xml;base64,PHN2ZyB3aWR0aD0iMSIgaGVpZ2h0PSIxIiB4bWxucz0iaHR0cDovL3d3dy53My5vcmcvMjAwMC9zdmciPjwvc3ZnPg==\" class=\"lazyload\" style=\"--smush-placeholder-width: 640px; --smush-placeholder-aspect-ratio: 640\/480;\" \/><\/a>\r\n<\/dt><dd class=\"gallery-caption\" id=\"caption80697\"><span class=\"imagecaption\">Puli DeMar\u00eda<\/span><br \/>\n<\/dd><\/dl><dl class=\"gallery-item\">\n<dt class=\"gallery-icon\">\r\n<a href=\"https:\/\/www.lasrosas.com.ar\/portal\/wp-content\/uploads\/Brenda-Di-Aloy-en-la-Alfombra-Roja-del-lanzamiento-de-la-nueva-coleccion-de-Marian-Saud-1280x1920.jpg\" title=\"Brenda Di Aloy\" rel=\"gallery1\"><img decoding=\"async\" data-src=\"https:\/\/www.lasrosas.com.ar\/portal\/wp-content\/uploads\/Brenda-Di-Aloy-en-la-Alfombra-Roja-del-lanzamiento-de-la-nueva-coleccion-de-Marian-Saud-640x480.jpg\" width=\"640\" height=\"480\" alt=\"Brenda Di Aloy\" src=\"data:image\/svg+xml;base64,PHN2ZyB3aWR0aD0iMSIgaGVpZ2h0PSIxIiB4bWxucz0iaHR0cDovL3d3dy53My5vcmcvMjAwMC9zdmciPjwvc3ZnPg==\" class=\"lazyload\" style=\"--smush-placeholder-width: 640px; --smush-placeholder-aspect-ratio: 640\/480;\" \/><\/a>\r\n<\/dt><dd class=\"gallery-caption\" id=\"caption80698\"><span class=\"imagecaption\">Brenda Di Aloy<\/span><br \/>\n<\/dd><\/dl><dl class=\"gallery-item\">\n<dt class=\"gallery-icon\">\r\n<a href=\"https:\/\/www.lasrosas.com.ar\/portal\/wp-content\/uploads\/Stephanie-Demner-en-la-Alfombra-Roja-del-lanzamiento-de-la-nueva-coleccion-de-Marian-Saud-1280x1920.jpg\" title=\"Stephie Demner\" rel=\"gallery1\"><img decoding=\"async\" data-src=\"https:\/\/www.lasrosas.com.ar\/portal\/wp-content\/uploads\/Stephanie-Demner-en-la-Alfombra-Roja-del-lanzamiento-de-la-nueva-coleccion-de-Marian-Saud-640x480.jpg\" width=\"640\" height=\"480\" alt=\"Stephie Demner\" src=\"data:image\/svg+xml;base64,PHN2ZyB3aWR0aD0iMSIgaGVpZ2h0PSIxIiB4bWxucz0iaHR0cDovL3d3dy53My5vcmcvMjAwMC9zdmciPjwvc3ZnPg==\" class=\"lazyload\" style=\"--smush-placeholder-width: 640px; --smush-placeholder-aspect-ratio: 640\/480;\" \/><\/a>\r\n<\/dt><dd class=\"gallery-caption\" id=\"caption80699\"><span class=\"imagecaption\">Stephie Demner<\/span><br \/>\n<\/dd><\/dl><br style=\"clear: both\" \/><dl class=\"gallery-item\">\n<dt class=\"gallery-icon\">\r\n<a href=\"https:\/\/www.lasrosas.com.ar\/portal\/wp-content\/uploads\/Cale-Ruggeri-en-la-Alfombra-Roja-del-lanzamiento-de-la-nueva-coleccion-de-Marian-Saud-1280x1920.jpg\" title=\"Cande Ruggeri\" rel=\"gallery1\"><img decoding=\"async\" data-src=\"https:\/\/www.lasrosas.com.ar\/portal\/wp-content\/uploads\/Cale-Ruggeri-en-la-Alfombra-Roja-del-lanzamiento-de-la-nueva-coleccion-de-Marian-Saud-640x480.jpg\" width=\"640\" height=\"480\" alt=\"Cande Ruggeri\" src=\"data:image\/svg+xml;base64,PHN2ZyB3aWR0aD0iMSIgaGVpZ2h0PSIxIiB4bWxucz0iaHR0cDovL3d3dy53My5vcmcvMjAwMC9zdmciPjwvc3ZnPg==\" class=\"lazyload\" style=\"--smush-placeholder-width: 640px; --smush-placeholder-aspect-ratio: 640\/480;\" \/><\/a>\r\n<\/dt><dd class=\"gallery-caption\" id=\"caption80700\"><span class=\"imagecaption\">Cande Ruggeri<\/span><br \/>\n<\/dd><\/dl>\r\n\t\t\t<br style='clear: both' \/>\r\n\t\t<\/div>\n\n<\/div>\n<div><\/div>\n<div>\n<div>Una vez finalizado el desfile, todos los invitados disfrutaron de una gran fiesta musicalizada por la Dj Puli Demaria y degustaron el mejor sushi de la mano de Sushi Club acompa\u00f1ado de una barra de tragos.<\/div>\n<\/div>\n<!-- AddThis Advanced Settings generic via filter on the_content --><!-- AddThis Share Buttons generic via filter on the_content -->","protected":false},"excerpt":{"rendered":"<p>Con un gran desfile de la reconocida dise\u00f1adora Marian Saud, la noche del pasado jueves se visti\u00f3 de gala en el imponente Palacio Paz. Marian Saud, destacada dise\u00f1adora de alta costura, presenta una propuesta \u00fanica que fusiona sus ra\u00edces europeas, \u00e1rabes y brasile\u00f1as en prendas que encarnan la sensualidad, la elegancia y la sofisticaci\u00f3n para [&hellip;]<!-- AddThis Advanced Settings generic via filter on get_the_excerpt --><!-- AddThis Share Buttons generic via filter on get_the_excerpt --><\/p>\n","protected":false},"author":6,"featured_media":80696,"comment_status":"closed","ping_status":"open","sticky":false,"template":"","format":"standard","meta":{"_acf_changed":false,"om_disable_all_campaigns":false,"_monsterinsights_skip_tracking":false,"_monsterinsights_sitenote_active":false,"_monsterinsights_sitenote_note":"","_monsterinsights_sitenote_category":0,"_uf_show_specific_survey":0,"_uf_disable_surveys":false,"footnotes":""},"categories":[100,30],"tags":[467,1039,58,262,1038],"class_list":["post-80695","post","type-post","status-publish","format-standard","has-post-thumbnail","hentry","category-noticias","category-moda","tag-evento","tag-marian","tag-moda","tag-modelos","tag-saud"],"acf":[],"aioseo_notices":[],"_links":{"self":[{"href":"https:\/\/www.lasrosas.com.ar\/portal\/wp-json\/wp\/v2\/posts\/80695","targetHints":{"allow":["GET"]}}],"collection":[{"href":"https:\/\/www.lasrosas.com.ar\/portal\/wp-json\/wp\/v2\/posts"}],"about":[{"href":"https:\/\/www.lasrosas.com.ar\/portal\/wp-json\/wp\/v2\/types\/post"}],"author":[{"embeddable":true,"href":"https:\/\/www.lasrosas.com.ar\/portal\/wp-json\/wp\/v2\/users\/6"}],"replies":[{"embeddable":true,"href":"https:\/\/www.lasrosas.com.ar\/portal\/wp-json\/wp\/v2\/comments?post=80695"}],"version-history":[{"count":1,"href":"https:\/\/www.lasrosas.com.ar\/portal\/wp-json\/wp\/v2\/posts\/80695\/revisions"}],"predecessor-version":[{"id":80702,"href":"https:\/\/www.lasrosas.com.ar\/portal\/wp-json\/wp\/v2\/posts\/80695\/revisions\/80702"}],"wp:featuredmedia":[{"embeddable":true,"href":"https:\/\/www.lasrosas.com.ar\/portal\/wp-json\/wp\/v2\/media\/80696"}],"wp:attachment":[{"href":"https:\/\/www.lasrosas.com.ar\/portal\/wp-json\/wp\/v2\/media?parent=80695"}],"wp:term":[{"taxonomy":"category","embeddable":true,"href":"https:\/\/www.lasrosas.com.ar\/portal\/wp-json\/wp\/v2\/categories?post=80695"},{"taxonomy":"post_tag","embeddable":true,"href":"https:\/\/www.lasrosas.com.ar\/portal\/wp-json\/wp\/v2\/tags?post=80695"}],"curies":[{"name":"wp","href":"https:\/\/api.w.org\/{rel}","templated":true}]}}