{"id":80640,"date":"2024-10-21T12:21:26","date_gmt":"2024-10-21T15:21:26","guid":{"rendered":"https:\/\/www.lasrosas.com.ar\/portal\/?p=80640"},"modified":"2024-10-21T14:23:44","modified_gmt":"2024-10-21T17:23:44","slug":"bon-odori-cordoba-2024","status":"publish","type":"post","link":"https:\/\/www.lasrosas.com.ar\/portal\/bon-odori-cordoba-2024\/","title":{"rendered":"BON ODORI C\u00d3RDOBA 2024"},"content":{"rendered":"<p><b>\u00a1Vuelve el festival japon\u00e9s m\u00e1s esperado!<\/b><span style=\"font-weight: 400;\"> La Asociaci\u00f3n Japonesa de C\u00f3rdoba presenta el festival <\/span><b>\u00abBon Odori 2024\u00bb<\/b><span style=\"font-weight: 400;\">. Este evento \u00fanico te permitir\u00e1 <\/span><b>vivir la cultura de Jap\u00f3n en C\u00f3rdoba durante dos d\u00edas: 26 y 27 de octubre<\/b><span style=\"font-weight: 400;\">. Un fin de semana lleno de tradici\u00f3n.<\/span><\/p>\n<p>&nbsp;<\/p>\n<p><span style=\"font-weight: 400;\">El Bon Odori es una <\/span><b>festividad tradicional que rinde homenaje a los antepasados, agradeci\u00e9ndoles y pidiendo prosperidad. <\/b><span style=\"font-weight: 400;\">Este evento al aire libre te sumergir\u00e1 en la milenaria cultura japonesa entre l\u00e1mparas de papel, tambores \u00abtaiko\u00bb y vistosos kimonos.<\/span><\/p>\n<p>&nbsp;<\/p>\n<p><b>Esta edici\u00f3n nos trae una variada muestra de la cultura nipona<\/b><span style=\"font-weight: 400;\">: m\u00fasica, danzas tradicionales, artes marciales, percusi\u00f3n japonesa, un patio gastron\u00f3mico, un gran paseo cultural y una feria de productos asi\u00e1ticos.<\/span><\/p>\n<p><img decoding=\"async\" class=\"wp-image-80642 aligncenter lazyload\" data-src=\"https:\/\/www.lasrosas.com.ar\/portal\/wp-content\/uploads\/Bon-Odori-Cordoba-Ediciones-anteriores-3-scaled.jpg\" alt=\"\" width=\"1135\" height=\"1701\" data-srcset=\"https:\/\/www.lasrosas.com.ar\/portal\/wp-content\/uploads\/Bon-Odori-Cordoba-Ediciones-anteriores-3-scaled.jpg 1367w, https:\/\/www.lasrosas.com.ar\/portal\/wp-content\/uploads\/Bon-Odori-Cordoba-Ediciones-anteriores-3-641x960.jpg 641w, https:\/\/www.lasrosas.com.ar\/portal\/wp-content\/uploads\/Bon-Odori-Cordoba-Ediciones-anteriores-3-1281x1920.jpg 1281w, https:\/\/www.lasrosas.com.ar\/portal\/wp-content\/uploads\/Bon-Odori-Cordoba-Ediciones-anteriores-3-1025x1536.jpg 1025w\" data-sizes=\"(max-width: 1135px) 100vw, 1135px\" src=\"data:image\/svg+xml;base64,PHN2ZyB3aWR0aD0iMSIgaGVpZ2h0PSIxIiB4bWxucz0iaHR0cDovL3d3dy53My5vcmcvMjAwMC9zdmciPjwvc3ZnPg==\" style=\"--smush-placeholder-width: 1135px; --smush-placeholder-aspect-ratio: 1135\/1701;\" \/><\/p>\n<p>&nbsp;<\/p>\n<ul>\n<li style=\"font-weight: 400;\" aria-level=\"1\"><b>Lugar:<\/b><span style=\"font-weight: 400;\"> Predio de la Asociaci\u00f3n Japonesa de C\u00f3rdoba \u2013 Av. Celso Barrios 3500.<\/span><\/li>\n<\/ul>\n<p><a href=\"https:\/\/maps.app.goo.gl\/4qiUi1YJL4pEyh29A\"><span style=\"font-weight: 400;\">https:\/\/maps.app.goo.gl\/4qiUi1YJL4pEyh29A<\/span><\/a><\/p>\n<ul>\n<li style=\"font-weight: 400;\" aria-level=\"1\"><b>Fechas:<\/b><span style=\"font-weight: 400;\"> s\u00e1bado 26 y domingo 27 de octubre.<\/span><\/li>\n<li style=\"font-weight: 400;\" aria-level=\"1\"><b>Hora:<\/b><span style=\"font-weight: 400;\"> s\u00e1bado de 15 a 23 hs, y domingo de 15 a 22 hs.<\/span><\/li>\n<li style=\"font-weight: 400;\" aria-level=\"1\"><b>Estacionamiento propio.<\/b><\/li>\n<li style=\"font-weight: 400;\" aria-level=\"1\"><b>Entradas<\/b><span style=\"font-weight: 400;\"> en puerta o anticipadas en autoentrada.com\u00a0<\/span><\/li>\n<\/ul>\n<p><span style=\"font-weight: 400;\">Entrada anticipada: $9.000\u00a0<\/span><\/p>\n<p><span style=\"font-weight: 400;\">Promoci\u00f3n para grupos de 3 x 4 ($6.650 cada entrada)<\/span><\/p>\n<p><a href=\"https:\/\/ventas.autoentrada.com\/events\/bon-odori-cordoba-2024\"><span style=\"font-weight: 400;\">https:\/\/ventas.autoentrada.com\/events\/bon-odori-cordoba-2024<\/span><\/a><\/p>\n<p>&nbsp;<\/p>\n<p><b>No abonan entrada:\u00a0<\/b><\/p>\n<p><span style=\"font-weight: 400;\">Menores de 12 a\u00f1os (inclusive).<\/span><\/p>\n<p><span style=\"font-weight: 400;\">Mayores de 80 a\u00f1os (inclusive).<\/span><\/p>\n<p><span style=\"font-weight: 400;\">Personas con discapacidad presentando CUD + persona acompa\u00f1ante.<\/span><\/p>\n<p>&nbsp;<\/p>\n<p><b>Redes sociales:<\/b><\/p>\n<p><span style=\"font-weight: 400;\">Facebook: <\/span><a href=\"https:\/\/www.facebook.com\/bonodori.cba\"><span style=\"font-weight: 400;\">facebook.com\/bonodori.cba<\/span><\/a><\/p>\n<p><span style=\"font-weight: 400;\">Instagram: <\/span><a href=\"https:\/\/www.instagram.com\/bonodori.cba\"><span style=\"font-weight: 400;\">instagram.com\/bonodori.cba<\/span><\/a><\/p>\n<p><span style=\"font-weight: 400;\">Tik Tok: <\/span><a href=\"https:\/\/www.tiktok.com\/@bonodori.cba\"><span style=\"font-weight: 400;\">tiktok.com\/@bonodori.cba<\/span><\/a><\/p>\n<p>&nbsp;<\/p>\n<p><img decoding=\"async\" class=\"alignleft size-full wp-image-80643 lazyload\" data-src=\"https:\/\/www.lasrosas.com.ar\/portal\/wp-content\/uploads\/Bon-Odori-Cordoba-Espectaculos-4-scaled.jpg\" alt=\"\" width=\"2048\" height=\"1365\" data-srcset=\"https:\/\/www.lasrosas.com.ar\/portal\/wp-content\/uploads\/Bon-Odori-Cordoba-Espectaculos-4-scaled.jpg 2048w, https:\/\/www.lasrosas.com.ar\/portal\/wp-content\/uploads\/Bon-Odori-Cordoba-Espectaculos-4-960x640.jpg 960w, https:\/\/www.lasrosas.com.ar\/portal\/wp-content\/uploads\/Bon-Odori-Cordoba-Espectaculos-4-1920x1280.jpg 1920w, https:\/\/www.lasrosas.com.ar\/portal\/wp-content\/uploads\/Bon-Odori-Cordoba-Espectaculos-4-1536x1024.jpg 1536w\" data-sizes=\"(max-width: 2048px) 100vw, 2048px\" src=\"data:image\/svg+xml;base64,PHN2ZyB3aWR0aD0iMSIgaGVpZ2h0PSIxIiB4bWxucz0iaHR0cDovL3d3dy53My5vcmcvMjAwMC9zdmciPjwvc3ZnPg==\" style=\"--smush-placeholder-width: 2048px; --smush-placeholder-aspect-ratio: 2048\/1365;\" \/><\/p>\n<p>&nbsp;<\/p>\n<p>&nbsp;<\/p>\n<p><span style=\"font-weight: 400;\">No te pierdas esta oportunidad \u00fanica de disfrutar de una aut\u00e9ntica experiencia japonesa en C\u00f3rdoba.<\/span><\/p>\n<p><b>\u307e\u305f\u306d<\/b><b>! (\u00a1Nos vemos pronto!)<\/b><\/p>\n<!-- AddThis Advanced Settings generic via filter on the_content --><!-- AddThis Share Buttons generic via filter on the_content -->","protected":false},"excerpt":{"rendered":"<p>\u00a1Vuelve el festival japon\u00e9s m\u00e1s esperado! La Asociaci\u00f3n Japonesa de C\u00f3rdoba presenta el festival \u00abBon Odori 2024\u00bb. Este evento \u00fanico te permitir\u00e1 vivir la cultura de Jap\u00f3n en C\u00f3rdoba durante dos d\u00edas: 26 y 27 de octubre. Un fin de semana lleno de tradici\u00f3n. &nbsp; El Bon Odori es una festividad tradicional que rinde homenaje [&hellip;]<!-- AddThis Advanced Settings generic via filter on get_the_excerpt --><!-- AddThis Share Buttons generic via filter on get_the_excerpt --><\/p>\n","protected":false},"author":6,"featured_media":80641,"comment_status":"closed","ping_status":"open","sticky":false,"template":"","format":"standard","meta":{"_acf_changed":false,"om_disable_all_campaigns":false,"_monsterinsights_skip_tracking":false,"_monsterinsights_sitenote_active":false,"_monsterinsights_sitenote_note":"","_monsterinsights_sitenote_category":0,"_uf_show_specific_survey":0,"_uf_disable_surveys":false,"footnotes":""},"categories":[100],"tags":[1035,590,283,1036,1034,52],"class_list":["post-80640","post","type-post","status-publish","format-standard","has-post-thumbnail","hentry","category-noticias","tag-cultura","tag-festival","tag-gastronomia","tag-japon","tag-odori","tag-viajes"],"acf":[],"aioseo_notices":[],"_links":{"self":[{"href":"https:\/\/www.lasrosas.com.ar\/portal\/wp-json\/wp\/v2\/posts\/80640","targetHints":{"allow":["GET"]}}],"collection":[{"href":"https:\/\/www.lasrosas.com.ar\/portal\/wp-json\/wp\/v2\/posts"}],"about":[{"href":"https:\/\/www.lasrosas.com.ar\/portal\/wp-json\/wp\/v2\/types\/post"}],"author":[{"embeddable":true,"href":"https:\/\/www.lasrosas.com.ar\/portal\/wp-json\/wp\/v2\/users\/6"}],"replies":[{"embeddable":true,"href":"https:\/\/www.lasrosas.com.ar\/portal\/wp-json\/wp\/v2\/comments?post=80640"}],"version-history":[{"count":2,"href":"https:\/\/www.lasrosas.com.ar\/portal\/wp-json\/wp\/v2\/posts\/80640\/revisions"}],"predecessor-version":[{"id":80661,"href":"https:\/\/www.lasrosas.com.ar\/portal\/wp-json\/wp\/v2\/posts\/80640\/revisions\/80661"}],"wp:featuredmedia":[{"embeddable":true,"href":"https:\/\/www.lasrosas.com.ar\/portal\/wp-json\/wp\/v2\/media\/80641"}],"wp:attachment":[{"href":"https:\/\/www.lasrosas.com.ar\/portal\/wp-json\/wp\/v2\/media?parent=80640"}],"wp:term":[{"taxonomy":"category","embeddable":true,"href":"https:\/\/www.lasrosas.com.ar\/portal\/wp-json\/wp\/v2\/categories?post=80640"},{"taxonomy":"post_tag","embeddable":true,"href":"https:\/\/www.lasrosas.com.ar\/portal\/wp-json\/wp\/v2\/tags?post=80640"}],"curies":[{"name":"wp","href":"https:\/\/api.w.org\/{rel}","templated":true}]}}