{"id":8055,"date":"2018-10-03T10:00:10","date_gmt":"2018-10-03T13:00:10","guid":{"rendered":"https:\/\/www.lasrosas.com.ar\/portal\/?p=8055"},"modified":"2018-11-13T15:51:55","modified_gmt":"2018-11-13T18:51:55","slug":"animate-a-convertir-tu-nombre-en-marca","status":"publish","type":"post","link":"https:\/\/www.lasrosas.com.ar\/portal\/animate-a-convertir-tu-nombre-en-marca\/","title":{"rendered":"ANIMATE A CONVERTIR TU NOMBRE EN MARCA"},"content":{"rendered":"<h3 class=\"p1\"><strong>(Por Mariana Quesada)\u00a0En los \u00faltimos a\u00f1os el <i>personal branding<\/i> se convirti\u00f3 en tendencia en varios pa\u00edses del mundo. En Argentina, comienza a ser la forma ideal de crecer profesionalmente, ya sea para representar un negocio propio o uno de terceros. Entrevistamos sobre este tema a Jer\u00f3nimo Poklepovich Caride (@jeropokle), productor de contenidos.<\/strong><\/h3>\n<p class=\"p1\"><b>\u00bfPor qu\u00e9 dejaste un trabajo para dedicarte a tu proyecto? <\/b><\/p>\n<p class=\"p1\">Antes de hacerlo, paralelamente, realizaba fotos y Marketing Digital. Como cada vez m\u00e1s marcas (nacionales e internacionales) quer\u00edan contratarme pens\u00e9 que, si ya me estaba yendo bien dedic\u00e1ndole poco tiempo, me ir\u00eda mucho mejor si lo hiciera al 100% y podr\u00eda dar el salto econ\u00f3mico y profesional que tanto deseaba. Fue luego de dar una charla para 500 personas en Salta sobre c\u00f3mo emprender en redes sociales. Le mand\u00e9 un mail a mi jefa para renunciar. Vi que podr\u00edan haber muchas oportunidades.<\/p>\n<p class=\"p1\"><b>\u00bfPor qu\u00e9 aparec\u00e9s en tus fotos?<\/b><\/p>\n<p class=\"p1\">Ceo que es lo mejor. Yo hasta el momento no sal\u00eda tanto, pero pens\u00e9 que si iba a tener una marca con mi nombre ten\u00eda que aparecer un poco m\u00e1s. Entendiendo tambi\u00e9n este juego de las redes y su demanda. La gente tambi\u00e9n quiere saber qui\u00e9nes est\u00e1n detr\u00e1s de todas esas fotos y videos.<\/p>\n<p class=\"p1\"><b>\u00bfCu\u00e1ndo te diste cuenta que era necesario ser protagonista?<\/b><\/p>\n<p class=\"p1\">Fue justo cuando empec\u00e9 a aparecer en las fotos, la gente les daba muchos m\u00e1s likes que a las de paisajes solos. Adem\u00e1s, quer\u00eda empezar a estar presente con mi imagen en el rubro <i>lifestyle<\/i>. Observando a otras marcas, hoy por hoy los due\u00f1os aparecen en sus historias. Est\u00e1 bueno mostrar el backstage de la producci\u00f3n de alta calidad que finalmente se ve en un <i>feed<\/i>. A la gente le gusta lo que pasa en el d\u00eda a d\u00eda, c\u00f3mo hablo, c\u00f3mo me visto. Siempre recomiendo eso, mostrarte a vos mismo, aut\u00e9ntico y en historias.<\/p>\n<p class=\"p1\"><b>\u00bfCu\u00e1les son los pr\u00f3ximos pasos de tu agencia?<\/b><\/p>\n<p class=\"p1\">M\u00e1s all\u00e1 de seguir trabajando en producciones para diferentes empresas, tambi\u00e9n quiero volver al origen y seguir explotando la marca Jero Pokle. Estoy preparando una propuesta para realizar viajes de contenido para programas de TV. Tambi\u00e9n para agencias de turismo, automotrices, aerol\u00edneas u hoteles. Quiero mostrar la presencia de las compa\u00f1\u00edas en los lugares que visite, de manera sutil, pero efectiva.<\/p>\n<p>&nbsp;<\/p>\n\r\n\t\t<style type='text\/css'>\r\n\t\t\t#gallery-1 {\r\n\t\t\t\tmargin: auto;\r\n\t\t\t}\r\n\t\t\t#gallery-1 .gallery-item {\r\n\t\t\t\tfloat: left;\r\n\t\t\t\tmargin-top: 10px;\r\n\t\t\t\ttext-align: center;\r\n\t\t\t\twidth: 50%;\r\n\t\t\t}\r\n\t\t\t#gallery-1 img {\r\n\t\t\t\tborder: 2px solid #cfcfcf;\r\n\t\t\t}\r\n\t\t\t#gallery-1 .gallery-caption {\r\n\t\t\t\tmargin-left: 0;\r\n\t\t\t}\r\n\t\t<\/style>\r\n\t\t<!-- see gallery_shortcode() in wp-includes\/media.php -->\n\t\t<div id='gallery-1' class='gallery galleryid-8055 gallery-columns-2 gallery-size-full gallery1'><script type=\"text\/javascript\">\r\n\/\/ <![CDATA[\r\n\tjQuery(document).ready(function () {\r\n\t\tjQuery(\".gallery1 a\").attr(\"rel\",\"gallery1\");\t\r\n\t\tjQuery('a[rel=\"gallery1\"]').colorbox({maxWidth:\"95%\", maxHeight:\"95%\",title: function(){ return jQuery(this).children().attr(\"alt\"); }, });\r\n\t});\r\n\/\/ ]]>\r\n<\/script>\n<dl class=\"gallery-item\">\n<dt class=\"gallery-icon\">\r\n<a href=\"https:\/\/www.lasrosas.com.ar\/portal\/wp-content\/uploads\/Lago-Espejo-Circuito-de-los-7-Lagos-Argentina--1440x1920.jpg\" title=\"\" rel=\"gallery1\"><img decoding=\"async\" data-src=\"https:\/\/www.lasrosas.com.ar\/portal\/wp-content\/uploads\/Lago-Espejo-Circuito-de-los-7-Lagos-Argentina-.jpg\" width=\"2448\" height=\"3264\" alt=\"\" src=\"data:image\/svg+xml;base64,PHN2ZyB3aWR0aD0iMSIgaGVpZ2h0PSIxIiB4bWxucz0iaHR0cDovL3d3dy53My5vcmcvMjAwMC9zdmciPjwvc3ZnPg==\" class=\"lazyload\" style=\"--smush-placeholder-width: 2448px; --smush-placeholder-aspect-ratio: 2448\/3264;\" \/><\/a>\r\n<\/dt><\/dl><dl class=\"gallery-item\">\n<dt class=\"gallery-icon\">\r\n<a href=\"https:\/\/www.lasrosas.com.ar\/portal\/wp-content\/uploads\/Coliseo-romano-Italia.jpg\" title=\"\" rel=\"gallery1\"><img decoding=\"async\" data-src=\"https:\/\/www.lasrosas.com.ar\/portal\/wp-content\/uploads\/Coliseo-romano-Italia.jpg\" width=\"742\" height=\"1203\" alt=\"\" src=\"data:image\/svg+xml;base64,PHN2ZyB3aWR0aD0iMSIgaGVpZ2h0PSIxIiB4bWxucz0iaHR0cDovL3d3dy53My5vcmcvMjAwMC9zdmciPjwvc3ZnPg==\" class=\"lazyload\" style=\"--smush-placeholder-width: 742px; --smush-placeholder-aspect-ratio: 742\/1203;\" \/><\/a>\r\n<\/dt><\/dl><br style=\"clear: both\" \/>\r\n\t\t<\/div>\n\n<p class=\"p1\">Fotos de Jero Pokle @jeropokle<\/p>\n<!-- AddThis Advanced Settings generic via filter on the_content --><!-- AddThis Share Buttons generic via filter on the_content -->","protected":false},"excerpt":{"rendered":"<p>(Por Mariana Quesada)\u00a0En los \u00faltimos a\u00f1os el personal branding se convirti\u00f3 en tendencia en varios pa\u00edses del mundo. En Argentina, comienza a ser la forma ideal de crecer profesionalmente, ya sea para representar un negocio propio o uno de terceros. Entrevistamos sobre este tema a Jer\u00f3nimo Poklepovich Caride (@jeropokle), productor de contenidos. \u00bfPor qu\u00e9 dejaste [&hellip;]<!-- AddThis Advanced Settings generic via filter on get_the_excerpt --><!-- AddThis Share Buttons generic via filter on get_the_excerpt --><\/p>\n","protected":false},"author":6,"featured_media":9491,"comment_status":"closed","ping_status":"open","sticky":false,"template":"","format":"standard","meta":{"_acf_changed":false,"om_disable_all_campaigns":false,"_monsterinsights_skip_tracking":false,"_monsterinsights_sitenote_active":false,"_monsterinsights_sitenote_note":"","_monsterinsights_sitenote_category":0,"_uf_show_specific_survey":0,"_uf_disable_surveys":false,"footnotes":""},"categories":[376],"tags":[],"class_list":["post-8055","post","type-post","status-publish","format-standard","has-post-thumbnail","hentry","category-lifestyle"],"acf":[],"aioseo_notices":[],"_links":{"self":[{"href":"https:\/\/www.lasrosas.com.ar\/portal\/wp-json\/wp\/v2\/posts\/8055","targetHints":{"allow":["GET"]}}],"collection":[{"href":"https:\/\/www.lasrosas.com.ar\/portal\/wp-json\/wp\/v2\/posts"}],"about":[{"href":"https:\/\/www.lasrosas.com.ar\/portal\/wp-json\/wp\/v2\/types\/post"}],"author":[{"embeddable":true,"href":"https:\/\/www.lasrosas.com.ar\/portal\/wp-json\/wp\/v2\/users\/6"}],"replies":[{"embeddable":true,"href":"https:\/\/www.lasrosas.com.ar\/portal\/wp-json\/wp\/v2\/comments?post=8055"}],"version-history":[{"count":0,"href":"https:\/\/www.lasrosas.com.ar\/portal\/wp-json\/wp\/v2\/posts\/8055\/revisions"}],"wp:featuredmedia":[{"embeddable":true,"href":"https:\/\/www.lasrosas.com.ar\/portal\/wp-json\/wp\/v2\/media\/9491"}],"wp:attachment":[{"href":"https:\/\/www.lasrosas.com.ar\/portal\/wp-json\/wp\/v2\/media?parent=8055"}],"wp:term":[{"taxonomy":"category","embeddable":true,"href":"https:\/\/www.lasrosas.com.ar\/portal\/wp-json\/wp\/v2\/categories?post=8055"},{"taxonomy":"post_tag","embeddable":true,"href":"https:\/\/www.lasrosas.com.ar\/portal\/wp-json\/wp\/v2\/tags?post=8055"}],"curies":[{"name":"wp","href":"https:\/\/api.w.org\/{rel}","templated":true}]}}