{"id":80446,"date":"2024-10-10T15:01:24","date_gmt":"2024-10-10T18:01:24","guid":{"rendered":"https:\/\/www.lasrosas.com.ar\/portal\/?p=80446"},"modified":"2024-10-10T15:01:27","modified_gmt":"2024-10-10T18:01:27","slug":"lazaro-presenta-summer-reverie-ensueno-de-verano-con-estilo-moderno","status":"publish","type":"post","link":"https:\/\/www.lasrosas.com.ar\/portal\/lazaro-presenta-summer-reverie-ensueno-de-verano-con-estilo-moderno\/","title":{"rendered":"LAZARO PRESENTA \u00abSUMMER REVERIE\u00bb: ENSUE\u00d1O DE VERANO CON ESTILO MODERNO"},"content":{"rendered":"\n<p>L\u00e1zaro presenta su esperada colecci\u00f3n de verano, \u201cSummer Reverie\u201d, que encapsula la esencia de un verano lleno de sue\u00f1os. Esta colecci\u00f3n combina una paleta de colores frescos y vibrantes con estilos sporty, casual y urbano, ofreciendo a los amantes de la moda una selecci\u00f3n \u00fanica que refleja la comodidad y la elegancia de la temporada.<br><br>La colecci\u00f3n se destaca por su gama de colores exclusivos, que incluyen: off white, limonada, peach, aqua, latte, matcha Estos tonos son perfectos para aquellos que buscan un estilo ligero y fresco en sus atuendos veraniegos. L\u00e1zaro tambi\u00e9n presenta una serie de colores cl\u00e1sicos que nunca pasan de moda: cotton, suela, tabaco, ceniza y negro.Estos colores son ideales para crear looks vers\u00e1tiles que se adaptan a diversas ocasiones. La colecci\u00f3n se completa con una selecci\u00f3n de tonos metalizados que aportan un toque de sofisticaci\u00f3n y modernidad: plata, peltre y platino. Estos colores brillantes son perfectos para destacar en cualquier evento veraniego.<br><\/p>\n\n\n\n<figure class=\"wp-block-gallery has-nested-images columns-default is-cropped wp-block-gallery-1 is-layout-flex wp-block-gallery-is-layout-flex\">\n<figure class=\"wp-block-image size-large\"><img decoding=\"async\" width=\"1200\" height=\"1200\" data-id=\"80452\" data-src=\"https:\/\/www.lasrosas.com.ar\/portal\/wp-content\/uploads\/Lazaro.jpeg\" alt=\"\" class=\"wp-image-80452 lazyload\" data-srcset=\"https:\/\/www.lasrosas.com.ar\/portal\/wp-content\/uploads\/Lazaro.jpeg 1200w, https:\/\/www.lasrosas.com.ar\/portal\/wp-content\/uploads\/Lazaro-960x960.jpeg 960w\" data-sizes=\"(max-width: 1200px) 100vw, 1200px\" src=\"data:image\/svg+xml;base64,PHN2ZyB3aWR0aD0iMSIgaGVpZ2h0PSIxIiB4bWxucz0iaHR0cDovL3d3dy53My5vcmcvMjAwMC9zdmciPjwvc3ZnPg==\" style=\"--smush-placeholder-width: 1200px; --smush-placeholder-aspect-ratio: 1200\/1200;\" \/><\/figure>\n\n\n\n<figure class=\"wp-block-image size-large\"><img decoding=\"async\" width=\"1200\" height=\"1200\" data-id=\"80451\" data-src=\"https:\/\/www.lasrosas.com.ar\/portal\/wp-content\/uploads\/Lazaro-3-.jpeg\" alt=\"\" class=\"wp-image-80451 lazyload\" data-srcset=\"https:\/\/www.lasrosas.com.ar\/portal\/wp-content\/uploads\/Lazaro-3-.jpeg 1200w, https:\/\/www.lasrosas.com.ar\/portal\/wp-content\/uploads\/Lazaro-3--960x960.jpeg 960w\" data-sizes=\"(max-width: 1200px) 100vw, 1200px\" src=\"data:image\/svg+xml;base64,PHN2ZyB3aWR0aD0iMSIgaGVpZ2h0PSIxIiB4bWxucz0iaHR0cDovL3d3dy53My5vcmcvMjAwMC9zdmciPjwvc3ZnPg==\" style=\"--smush-placeholder-width: 1200px; --smush-placeholder-aspect-ratio: 1200\/1200;\" \/><\/figure>\n<\/figure>\n\n\n\n<p><br>\u201cSummer Reverie\u201d evoca un ensue\u00f1o de verano, donde cada prenda est\u00e1 dise\u00f1ada para brindar comodidad y estilo. La colecci\u00f3n captura la libertad y el esp\u00edritu del verano, permitiendo a los usuarios expresarse a trav\u00e9s de atuendos que son tanto funcionales como elegantes.<br><br>La colecci\u00f3n de verano de L\u00e1zaro est\u00e1 dise\u00f1ada para ofrecer comodidad y estilo a trav\u00e9s de tres tendencias clave:<br>\u25cf Sporty &amp; Casual Style: Dise\u00f1os que combinan funcionalidad con un toque relajado, perfectos para el d\u00eda a d\u00eda.<br>\u25cf Urban Style: Atuendos que reflejan la energ\u00eda de la ciudad, ideales para quienes buscan destacar en entornos urbanos.<br>\u25cf Modern Style: Cortes y detalles contempor\u00e1neos que aportan un aire fresco y actual a cualquier guardarropa.<\/p>\n\n\n\n<figure class=\"wp-block-image size-full\"><img decoding=\"async\" width=\"640\" height=\"1050\" data-src=\"https:\/\/www.lasrosas.com.ar\/portal\/wp-content\/uploads\/Captura-de-pantalla-2024-09-27-a-las-4.21.19\u202fp.-m.png\" alt=\"\" class=\"wp-image-80450 lazyload\" data-srcset=\"https:\/\/www.lasrosas.com.ar\/portal\/wp-content\/uploads\/Captura-de-pantalla-2024-09-27-a-las-4.21.19\u202fp.-m.png 640w, https:\/\/www.lasrosas.com.ar\/portal\/wp-content\/uploads\/Captura-de-pantalla-2024-09-27-a-las-4.21.19\u202fp.-m-585x960.png 585w\" data-sizes=\"(max-width: 640px) 100vw, 640px\" src=\"data:image\/svg+xml;base64,PHN2ZyB3aWR0aD0iMSIgaGVpZ2h0PSIxIiB4bWxucz0iaHR0cDovL3d3dy53My5vcmcvMjAwMC9zdmciPjwvc3ZnPg==\" style=\"--smush-placeholder-width: 640px; --smush-placeholder-aspect-ratio: 640\/1050;\" \/><\/figure>\n\n\n\n<p><br>La nueva colecci\u00f3n \u201cSummer Reverie\u201d de L\u00e1zaro estar\u00e1 disponible en todas las tiendas y en www.lazarocuero.com.ar<\/p>\n<!-- AddThis Advanced Settings generic via filter on the_content --><!-- AddThis Share Buttons generic via filter on the_content -->","protected":false},"excerpt":{"rendered":"<p>L\u00e1zaro presenta su esperada colecci\u00f3n de verano, \u201cSummer Reverie\u201d, que encapsula la esencia de un verano lleno de sue\u00f1os. Esta colecci\u00f3n combina una paleta de colores frescos y vibrantes con estilos sporty, casual y urbano, ofreciendo a los amantes de la moda una selecci\u00f3n \u00fanica que refleja la comodidad y la elegancia de la temporada. [&hellip;]<!-- AddThis Advanced Settings generic via filter on get_the_excerpt --><!-- AddThis Share Buttons generic via filter on get_the_excerpt --><\/p>\n","protected":false},"author":6,"featured_media":80449,"comment_status":"closed","ping_status":"open","sticky":false,"template":"","format":"standard","meta":{"_acf_changed":false,"om_disable_all_campaigns":false,"_monsterinsights_skip_tracking":false,"_monsterinsights_sitenote_active":false,"_monsterinsights_sitenote_note":"","_monsterinsights_sitenote_category":0,"_uf_show_specific_survey":0,"_uf_disable_surveys":false,"footnotes":""},"categories":[100],"tags":[807,604,58,662],"class_list":["post-80446","post","type-post","status-publish","format-standard","has-post-thumbnail","hentry","category-noticias","tag-bolso","tag-lazaro","tag-moda","tag-regalo-2"],"acf":[],"aioseo_notices":[],"_links":{"self":[{"href":"https:\/\/www.lasrosas.com.ar\/portal\/wp-json\/wp\/v2\/posts\/80446","targetHints":{"allow":["GET"]}}],"collection":[{"href":"https:\/\/www.lasrosas.com.ar\/portal\/wp-json\/wp\/v2\/posts"}],"about":[{"href":"https:\/\/www.lasrosas.com.ar\/portal\/wp-json\/wp\/v2\/types\/post"}],"author":[{"embeddable":true,"href":"https:\/\/www.lasrosas.com.ar\/portal\/wp-json\/wp\/v2\/users\/6"}],"replies":[{"embeddable":true,"href":"https:\/\/www.lasrosas.com.ar\/portal\/wp-json\/wp\/v2\/comments?post=80446"}],"version-history":[{"count":1,"href":"https:\/\/www.lasrosas.com.ar\/portal\/wp-json\/wp\/v2\/posts\/80446\/revisions"}],"predecessor-version":[{"id":80453,"href":"https:\/\/www.lasrosas.com.ar\/portal\/wp-json\/wp\/v2\/posts\/80446\/revisions\/80453"}],"wp:featuredmedia":[{"embeddable":true,"href":"https:\/\/www.lasrosas.com.ar\/portal\/wp-json\/wp\/v2\/media\/80449"}],"wp:attachment":[{"href":"https:\/\/www.lasrosas.com.ar\/portal\/wp-json\/wp\/v2\/media?parent=80446"}],"wp:term":[{"taxonomy":"category","embeddable":true,"href":"https:\/\/www.lasrosas.com.ar\/portal\/wp-json\/wp\/v2\/categories?post=80446"},{"taxonomy":"post_tag","embeddable":true,"href":"https:\/\/www.lasrosas.com.ar\/portal\/wp-json\/wp\/v2\/tags?post=80446"}],"curies":[{"name":"wp","href":"https:\/\/api.w.org\/{rel}","templated":true}]}}