{"id":80207,"date":"2024-09-30T11:48:58","date_gmt":"2024-09-30T14:48:58","guid":{"rendered":"https:\/\/www.lasrosas.com.ar\/portal\/?p=80207"},"modified":"2024-09-30T11:49:02","modified_gmt":"2024-09-30T14:49:02","slug":"fundacion-gedyt-realizo-con-exito-la-noche-azul-una-gala-a-beneficio-dedicada-a-la-concientizacion-sobre-el-cancer-de-colon","status":"publish","type":"post","link":"https:\/\/www.lasrosas.com.ar\/portal\/fundacion-gedyt-realizo-con-exito-la-noche-azul-una-gala-a-beneficio-dedicada-a-la-concientizacion-sobre-el-cancer-de-colon\/","title":{"rendered":"FUNDACI\u00d3N GEDYT REALIZ\u00d3 CON \u00c9XITO LA \u201cNOCHE AZUL\u201d: UNA GALA A BENEFICIO DEDICADA A LA CONCIENTIZACI\u00d3N SOBRE EL C\u00c1NCER DE COLON"},"content":{"rendered":"\n<p><em>M\u00e1s de 250 invitados se reunieron en el Alvear Palace Hotel, para apoyar la causa de la Fundaci\u00f3n GEDYT sobre el c\u00e1ncer de colon. Durante la noche se recaud\u00f3 una cifra de m\u00e1s de $140 millones.<\/em><\/p>\n\n\n\n<p><strong>Fundaci\u00f3n GEDYT<\/strong> celebr\u00f3 ayer la cuarta edici\u00f3n de su cena anual de recaudaci\u00f3n de fondos \u201cNoche Azul\u201d en el Alvear Palace Hotel. Con el objetivo de concientizar sobre el c\u00e1ncer de colon y la importancia de su prevenci\u00f3n, invitaron a grandes referentes del sector\u00a0 a colaborar con la iniciativa. Durante el evento lograron recaudar m\u00e1s de $140 millones de pesos.\u00a0<\/p>\n\n\n\n<p>A la gala asistieron m\u00e1s de 250 personas entre las que se destacan importantes figuras del arte, la salud, la cultura y la pol\u00edtica: el conductor del evento Guillermo Andino, Luis Novaresio, Araceli Gonzalez, Flor Torrente, Teresa Calandra, Evelyn Scheidl, Christophe Krywonis, Angie Landaburu, Luli Fernandez, Flor Sosa y Marcelo Polino. Adem\u00e1s de Gabriel Chumpitaz, Diputado Nacional por la Provincia de Santa Fe y Carlos Arce, Senador Nacional por la provincia de Misiones, entre otros.&nbsp;<\/p>\n\n\n\n<p>Al comienzo de la cena, los presentes tuvieron la oportunidad de escuchar las palabras de bienvenida del Dr. Luis Caro, Presidente de Fundaci\u00f3n GEDYT, quien destac\u00f3: \u201cUn a\u00f1o m\u00e1s, con esta gala logramos poner en agenda la prevenci\u00f3n y el tratamiento del c\u00e1ncer de colon, que es la segunda causa de muerte por c\u00e1ncer en nuestro pa\u00eds. Es importante que sigamos colaborando juntos para continuar ayudando a que cada vez sean m\u00e1s las personas que tengan acceso a una salud digestiva de calidad\u201d.<em>&nbsp;<\/em><\/p>\n\n\n\n<p>Fue una noche repleta de sorpresas y emociones. \u201cCon nuestra Noche Azul no solo queremos hablar de cifras sobre el c\u00e1ncer de colon en el pa\u00eds, sino tambi\u00e9n contar aquellas historias de vida que hay detr\u00e1s de cada paciente. Queremos lograr un impacto positivo en la sociedad para que cada vez seamos m\u00e1s los que nos reunimos en esta gala para colaborar en esta noble causa\u201d, agrega la Lic. Mar\u00eda Emilia Caro, directora ejecutiva de la Fundaci\u00f3n GEDYT.<\/p>\n\n\n\n<figure class=\"wp-block-gallery has-nested-images columns-default is-cropped wp-block-gallery-1 is-layout-flex wp-block-gallery-is-layout-flex\">\n<figure class=\"wp-block-image size-large\"><img decoding=\"async\" width=\"1280\" height=\"1920\" data-id=\"80209\" data-src=\"https:\/\/www.lasrosas.com.ar\/portal\/wp-content\/uploads\/Claudio-Rigoli-junto-a-su-pareja-1280x1920.jpg\" alt=\"\" class=\"wp-image-80209 lazyload\" data-srcset=\"https:\/\/www.lasrosas.com.ar\/portal\/wp-content\/uploads\/Claudio-Rigoli-junto-a-su-pareja-1280x1920.jpg 1280w, https:\/\/www.lasrosas.com.ar\/portal\/wp-content\/uploads\/Claudio-Rigoli-junto-a-su-pareja-640x960.jpg 640w, https:\/\/www.lasrosas.com.ar\/portal\/wp-content\/uploads\/Claudio-Rigoli-junto-a-su-pareja-1024x1536.jpg 1024w, https:\/\/www.lasrosas.com.ar\/portal\/wp-content\/uploads\/Claudio-Rigoli-junto-a-su-pareja-scaled.jpg 1365w\" data-sizes=\"(max-width: 1280px) 100vw, 1280px\" src=\"data:image\/svg+xml;base64,PHN2ZyB3aWR0aD0iMSIgaGVpZ2h0PSIxIiB4bWxucz0iaHR0cDovL3d3dy53My5vcmcvMjAwMC9zdmciPjwvc3ZnPg==\" style=\"--smush-placeholder-width: 1280px; --smush-placeholder-aspect-ratio: 1280\/1920;\" \/><\/figure>\n\n\n\n<figure class=\"wp-block-image size-large\"><img decoding=\"async\" width=\"1280\" height=\"1920\" data-id=\"80210\" data-src=\"https:\/\/www.lasrosas.com.ar\/portal\/wp-content\/uploads\/Luli-Fernandez-junto-al-abogado-Cristian-Cuneo-Libarona-1280x1920.jpg\" alt=\"\" class=\"wp-image-80210 lazyload\" data-srcset=\"https:\/\/www.lasrosas.com.ar\/portal\/wp-content\/uploads\/Luli-Fernandez-junto-al-abogado-Cristian-Cuneo-Libarona-1280x1920.jpg 1280w, https:\/\/www.lasrosas.com.ar\/portal\/wp-content\/uploads\/Luli-Fernandez-junto-al-abogado-Cristian-Cuneo-Libarona-640x960.jpg 640w, https:\/\/www.lasrosas.com.ar\/portal\/wp-content\/uploads\/Luli-Fernandez-junto-al-abogado-Cristian-Cuneo-Libarona-1024x1536.jpg 1024w, https:\/\/www.lasrosas.com.ar\/portal\/wp-content\/uploads\/Luli-Fernandez-junto-al-abogado-Cristian-Cuneo-Libarona-scaled.jpg 1365w\" data-sizes=\"(max-width: 1280px) 100vw, 1280px\" src=\"data:image\/svg+xml;base64,PHN2ZyB3aWR0aD0iMSIgaGVpZ2h0PSIxIiB4bWxucz0iaHR0cDovL3d3dy53My5vcmcvMjAwMC9zdmciPjwvc3ZnPg==\" style=\"--smush-placeholder-width: 1280px; --smush-placeholder-aspect-ratio: 1280\/1920;\" \/><\/figure>\n<\/figure>\n\n\n\n<p>Todos los invitados participaron de la subasta que const\u00f3 de una camiseta de la Selecci\u00f3n Argentina de F\u00fatbol firmada por Lionel Messi que alcanz\u00f3 el monto de $3.4 M. Adem\u00e1s de una camiseta del Club Atl\u00e9tico River Plate firmada por el plantel por $1.7 M; una camiseta de Las Leonas firmada por la capitana Roc\u00edo S\u00e1nchez Moccia, por $325 mil y una camiseta del Club Atl\u00e9tico Boca Juniors por $2.410 M. Por otro lado, dos piezas de arte, una \u2018Rosa de la Paz\u2019 creada por el maestro orfebre Juan Carlos Pallarols a base de bronce y restos de material b\u00e9lico de la Guerra de Malvinas por $2.6 M y una obra de arte abstracto creada en vivo durante el evento por el artista Mauro Crema por $2.2 M.<\/p>\n\n\n\n<p>Asimismo, los invitados aportaron a la causa de la fundaci\u00f3n mediante donaciones online y participando de un bingo en vivo con el que recaudaron m\u00e1s de $4M. Todos los fondos recaudados ser\u00e1n destinados a financiar estudios de tamizaje para pacientes de hospitales p\u00fablicos y a impulsar investigaciones, proyectos y programas de la Fundaci\u00f3n GEDYT, con un enfoque en la prevenci\u00f3n y detecci\u00f3n temprana del c\u00e1ncer de colon.<\/p>\n\n\n\n<p>Un a\u00f1o m\u00e1s, la Noche Azul fue el escenario de encuentro para el compa\u00f1erismo y la solidaridad. Todos los asistentes se unieron para honrar el compromiso, trabajo y\u00a0 dedicaci\u00f3n de la Fundaci\u00f3n GEDYT.\u00a0<br><\/p>\n\n\n\n<figure class=\"wp-block-gallery has-nested-images columns-default is-cropped wp-block-gallery-2 is-layout-flex wp-block-gallery-is-layout-flex\">\n<figure class=\"wp-block-image size-large\"><img decoding=\"async\" width=\"1280\" height=\"1920\" data-id=\"80211\" data-src=\"https:\/\/www.lasrosas.com.ar\/portal\/wp-content\/uploads\/Flor-Sosa-junto-a-Christophe-Krywonis-y-Polino-1280x1920.jpg\" alt=\"\" class=\"wp-image-80211 lazyload\" data-srcset=\"https:\/\/www.lasrosas.com.ar\/portal\/wp-content\/uploads\/Flor-Sosa-junto-a-Christophe-Krywonis-y-Polino-1280x1920.jpg 1280w, https:\/\/www.lasrosas.com.ar\/portal\/wp-content\/uploads\/Flor-Sosa-junto-a-Christophe-Krywonis-y-Polino-640x960.jpg 640w, https:\/\/www.lasrosas.com.ar\/portal\/wp-content\/uploads\/Flor-Sosa-junto-a-Christophe-Krywonis-y-Polino-1024x1536.jpg 1024w, https:\/\/www.lasrosas.com.ar\/portal\/wp-content\/uploads\/Flor-Sosa-junto-a-Christophe-Krywonis-y-Polino-scaled.jpg 1365w\" data-sizes=\"(max-width: 1280px) 100vw, 1280px\" src=\"data:image\/svg+xml;base64,PHN2ZyB3aWR0aD0iMSIgaGVpZ2h0PSIxIiB4bWxucz0iaHR0cDovL3d3dy53My5vcmcvMjAwMC9zdmciPjwvc3ZnPg==\" style=\"--smush-placeholder-width: 1280px; --smush-placeholder-aspect-ratio: 1280\/1920;\" \/><\/figure>\n\n\n\n<figure class=\"wp-block-image size-large\"><img decoding=\"async\" width=\"1280\" height=\"1920\" data-id=\"80212\" data-src=\"https:\/\/www.lasrosas.com.ar\/portal\/wp-content\/uploads\/Angie-Landaburu-y-Flor-Torrente-1280x1920.jpg\" alt=\"\" class=\"wp-image-80212 lazyload\" data-srcset=\"https:\/\/www.lasrosas.com.ar\/portal\/wp-content\/uploads\/Angie-Landaburu-y-Flor-Torrente-1280x1920.jpg 1280w, https:\/\/www.lasrosas.com.ar\/portal\/wp-content\/uploads\/Angie-Landaburu-y-Flor-Torrente-640x960.jpg 640w, https:\/\/www.lasrosas.com.ar\/portal\/wp-content\/uploads\/Angie-Landaburu-y-Flor-Torrente-1024x1536.jpg 1024w, https:\/\/www.lasrosas.com.ar\/portal\/wp-content\/uploads\/Angie-Landaburu-y-Flor-Torrente-scaled.jpg 1365w\" data-sizes=\"(max-width: 1280px) 100vw, 1280px\" src=\"data:image\/svg+xml;base64,PHN2ZyB3aWR0aD0iMSIgaGVpZ2h0PSIxIiB4bWxucz0iaHR0cDovL3d3dy53My5vcmcvMjAwMC9zdmciPjwvc3ZnPg==\" style=\"--smush-placeholder-width: 1280px; --smush-placeholder-aspect-ratio: 1280\/1920;\" \/><\/figure>\n<\/figure>\n\n\n\n<p><br><strong>Ediciones anteriores de la \u201cNoche Azul\u201d:<\/strong><\/p>\n\n\n\n<p>La edici\u00f3n m\u00e1s reciente de la Noche Azul, celebrada el a\u00f1o pasado, alcanz\u00f3 una cifra r\u00e9cord de $55 millones de pesos recaudados. Estos fondos se destinaron a financiar estudios de prevenci\u00f3n y detecci\u00f3n temprana del c\u00e1ncer de colon, as\u00ed como al desarrollo de programas de formaci\u00f3n para endoscopistas, con el objetivo de fortalecer la atenci\u00f3n y mejorar la calidad del diagn\u00f3stico en los pacientes.<\/p>\n\n\n\n<p>Anteriormente, en 2022 se recaudaron $25 millones de p esos que fueron destinados a la renovaci\u00f3n y puesta en valor del servicio de gastroenterolog\u00eda del Hospital de Cl\u00ednicas \u201cJos\u00e9 de San Mart\u00edn\u201d. El objetivo de la obra fue ampliar y renovar el servicio de gastroenterolog\u00eda con el fin de mejorar la capacidad y la calidad de atenci\u00f3n de los pacientes que asisten a consultas m\u00e9dicas relacionadas con la prevenci\u00f3n, diagn\u00f3stico y tratamiento de enfermedades digestivas.\u00a0<\/p>\n\n\n\n<p>En 2019 se desarroll\u00f3 la primera Noche Azul, en la que la fundaci\u00f3n recaud\u00f3 $2 millones de pesos, valor que fue destinado al desarrollo de la plataforma virtual de docencia y al desarrollo del Programa de Formaci\u00f3n de c\u00e1ncer de colon. Tambi\u00e9n en 2020, se realiz\u00f3 el simposio virtual sobre c\u00e1ncer de colon y en 2021 el simposio h\u00edbrido en el Complejo La Plaza.<\/p>\n<!-- AddThis Advanced Settings generic via filter on the_content --><!-- AddThis Share Buttons generic via filter on the_content -->","protected":false},"excerpt":{"rendered":"<p>M\u00e1s de 250 invitados se reunieron en el Alvear Palace Hotel, para apoyar la causa de la Fundaci\u00f3n GEDYT sobre el c\u00e1ncer de colon. Durante la noche se recaud\u00f3 una cifra de m\u00e1s de $140 millones. Fundaci\u00f3n GEDYT celebr\u00f3 ayer la cuarta edici\u00f3n de su cena anual de recaudaci\u00f3n de fondos \u201cNoche Azul\u201d en el [&hellip;]<!-- AddThis Advanced Settings generic via filter on get_the_excerpt --><!-- AddThis Share Buttons generic via filter on get_the_excerpt --><\/p>\n","protected":false},"author":6,"featured_media":80208,"comment_status":"closed","ping_status":"open","sticky":false,"template":"","format":"standard","meta":{"_acf_changed":false,"om_disable_all_campaigns":false,"_monsterinsights_skip_tracking":false,"_monsterinsights_sitenote_active":false,"_monsterinsights_sitenote_note":"","_monsterinsights_sitenote_category":0,"_uf_show_specific_survey":0,"_uf_disable_surveys":false,"footnotes":""},"categories":[100],"tags":[939,467,630,981,74],"class_list":["post-80207","post","type-post","status-publish","format-standard","has-post-thumbnail","hentry","category-noticias","tag-cancer","tag-evento","tag-fundacion","tag-gedyt","tag-sociales"],"acf":[],"aioseo_notices":[],"_links":{"self":[{"href":"https:\/\/www.lasrosas.com.ar\/portal\/wp-json\/wp\/v2\/posts\/80207","targetHints":{"allow":["GET"]}}],"collection":[{"href":"https:\/\/www.lasrosas.com.ar\/portal\/wp-json\/wp\/v2\/posts"}],"about":[{"href":"https:\/\/www.lasrosas.com.ar\/portal\/wp-json\/wp\/v2\/types\/post"}],"author":[{"embeddable":true,"href":"https:\/\/www.lasrosas.com.ar\/portal\/wp-json\/wp\/v2\/users\/6"}],"replies":[{"embeddable":true,"href":"https:\/\/www.lasrosas.com.ar\/portal\/wp-json\/wp\/v2\/comments?post=80207"}],"version-history":[{"count":1,"href":"https:\/\/www.lasrosas.com.ar\/portal\/wp-json\/wp\/v2\/posts\/80207\/revisions"}],"predecessor-version":[{"id":80213,"href":"https:\/\/www.lasrosas.com.ar\/portal\/wp-json\/wp\/v2\/posts\/80207\/revisions\/80213"}],"wp:featuredmedia":[{"embeddable":true,"href":"https:\/\/www.lasrosas.com.ar\/portal\/wp-json\/wp\/v2\/media\/80208"}],"wp:attachment":[{"href":"https:\/\/www.lasrosas.com.ar\/portal\/wp-json\/wp\/v2\/media?parent=80207"}],"wp:term":[{"taxonomy":"category","embeddable":true,"href":"https:\/\/www.lasrosas.com.ar\/portal\/wp-json\/wp\/v2\/categories?post=80207"},{"taxonomy":"post_tag","embeddable":true,"href":"https:\/\/www.lasrosas.com.ar\/portal\/wp-json\/wp\/v2\/tags?post=80207"}],"curies":[{"name":"wp","href":"https:\/\/api.w.org\/{rel}","templated":true}]}}