{"id":79951,"date":"2024-09-10T14:55:01","date_gmt":"2024-09-10T17:55:01","guid":{"rendered":"https:\/\/www.lasrosas.com.ar\/portal\/?p=79951"},"modified":"2024-09-10T14:55:22","modified_gmt":"2024-09-10T17:55:22","slug":"juli-savioli-en-microteatro","status":"publish","type":"post","link":"https:\/\/www.lasrosas.com.ar\/portal\/juli-savioli-en-microteatro\/","title":{"rendered":"JULI SAVIOLI EN MICROTEATRO"},"content":{"rendered":"\n<p>La vers\u00e1til artista debutar\u00e1 en su faceta perfo-musical en una nueva edici\u00f3n de \u201cMicroac\u00fasticos\u201d, el ciclo que se basa en la reconocida propuesta del teatro: shows exclusivos de 20 minutos para 20 espectadores \u00fanicos.<\/p>\n\n\n\n<p>A pocas semanas del lanzamiento de su primer trabajo discogr\u00e1fico, <a href=\"https:\/\/www.instagram.com\/julisavioli\/?hl=es-la\"><strong>Juli Savioli<\/strong><\/a> confirma su participaci\u00f3n en \u201cMicroac\u00fasticos\u201d, el ciclo de micro shows producidos por <a href=\"https:\/\/www.instagram.com\/microteatroba\/\">Microteatro<\/a>, la reconocida y disruptiva propuesta teatral que ha revolucionado la forma de consumir arte en el mundo. El evento se realizar\u00e1 el <strong>23 de septiembre en la sala de Microteatro<\/strong> de Palermo, Serrano 1139, y ya se pueden conseguir los tickets a la venta en la <a href=\"http:\/\/entradas.microteatro.com.ar\">Web de Microteatro<\/a>. <strong>Habr\u00e1 seis \u00fanicas funciones: a las 20.00, 20.50, 21.40, 22.30 y 23.20 horas.<\/strong><\/p>\n\n\n\n<p>Esta ser\u00e1 una oportunidad para ser testigos de la energ\u00eda arrasadora de Juli que, en cuerpo y voz, cantar\u00e1 por primera vez en vivo algunas de sus canciones en un ambiente \u00edntimo y cercano, donde la cantante, actriz, bailarina, ilustradora, doblajista y talento todoterreno compartir\u00e1 su creatividad y emociones con el p\u00fablico, creando una conexi\u00f3n especial a trav\u00e9s de su arte.<br><\/p>\n\n\n\n<figure class=\"wp-block-image size-full\"><img decoding=\"async\" width=\"1108\" height=\"736\" data-src=\"https:\/\/www.lasrosas.com.ar\/portal\/wp-content\/uploads\/image-60.png\" alt=\"\" class=\"wp-image-79956 lazyload\" data-srcset=\"https:\/\/www.lasrosas.com.ar\/portal\/wp-content\/uploads\/image-60.png 1108w, https:\/\/www.lasrosas.com.ar\/portal\/wp-content\/uploads\/image-60-960x638.png 960w\" data-sizes=\"(max-width: 1108px) 100vw, 1108px\" src=\"data:image\/svg+xml;base64,PHN2ZyB3aWR0aD0iMSIgaGVpZ2h0PSIxIiB4bWxucz0iaHR0cDovL3d3dy53My5vcmcvMjAwMC9zdmciPjwvc3ZnPg==\" style=\"--smush-placeholder-width: 1108px; --smush-placeholder-aspect-ratio: 1108\/736;\" \/><\/figure>\n\n\n\n<p><br><strong>Microac\u00fasticos<\/strong> es mucho m\u00e1s que un show de 20 minutos. Es una ocasi\u00f3n para crear un universo art\u00edstico \u00fanico, donde se vive una experiencia musical en salas de 15 m\u00b2, con 20 espectadores que estar\u00e1n a pocos metros, permitiendo una conexi\u00f3n personal y emocional muy especial.<\/p>\n\n\n\n<p>Recientemente, Juli Savioli acaba de presentar su single <a href=\"https:\/\/open.spotify.com\/intl-es\/track\/6k9ClcpERuAh9cKRdz0jsG?si=9487b8bd94054075\"><strong><em>\u00abTe Prestar\u00eda Mis Ojos\u00bb<\/em><\/strong><\/a><strong> <\/strong>&nbsp;que forma parte de su pr\u00f3ximo \u00e1lbum. Esta canci\u00f3n es la continuaci\u00f3n de <strong>\u201c<\/strong><a href=\"https:\/\/www.youtube.com\/watch?v=oaP_k7WB4Jw\"><strong><em>L\u00facete<\/em><\/strong><\/a><strong><em>\u201d, \u201c<\/em><\/strong><a href=\"https:\/\/www.youtube.com\/watch?v=uN_tgjIbxKw\"><strong><em>Mismo<\/em><\/strong><strong> Aire<\/strong><\/a><strong>\u201d<\/strong> y \u201c<a href=\"https:\/\/www.youtube.com\/watch?v=6CbVeQkjPno\"><strong>Espinas<\/strong><\/a>\u201d publicados este a\u00f1o, consolidando as\u00ed su crecimiento art\u00edstico y su exploraci\u00f3n inclasificable hac\u00edas nuevas formas de comunicar todo su poderoso arsenal creativo.<\/p>\n<!-- AddThis Advanced Settings generic via filter on the_content --><!-- AddThis Share Buttons generic via filter on the_content -->","protected":false},"excerpt":{"rendered":"<p>La vers\u00e1til artista debutar\u00e1 en su faceta perfo-musical en una nueva edici\u00f3n de \u201cMicroac\u00fasticos\u201d, el ciclo que se basa en la reconocida propuesta del teatro: shows exclusivos de 20 minutos para 20 espectadores \u00fanicos. A pocas semanas del lanzamiento de su primer trabajo discogr\u00e1fico, Juli Savioli confirma su participaci\u00f3n en \u201cMicroac\u00fasticos\u201d, el ciclo de micro [&hellip;]<!-- AddThis Advanced Settings generic via filter on get_the_excerpt --><!-- AddThis Share Buttons generic via filter on get_the_excerpt --><\/p>\n","protected":false},"author":6,"featured_media":79957,"comment_status":"closed","ping_status":"open","sticky":false,"template":"","format":"standard","meta":{"_acf_changed":false,"om_disable_all_campaigns":false,"_monsterinsights_skip_tracking":false,"_monsterinsights_sitenote_active":false,"_monsterinsights_sitenote_note":"","_monsterinsights_sitenote_category":0,"_uf_show_specific_survey":0,"_uf_disable_surveys":false,"footnotes":""},"categories":[100],"tags":[108,510,958,444,902,460],"class_list":["post-79951","post","type-post","status-publish","format-standard","has-post-thumbnail","hentry","category-noticias","tag-artista","tag-concierto","tag-microteatro","tag-musica-2","tag-savioli","tag-show"],"acf":[],"aioseo_notices":[],"_links":{"self":[{"href":"https:\/\/www.lasrosas.com.ar\/portal\/wp-json\/wp\/v2\/posts\/79951","targetHints":{"allow":["GET"]}}],"collection":[{"href":"https:\/\/www.lasrosas.com.ar\/portal\/wp-json\/wp\/v2\/posts"}],"about":[{"href":"https:\/\/www.lasrosas.com.ar\/portal\/wp-json\/wp\/v2\/types\/post"}],"author":[{"embeddable":true,"href":"https:\/\/www.lasrosas.com.ar\/portal\/wp-json\/wp\/v2\/users\/6"}],"replies":[{"embeddable":true,"href":"https:\/\/www.lasrosas.com.ar\/portal\/wp-json\/wp\/v2\/comments?post=79951"}],"version-history":[{"count":2,"href":"https:\/\/www.lasrosas.com.ar\/portal\/wp-json\/wp\/v2\/posts\/79951\/revisions"}],"predecessor-version":[{"id":79959,"href":"https:\/\/www.lasrosas.com.ar\/portal\/wp-json\/wp\/v2\/posts\/79951\/revisions\/79959"}],"wp:featuredmedia":[{"embeddable":true,"href":"https:\/\/www.lasrosas.com.ar\/portal\/wp-json\/wp\/v2\/media\/79957"}],"wp:attachment":[{"href":"https:\/\/www.lasrosas.com.ar\/portal\/wp-json\/wp\/v2\/media?parent=79951"}],"wp:term":[{"taxonomy":"category","embeddable":true,"href":"https:\/\/www.lasrosas.com.ar\/portal\/wp-json\/wp\/v2\/categories?post=79951"},{"taxonomy":"post_tag","embeddable":true,"href":"https:\/\/www.lasrosas.com.ar\/portal\/wp-json\/wp\/v2\/tags?post=79951"}],"curies":[{"name":"wp","href":"https:\/\/api.w.org\/{rel}","templated":true}]}}