{"id":79685,"date":"2024-08-23T11:23:25","date_gmt":"2024-08-23T14:23:25","guid":{"rendered":"https:\/\/www.lasrosas.com.ar\/portal\/?p=79685"},"modified":"2024-08-23T11:23:27","modified_gmt":"2024-08-23T14:23:27","slug":"cordoba-recibe-el-nuevo-peugeot-2008","status":"publish","type":"post","link":"https:\/\/www.lasrosas.com.ar\/portal\/cordoba-recibe-el-nuevo-peugeot-2008\/","title":{"rendered":"C\u00d3RDOBA RECIBE EL NUEVO PEUGEOT 2008"},"content":{"rendered":"\n<p>El nuevo Peugeot 2008 se present\u00f3 en la ciudad de la mano de Avec Peugeot.<\/p>\n\n\n\n<p>En el d\u00eda de ayer y con la asistencia de m\u00e1s de 140 personas en el concesionario perteneciente a Grupo Quijada, se realiz\u00f3 el lanzamiento m\u00e1s importante de Peugeot en el \u00faltimo tiempo: Nuevo Peugeot 2008.&nbsp;<\/p>\n\n\n\n<p>Este SUV llega con un dise\u00f1o que refleja la identidad din\u00e1mica y elegante de la marca francesa. Con l\u00edneas aerodin\u00e1micas y detalles sofisticados, un auto compacto no solo atrae miradas, sino que tambi\u00e9n promete una experiencia de manejo superior, combinando estilo y funcionalidad en cada aspecto.<br><\/p>\n\n\n\n<figure class=\"wp-block-image size-large\"><img decoding=\"async\" width=\"1920\" height=\"1440\" data-src=\"https:\/\/www.lasrosas.com.ar\/portal\/wp-content\/uploads\/Foto-4-1920x1440.jpeg\" alt=\"\" class=\"wp-image-79691 lazyload\" data-srcset=\"https:\/\/www.lasrosas.com.ar\/portal\/wp-content\/uploads\/Foto-4-1920x1440.jpeg 1920w, https:\/\/www.lasrosas.com.ar\/portal\/wp-content\/uploads\/Foto-4-960x720.jpeg 960w, https:\/\/www.lasrosas.com.ar\/portal\/wp-content\/uploads\/Foto-4-640x480.jpeg 640w, https:\/\/www.lasrosas.com.ar\/portal\/wp-content\/uploads\/Foto-4-1536x1152.jpeg 1536w, https:\/\/www.lasrosas.com.ar\/portal\/wp-content\/uploads\/Foto-4-scaled.jpeg 2048w\" data-sizes=\"(max-width: 1920px) 100vw, 1920px\" src=\"data:image\/svg+xml;base64,PHN2ZyB3aWR0aD0iMSIgaGVpZ2h0PSIxIiB4bWxucz0iaHR0cDovL3d3dy53My5vcmcvMjAwMC9zdmciPjwvc3ZnPg==\" style=\"--smush-placeholder-width: 1920px; --smush-placeholder-aspect-ratio: 1920\/1440;\" \/><\/figure>\n\n\n\n<p><br>El coraz\u00f3n del Peugeot 2008 es su motor turbo T200 de 120 CV, que se combina con una transmisi\u00f3n autom\u00e1tica CVT de 7 velocidades. Este conjunto mec\u00e1nico asegura una respuesta \u00e1gil y eficiente.\u00a0<\/p>\n\n\n\n<p>En su interior ofrece un espacio que destaca por su refinamiento y tecnolog\u00eda avanzada. Equipado con el innovador Peugeot i-Cockpit, el conductor disfruta de una posici\u00f3n de manejo elevada y ergon\u00f3mica, con un volante compacto, un cuadro de instrumentos digital en 3D y una pantalla t\u00e1ctil de alta definici\u00f3n que centraliza todas las funciones del veh\u00edculo.&nbsp;<\/p>\n\n\n\n<p>En cuanto a la conectividad, el 2008 ofrece compatibilidad con Apple CarPlay y Android Auto, permitiendo a los usuarios integrar f\u00e1cilmente sus dispositivos m\u00f3viles al sistema multimedia del veh\u00edculo.&nbsp;<\/p>\n\n\n\n<p>Con lo que respecta al evento, cont\u00f3 con una gran producci\u00f3n, show de luces, artistas, pruebas de manejo y dj que crearon una atmosfera \u00fanica. Encontr\u00e1 todos los detalles del evento en las redes sociales de Avec Peugeot y agend\u00e1 tu test drive en el sitio web www.peugeotavec.com.ar<\/p>\n\n\n\n<figure class=\"wp-block-image size-large\"><img decoding=\"async\" width=\"1920\" height=\"1440\" data-src=\"https:\/\/www.lasrosas.com.ar\/portal\/wp-content\/uploads\/Foto-1-1920x1440.jpeg\" alt=\"\" class=\"wp-image-79690 lazyload\" data-srcset=\"https:\/\/www.lasrosas.com.ar\/portal\/wp-content\/uploads\/Foto-1-1920x1440.jpeg 1920w, https:\/\/www.lasrosas.com.ar\/portal\/wp-content\/uploads\/Foto-1-960x720.jpeg 960w, https:\/\/www.lasrosas.com.ar\/portal\/wp-content\/uploads\/Foto-1-640x480.jpeg 640w, https:\/\/www.lasrosas.com.ar\/portal\/wp-content\/uploads\/Foto-1-1536x1152.jpeg 1536w, https:\/\/www.lasrosas.com.ar\/portal\/wp-content\/uploads\/Foto-1-scaled.jpeg 2048w\" data-sizes=\"(max-width: 1920px) 100vw, 1920px\" src=\"data:image\/svg+xml;base64,PHN2ZyB3aWR0aD0iMSIgaGVpZ2h0PSIxIiB4bWxucz0iaHR0cDovL3d3dy53My5vcmcvMjAwMC9zdmciPjwvc3ZnPg==\" style=\"--smush-placeholder-width: 1920px; --smush-placeholder-aspect-ratio: 1920\/1440;\" \/><\/figure>\n<!-- AddThis Advanced Settings generic via filter on the_content --><!-- AddThis Share Buttons generic via filter on the_content -->","protected":false},"excerpt":{"rendered":"<p>El nuevo Peugeot 2008 se present\u00f3 en la ciudad de la mano de Avec Peugeot. En el d\u00eda de ayer y con la asistencia de m\u00e1s de 140 personas en el concesionario perteneciente a Grupo Quijada, se realiz\u00f3 el lanzamiento m\u00e1s importante de Peugeot en el \u00faltimo tiempo: Nuevo Peugeot 2008.&nbsp; Este SUV llega con [&hellip;]<!-- AddThis Advanced Settings generic via filter on get_the_excerpt --><!-- AddThis Share Buttons generic via filter on get_the_excerpt --><\/p>\n","protected":false},"author":6,"featured_media":79689,"comment_status":"closed","ping_status":"open","sticky":false,"template":"","format":"standard","meta":{"_acf_changed":false,"om_disable_all_campaigns":false,"_monsterinsights_skip_tracking":false,"_monsterinsights_sitenote_active":false,"_monsterinsights_sitenote_note":"","_monsterinsights_sitenote_category":0,"_uf_show_specific_survey":0,"_uf_disable_surveys":false,"footnotes":""},"categories":[100],"tags":[838,920,468,918],"class_list":["post-79685","post","type-post","status-publish","format-standard","has-post-thumbnail","hentry","category-noticias","tag-auto","tag-automotores","tag-cordoba","tag-peugeot"],"acf":[],"aioseo_notices":[],"_links":{"self":[{"href":"https:\/\/www.lasrosas.com.ar\/portal\/wp-json\/wp\/v2\/posts\/79685","targetHints":{"allow":["GET"]}}],"collection":[{"href":"https:\/\/www.lasrosas.com.ar\/portal\/wp-json\/wp\/v2\/posts"}],"about":[{"href":"https:\/\/www.lasrosas.com.ar\/portal\/wp-json\/wp\/v2\/types\/post"}],"author":[{"embeddable":true,"href":"https:\/\/www.lasrosas.com.ar\/portal\/wp-json\/wp\/v2\/users\/6"}],"replies":[{"embeddable":true,"href":"https:\/\/www.lasrosas.com.ar\/portal\/wp-json\/wp\/v2\/comments?post=79685"}],"version-history":[{"count":1,"href":"https:\/\/www.lasrosas.com.ar\/portal\/wp-json\/wp\/v2\/posts\/79685\/revisions"}],"predecessor-version":[{"id":79692,"href":"https:\/\/www.lasrosas.com.ar\/portal\/wp-json\/wp\/v2\/posts\/79685\/revisions\/79692"}],"wp:featuredmedia":[{"embeddable":true,"href":"https:\/\/www.lasrosas.com.ar\/portal\/wp-json\/wp\/v2\/media\/79689"}],"wp:attachment":[{"href":"https:\/\/www.lasrosas.com.ar\/portal\/wp-json\/wp\/v2\/media?parent=79685"}],"wp:term":[{"taxonomy":"category","embeddable":true,"href":"https:\/\/www.lasrosas.com.ar\/portal\/wp-json\/wp\/v2\/categories?post=79685"},{"taxonomy":"post_tag","embeddable":true,"href":"https:\/\/www.lasrosas.com.ar\/portal\/wp-json\/wp\/v2\/tags?post=79685"}],"curies":[{"name":"wp","href":"https:\/\/api.w.org\/{rel}","templated":true}]}}