{"id":79650,"date":"2024-08-19T15:19:05","date_gmt":"2024-08-19T18:19:05","guid":{"rendered":"https:\/\/www.lasrosas.com.ar\/portal\/?p=79650"},"modified":"2024-08-19T15:19:07","modified_gmt":"2024-08-19T18:19:07","slug":"el-encargado-contraataque-feroz","status":"publish","type":"post","link":"https:\/\/www.lasrosas.com.ar\/portal\/el-encargado-contraataque-feroz\/","title":{"rendered":"EL ENCARGADO: CONTRAATAQUE FEROZ"},"content":{"rendered":"\n<p><strong>ELISEO LLEV\u00d3 ADELANTE UNO DE SUS PLANES M\u00c1S PERVERSOS EN SU BATALLA CONTRA G\u00d3MEZ<\/strong>.<\/p>\n\n\n\n<p>Decidido a doblegar al encargado m\u00e1s reacio y lograr su conquista total, Eliseo le revel\u00f3 a Miguel (Gast\u00f3n Cocchiarale) que estaba al tanto de sus arreglos con G\u00f3mez (Manuel Vicente) y tom\u00f3 la oportunidad para obligar a su empleado a hacer \u201ccontraespionaje\u201d, pidi\u00e9ndole que le brinde informaci\u00f3n falsa al encargado de al lado para despistarlo respecto de sus intenciones.<\/p>\n\n\n\n<figure class=\"wp-block-image size-full\"><img decoding=\"async\" width=\"661\" height=\"439\" data-src=\"https:\/\/www.lasrosas.com.ar\/portal\/wp-content\/uploads\/unnamed-58-1.jpg\" alt=\"\" class=\"wp-image-79651 lazyload\" src=\"data:image\/svg+xml;base64,PHN2ZyB3aWR0aD0iMSIgaGVpZ2h0PSIxIiB4bWxucz0iaHR0cDovL3d3dy53My5vcmcvMjAwMC9zdmciPjwvc3ZnPg==\" style=\"--smush-placeholder-width: 661px; --smush-placeholder-aspect-ratio: 661\/439;\" \/><\/figure>\n\n\n\n<p>As\u00ed, en su batalla contra G\u00f3mez, Eliseo inici\u00f3 un contraataque feroz recurriendo a una vil estrategia que involucr\u00f3 al anciano Rom\u00e1n Loyola (Norman Briski) para acercarse al octogenario padre enfermo de G\u00f3mez (Pepe Novoa). El \u00e9xito de su maniobra dej\u00f3 a su enemigo implicado en graves acusaciones y bajo un estricto monitoreo por parte del programa de v\u00edctimas de violencia dom\u00e9stica.<\/p>\n\n\n\n<figure class=\"wp-block-image size-full\"><img decoding=\"async\" width=\"660\" height=\"440\" data-src=\"https:\/\/www.lasrosas.com.ar\/portal\/wp-content\/uploads\/unnamed-59-1.jpg\" alt=\"\" class=\"wp-image-79653 lazyload\" src=\"data:image\/svg+xml;base64,PHN2ZyB3aWR0aD0iMSIgaGVpZ2h0PSIxIiB4bWxucz0iaHR0cDovL3d3dy53My5vcmcvMjAwMC9zdmciPjwvc3ZnPg==\" style=\"--smush-placeholder-width: 660px; --smush-placeholder-aspect-ratio: 660\/440;\" \/><\/figure>\n\n\n\n<p><br>Paralelamente, el consorcio de Arismendi 1630 se reuni\u00f3 para tratar el tema del hedor en el edificio y se lleg\u00f3 a la conclusi\u00f3n de que proven\u00eda del mal aliento de Shuster. Luego de una charla con su inquilino, Eliseo encontr\u00f3 la soluci\u00f3n al problema: le propuso que viera a una odont\u00f3loga, obteniendo por supuesto un beneficio personal en el proceso.<\/p>\n\n\n\n<figure class=\"wp-block-image size-full\"><img decoding=\"async\" width=\"659\" height=\"439\" data-src=\"https:\/\/www.lasrosas.com.ar\/portal\/wp-content\/uploads\/unnamed-60-1.jpg\" alt=\"\" class=\"wp-image-79654 lazyload\" src=\"data:image\/svg+xml;base64,PHN2ZyB3aWR0aD0iMSIgaGVpZ2h0PSIxIiB4bWxucz0iaHR0cDovL3d3dy53My5vcmcvMjAwMC9zdmciPjwvc3ZnPg==\" style=\"--smush-placeholder-width: 659px; --smush-placeholder-aspect-ratio: 659\/439;\" \/><\/figure>\n\n\n\n<p>Feliz de tener cercado a su \u00faltimo rival, Eliseo se dispuso a empezar una nueva jornada laboral. Pero una sorpresa no muy agradable lo esperaba en la entrada del edificio: el sindicato de encargados se reuni\u00f3 en su puerta con una numerosa manifestaci\u00f3n que reclamaba con bombos y c\u00e1nticos el cese inmediato de sus actividades y la protesta dej\u00f3 como saldo pintadas en la fachada del edificio, huevazos y a Eliseo totalmente estupefacto.<\/p>\n\n\n\n<p><strong>\u00bfESTAR\u00c1 ELISEO ANTE UN REV\u00c9S CAPAZ DE HACERLO CAER Y DE PONER EN JAQUE TODO LO QUE CONSTRUY\u00d3 HASTA AHORA?&nbsp;<\/strong><\/p>\n\n\n\n<p><strong>M\u00c1S DETALLES EN EL EPISODIO FINAL DE LA TEMPORADA, EL VIERNES 23 DE AGOSTO&nbsp;<\/strong><\/p>\n<!-- AddThis Advanced Settings generic via filter on the_content --><!-- AddThis Share Buttons generic via filter on the_content -->","protected":false},"excerpt":{"rendered":"<p>ELISEO LLEV\u00d3 ADELANTE UNO DE SUS PLANES M\u00c1S PERVERSOS EN SU BATALLA CONTRA G\u00d3MEZ. Decidido a doblegar al encargado m\u00e1s reacio y lograr su conquista total, Eliseo le revel\u00f3 a Miguel (Gast\u00f3n Cocchiarale) que estaba al tanto de sus arreglos con G\u00f3mez (Manuel Vicente) y tom\u00f3 la oportunidad para obligar a su empleado a hacer [&hellip;]<!-- AddThis Advanced Settings generic via filter on get_the_excerpt --><!-- AddThis Share Buttons generic via filter on get_the_excerpt --><\/p>\n","protected":false},"author":6,"featured_media":79652,"comment_status":"closed","ping_status":"open","sticky":false,"template":"","format":"standard","meta":{"_acf_changed":false,"om_disable_all_campaigns":false,"_monsterinsights_skip_tracking":false,"_monsterinsights_sitenote_active":false,"_monsterinsights_sitenote_note":"","_monsterinsights_sitenote_category":0,"_uf_show_specific_survey":0,"_uf_disable_surveys":false,"footnotes":""},"categories":[100],"tags":[473,911,866,528,623],"class_list":["post-79650","post","type-post","status-publish","format-standard","has-post-thumbnail","hentry","category-noticias","tag-disney","tag-eliseo","tag-encargado","tag-estreno","tag-serie"],"acf":[],"aioseo_notices":[],"_links":{"self":[{"href":"https:\/\/www.lasrosas.com.ar\/portal\/wp-json\/wp\/v2\/posts\/79650","targetHints":{"allow":["GET"]}}],"collection":[{"href":"https:\/\/www.lasrosas.com.ar\/portal\/wp-json\/wp\/v2\/posts"}],"about":[{"href":"https:\/\/www.lasrosas.com.ar\/portal\/wp-json\/wp\/v2\/types\/post"}],"author":[{"embeddable":true,"href":"https:\/\/www.lasrosas.com.ar\/portal\/wp-json\/wp\/v2\/users\/6"}],"replies":[{"embeddable":true,"href":"https:\/\/www.lasrosas.com.ar\/portal\/wp-json\/wp\/v2\/comments?post=79650"}],"version-history":[{"count":1,"href":"https:\/\/www.lasrosas.com.ar\/portal\/wp-json\/wp\/v2\/posts\/79650\/revisions"}],"predecessor-version":[{"id":79655,"href":"https:\/\/www.lasrosas.com.ar\/portal\/wp-json\/wp\/v2\/posts\/79650\/revisions\/79655"}],"wp:featuredmedia":[{"embeddable":true,"href":"https:\/\/www.lasrosas.com.ar\/portal\/wp-json\/wp\/v2\/media\/79652"}],"wp:attachment":[{"href":"https:\/\/www.lasrosas.com.ar\/portal\/wp-json\/wp\/v2\/media?parent=79650"}],"wp:term":[{"taxonomy":"category","embeddable":true,"href":"https:\/\/www.lasrosas.com.ar\/portal\/wp-json\/wp\/v2\/categories?post=79650"},{"taxonomy":"post_tag","embeddable":true,"href":"https:\/\/www.lasrosas.com.ar\/portal\/wp-json\/wp\/v2\/tags?post=79650"}],"curies":[{"name":"wp","href":"https:\/\/api.w.org\/{rel}","templated":true}]}}