{"id":79610,"date":"2024-08-16T12:13:29","date_gmt":"2024-08-16T15:13:29","guid":{"rendered":"https:\/\/www.lasrosas.com.ar\/portal\/?p=79610"},"modified":"2024-08-16T12:13:33","modified_gmt":"2024-08-16T15:13:33","slug":"a-ciegas-juli-savioli-se-sumerge-en-te-prestaria-mis-ojos-su-nuevo-video","status":"publish","type":"post","link":"https:\/\/www.lasrosas.com.ar\/portal\/a-ciegas-juli-savioli-se-sumerge-en-te-prestaria-mis-ojos-su-nuevo-video\/","title":{"rendered":"A CIEGAS,\u00a0JULI SAVIOLI SE SUMERGE EN \u00abTE PRESTAR\u00cdA MIS OJOS\u00bb, SU NUEVO VIDEO"},"content":{"rendered":"\n<p>A trav\u00e9s de este sustancial Indie Pop, la artista busca respuestas y propone \u201cprestar sus ojos\u201d para empatizar con las experiencias poni\u00e9ndonos en el lugar del otro.<\/p>\n\n\n\n<p><a href=\"https:\/\/www.instagram.com\/julisavioli\/\">Juli Savioli<\/a> contin\u00faa experimentando las m\u00faltiples versiones Pop, que ya forman parte de su identidad musical, y presenta \u201c<a href=\"https:\/\/lnk.dmsmusic.co\/julisavioli_teprestariamisojos\">Te Prestar\u00eda Mis Ojos<\/a>\u201d, una canci\u00f3n que abraza lo m\u00e1s sustancial del g\u00e9nero para seguir ahondando en las emociones que forman parte del impredecible ADN de Juli.<\/p>\n\n\n\n<p>El video refleja los dos universos sensibles que forman parte del ADN emocional que interpelaron a Juli a la hora de hacer esta canci\u00f3n. Por un lado, el perteneciente a un pasado violento y hostil (representado por im\u00e1genes en blanco y negro) y, por el otro, una lado m\u00e1s asociado al entendimiento y el aprendizaje, representado con imagenes iluminadas y a color. Esta dualidad marca <strong>un antes y un despu\u00e9s en la obra de Savioli, donde comienza a \u201csalir a la luz\u201d, luego de bucear por la oscuridad de sus propias emociones y experiencias.<\/strong><\/p>\n\n\n\n<figure class=\"wp-block-image size-large\"><img decoding=\"async\" width=\"1920\" height=\"1280\" data-src=\"https:\/\/www.lasrosas.com.ar\/portal\/wp-content\/uploads\/IMG_1351-1920x1280.jpeg\" alt=\"\" class=\"wp-image-79612 lazyload\" data-srcset=\"https:\/\/www.lasrosas.com.ar\/portal\/wp-content\/uploads\/IMG_1351-1920x1280.jpeg 1920w, https:\/\/www.lasrosas.com.ar\/portal\/wp-content\/uploads\/IMG_1351-960x640.jpeg 960w, https:\/\/www.lasrosas.com.ar\/portal\/wp-content\/uploads\/IMG_1351-1536x1024.jpeg 1536w, https:\/\/www.lasrosas.com.ar\/portal\/wp-content\/uploads\/IMG_1351-scaled.jpeg 2048w\" data-sizes=\"(max-width: 1920px) 100vw, 1920px\" src=\"data:image\/svg+xml;base64,PHN2ZyB3aWR0aD0iMSIgaGVpZ2h0PSIxIiB4bWxucz0iaHR0cDovL3d3dy53My5vcmcvMjAwMC9zdmciPjwvc3ZnPg==\" style=\"--smush-placeholder-width: 1920px; --smush-placeholder-aspect-ratio: 1920\/1280;\" \/><\/figure>\n\n\n\n<p>En esta dualidad de \u201c<em>Julis\u201d <\/em>e historias que forman parte de una misma, la artista habla sobre no ser capaz de, <em>o no querer<\/em>, ver la realidad:<em> \u201cTe prestar\u00eda mis ojos para que veas como se prende fuego y arde, aquello que olvidaste, se est\u00e1 pudriendo todo alrededor y vos seguis diciendo no, que no\u201d.<\/em><\/p>\n\n\n\n<p><strong>\u00abTe Prestar\u00eda Mis Ojos\u00bb <\/strong>\u00a0forma parte de su pr\u00f3ximo \u00e1lbum y, conceptualmente, constituye el Lado B de su EP <strong><em>\u00ab<\/em><\/strong><a href=\"https:\/\/open.spotify.com\/intl-es\/album\/6pyNb7OYZ3exwzVZG5ghbJ?si=zGotuRQyQIej2SmYDF-OEg\"><strong><em>Perfecci\u00f3n<\/em><\/strong><\/a><strong><em>\u00bb <\/em><\/strong>lanzado en 2023. Este single es la continuaci\u00f3n de <strong>\u201c<\/strong><a href=\"https:\/\/www.youtube.com\/watch?v=oaP_k7WB4Jw\"><strong><em>L\u00facete<\/em><\/strong><\/a><strong><em>\u201d, \u201c<\/em><\/strong><a href=\"https:\/\/www.youtube.com\/watch?v=uN_tgjIbxKw\"><strong><em>Mismo<\/em> Aire<\/strong><\/a><strong>\u201d<\/strong> y \u201c<a href=\"https:\/\/www.youtube.com\/watch?v=6CbVeQkjPno\"><strong>Espinas<\/strong><\/a>\u201d lanzados este a\u00f1o.<\/p>\n\n\n\n<figure class=\"wp-block-image size-large\"><img decoding=\"async\" width=\"1280\" height=\"1920\" data-src=\"https:\/\/www.lasrosas.com.ar\/portal\/wp-content\/uploads\/IMG_1827-1280x1920.jpeg\" alt=\"\" class=\"wp-image-79613 lazyload\" data-srcset=\"https:\/\/www.lasrosas.com.ar\/portal\/wp-content\/uploads\/IMG_1827-1280x1920.jpeg 1280w, https:\/\/www.lasrosas.com.ar\/portal\/wp-content\/uploads\/IMG_1827-640x960.jpeg 640w, https:\/\/www.lasrosas.com.ar\/portal\/wp-content\/uploads\/IMG_1827-1024x1536.jpeg 1024w, https:\/\/www.lasrosas.com.ar\/portal\/wp-content\/uploads\/IMG_1827-scaled.jpeg 1365w\" data-sizes=\"(max-width: 1280px) 100vw, 1280px\" src=\"data:image\/svg+xml;base64,PHN2ZyB3aWR0aD0iMSIgaGVpZ2h0PSIxIiB4bWxucz0iaHR0cDovL3d3dy53My5vcmcvMjAwMC9zdmciPjwvc3ZnPg==\" style=\"--smush-placeholder-width: 1280px; --smush-placeholder-aspect-ratio: 1280\/1920;\" \/><\/figure>\n\n\n\n<p class=\"has-medium-font-size\"><strong>SOBRE JULI SAVIOLI<\/strong><\/p>\n\n\n\n<p>Con m\u00e1s de <strong>8 millones de seguidores<\/strong> en sus redes sociales, Juli Savioli es la protagonista de un ilimitado universo de versatilidad art\u00edstica donde conviven la <strong>actuaci\u00f3n<\/strong>, el <strong>doblaje<\/strong>, el <strong>humor<\/strong>, el <strong>modelaje<\/strong>, el <strong>dibujo<\/strong>, el <strong>deporte<\/strong> y la <strong>creaci\u00f3n de contenidos<\/strong>.<\/p>\n\n\n\n<p>Su personalidad se desenvuelve en el arte todoterreno, donde realmente se mueve \u201ccomo pez en el agua\u201d con talento innato y mucho tiempo de t\u00e9cnica y estudio. En este sentido, <strong>la m\u00fasica no es la excepci\u00f3n<\/strong>, sino que llega para dar cuenta de la creatividad sinf\u00edn de Juli, una joven de 22 a\u00f1os que canaliza el arte sin etiquetas a trav\u00e9s de sus \u201cdiferentes facetas\u201d que, en definitiva, forman parte de su \u00fanica identidad.<\/p>\n\n\n\n<p>Nacida en Mar del Plata, la multifac\u00e9tica joven inicia sus andadas en el mundo art\u00edstico con la danza cl\u00e1sica, al mismo tiempo que grababa contenido humor\u00edstico para YouTube y alcanza los <strong>80.000 suscriptores <\/strong>a los <strong>11 a\u00f1os<\/strong>. Se muda a Capital en 2020 y sigue su completo camino a trav\u00e9s de la actuaci\u00f3n, el dibujo, deporte, doblaje, modelaje y la creaci\u00f3n de contenidos que tanto la reconocen. En 2023 lanza su primer EP: \u201cPerfecci\u00f3n\u201d, para coronar este tan largo camino que viene recorriendo.&nbsp;<\/p>\n\n\n\n<p><\/p>\n<!-- AddThis Advanced Settings generic via filter on the_content --><!-- AddThis Share Buttons generic via filter on the_content -->","protected":false},"excerpt":{"rendered":"<p>A trav\u00e9s de este sustancial Indie Pop, la artista busca respuestas y propone \u201cprestar sus ojos\u201d para empatizar con las experiencias poni\u00e9ndonos en el lugar del otro. Juli Savioli contin\u00faa experimentando las m\u00faltiples versiones Pop, que ya forman parte de su identidad musical, y presenta \u201cTe Prestar\u00eda Mis Ojos\u201d, una canci\u00f3n que abraza lo m\u00e1s [&hellip;]<!-- AddThis Advanced Settings generic via filter on get_the_excerpt --><!-- AddThis Share Buttons generic via filter on get_the_excerpt --><\/p>\n","protected":false},"author":6,"featured_media":79611,"comment_status":"closed","ping_status":"open","sticky":false,"template":"","format":"standard","meta":{"_acf_changed":false,"om_disable_all_campaigns":false,"_monsterinsights_skip_tracking":false,"_monsterinsights_sitenote_active":false,"_monsterinsights_sitenote_note":"","_monsterinsights_sitenote_category":0,"_uf_show_specific_survey":0,"_uf_disable_surveys":false,"footnotes":""},"categories":[100,25],"tags":[792,458,902,900,901],"class_list":["post-79610","post","type-post","status-publish","format-standard","has-post-thumbnail","hentry","category-noticias","category-radio","tag-cancion","tag-lanzamiento","tag-savioli","tag-sencillo","tag-tema"],"acf":[],"aioseo_notices":[],"_links":{"self":[{"href":"https:\/\/www.lasrosas.com.ar\/portal\/wp-json\/wp\/v2\/posts\/79610","targetHints":{"allow":["GET"]}}],"collection":[{"href":"https:\/\/www.lasrosas.com.ar\/portal\/wp-json\/wp\/v2\/posts"}],"about":[{"href":"https:\/\/www.lasrosas.com.ar\/portal\/wp-json\/wp\/v2\/types\/post"}],"author":[{"embeddable":true,"href":"https:\/\/www.lasrosas.com.ar\/portal\/wp-json\/wp\/v2\/users\/6"}],"replies":[{"embeddable":true,"href":"https:\/\/www.lasrosas.com.ar\/portal\/wp-json\/wp\/v2\/comments?post=79610"}],"version-history":[{"count":1,"href":"https:\/\/www.lasrosas.com.ar\/portal\/wp-json\/wp\/v2\/posts\/79610\/revisions"}],"predecessor-version":[{"id":79614,"href":"https:\/\/www.lasrosas.com.ar\/portal\/wp-json\/wp\/v2\/posts\/79610\/revisions\/79614"}],"wp:featuredmedia":[{"embeddable":true,"href":"https:\/\/www.lasrosas.com.ar\/portal\/wp-json\/wp\/v2\/media\/79611"}],"wp:attachment":[{"href":"https:\/\/www.lasrosas.com.ar\/portal\/wp-json\/wp\/v2\/media?parent=79610"}],"wp:term":[{"taxonomy":"category","embeddable":true,"href":"https:\/\/www.lasrosas.com.ar\/portal\/wp-json\/wp\/v2\/categories?post=79610"},{"taxonomy":"post_tag","embeddable":true,"href":"https:\/\/www.lasrosas.com.ar\/portal\/wp-json\/wp\/v2\/tags?post=79610"}],"curies":[{"name":"wp","href":"https:\/\/api.w.org\/{rel}","templated":true}]}}