{"id":7951,"date":"2018-09-28T16:02:12","date_gmt":"2018-09-28T19:02:12","guid":{"rendered":"https:\/\/www.lasrosas.com.ar\/portal\/?p=7951"},"modified":"2018-09-28T16:02:12","modified_gmt":"2018-09-28T19:02:12","slug":"elite-la-nueva-serie-espanola-de-netflix","status":"publish","type":"post","link":"https:\/\/www.lasrosas.com.ar\/portal\/elite-la-nueva-serie-espanola-de-netflix\/","title":{"rendered":"\u00ab\u00c9LITE\u00bb LA NUEVA SERIE ESPA\u00d1OLA DE NETFLIX"},"content":{"rendered":"<h3><strong>\u00ab\u00c9lite\u00bb de los directores Ram\u00f3n Salazar (Tres metros sobre el cielo) y Dani de la Orden (El mejor verano de mi vida) llega a la pantalla chica el 5 de octubre a Netflix con un elenco de grandes figuras.<\/strong><\/h3>\n<p>Esta nueva serie de <strong>Netflix<\/strong> est\u00e1 conformado por parte del elenco de <strong>\u00abLa casa de papel\u00bb,<\/strong> <strong>Mar\u00eda Pedraza (Alison Parker), Miguel Herr\u00e1n (R\u00edo) y Jaime Lorente (Denver). <\/strong>El reparto se completa con la participaci\u00f3n de <b>Itzan Escamilla, Miguel Bernardeau, Ar\u00f3n Piper,\u00a0Ester Exp\u00f3sito,\u00a0Mina El Hammani,\u00a0\u00c1lvaro Rico, Omar Ayuso y la participaci\u00f3n de la mexicana Danna Paola de \u00abAtr\u00e9vete\u00a0a so\u00f1ar\u00bb<\/b>.<\/p>\n\r\n\t\t<style type='text\/css'>\r\n\t\t\t#gallery-1 {\r\n\t\t\t\tmargin: auto;\r\n\t\t\t}\r\n\t\t\t#gallery-1 .gallery-item {\r\n\t\t\t\tfloat: left;\r\n\t\t\t\tmargin-top: 10px;\r\n\t\t\t\ttext-align: center;\r\n\t\t\t\twidth: 50%;\r\n\t\t\t}\r\n\t\t\t#gallery-1 img {\r\n\t\t\t\tborder: 2px solid #cfcfcf;\r\n\t\t\t}\r\n\t\t\t#gallery-1 .gallery-caption {\r\n\t\t\t\tmargin-left: 0;\r\n\t\t\t}\r\n\t\t<\/style>\r\n\t\t<!-- see gallery_shortcode() in wp-includes\/media.php -->\n\t\t<div id='gallery-1' class='gallery galleryid-7951 gallery-columns-2 gallery-size-full gallery1'><script type=\"text\/javascript\">\r\n\/\/ <![CDATA[\r\n\tjQuery(document).ready(function () {\r\n\t\tjQuery(\".gallery1 a\").attr(\"rel\",\"gallery1\");\t\r\n\t\tjQuery('a[rel=\"gallery1\"]').colorbox({maxWidth:\"95%\", maxHeight:\"95%\",title: function(){ return jQuery(this).children().attr(\"alt\"); }, });\r\n\t});\r\n\/\/ ]]>\r\n<\/script>\n<dl class=\"gallery-item\">\n<dt class=\"gallery-icon\">\r\n<a href=\"https:\/\/www.lasrosas.com.ar\/portal\/wp-content\/uploads\/elite-2.jpg\" title=\"\" rel=\"gallery1\"><img decoding=\"async\" data-src=\"https:\/\/www.lasrosas.com.ar\/portal\/wp-content\/uploads\/elite-2.jpg\" width=\"900\" height=\"1350\" alt=\"\" src=\"data:image\/svg+xml;base64,PHN2ZyB3aWR0aD0iMSIgaGVpZ2h0PSIxIiB4bWxucz0iaHR0cDovL3d3dy53My5vcmcvMjAwMC9zdmciPjwvc3ZnPg==\" class=\"lazyload\" style=\"--smush-placeholder-width: 900px; --smush-placeholder-aspect-ratio: 900\/1350;\" \/><\/a>\r\n<\/dt><\/dl><dl class=\"gallery-item\">\n<dt class=\"gallery-icon\">\r\n<a href=\"https:\/\/www.lasrosas.com.ar\/portal\/wp-content\/uploads\/Elite-1.jpg\" title=\"\" rel=\"gallery1\"><img decoding=\"async\" data-src=\"https:\/\/www.lasrosas.com.ar\/portal\/wp-content\/uploads\/Elite-1.jpg\" width=\"900\" height=\"1350\" alt=\"\" src=\"data:image\/svg+xml;base64,PHN2ZyB3aWR0aD0iMSIgaGVpZ2h0PSIxIiB4bWxucz0iaHR0cDovL3d3dy53My5vcmcvMjAwMC9zdmciPjwvc3ZnPg==\" class=\"lazyload\" style=\"--smush-placeholder-width: 900px; --smush-placeholder-aspect-ratio: 900\/1350;\" \/><\/a>\r\n<\/dt><\/dl><br style=\"clear: both\" \/>\r\n\t\t<\/div>\n\n<p>La serie <strong>\u00ab\u00c9lite\u00bb<\/strong>\u00a0 transcurre en una escuela privada Las Encinas, el m\u00e1s importante y exclusivo del pa\u00eds, donde estudian los hijos de la \u00e9lite. La historia empieza cuando un terremoto destruye una escuela p\u00fablica y sus alumnos son repartidos a diferentes instituciones. Tres de esos estudiantes afectados son enviados a la escuela de la alta sociedad.\u00a0 La llegada de ellos genera varios conflictos de clase y en el marco de est\u00e1 situaci\u00f3n se produce un asesinato. La gran pregunta de esta enigm\u00e1tica serie es <strong>\u00bfQui\u00e9n fue el asesino?<\/strong><\/p>\n<p><strong>La nueva apuesta de Netflix<\/strong> <strong>contar\u00e1 con 8 cap\u00edtulos de casi una hora aproximadamente de duraci\u00f3n. Ya se encuentra confirmada la segunda temporada de la serie.<\/strong><\/p>\n<p><strong>Mir\u00e1 el trailer de \u00ab\u00c9lite\u00bb.<\/strong><\/p>\n<p><iframe title=\"\u00c9lite | Tr\u00e1iler l #2 | Netflix\" width=\"500\" height=\"281\" data-src=\"https:\/\/www.youtube.com\/embed\/72kTH4erwIY?feature=oembed\" frameborder=\"0\" allow=\"accelerometer; autoplay; clipboard-write; encrypted-media; gyroscope; picture-in-picture; web-share\" referrerpolicy=\"strict-origin-when-cross-origin\" allowfullscreen src=\"data:image\/svg+xml;base64,PHN2ZyB3aWR0aD0iMSIgaGVpZ2h0PSIxIiB4bWxucz0iaHR0cDovL3d3dy53My5vcmcvMjAwMC9zdmciPjwvc3ZnPg==\" class=\"lazyload\" data-load-mode=\"1\"><\/iframe><\/p>\n<p>&nbsp;<\/p>\n<p>&nbsp;<\/p>\n<!-- AddThis Advanced Settings generic via filter on the_content --><!-- AddThis Share Buttons generic via filter on the_content -->","protected":false},"excerpt":{"rendered":"<p>\u00ab\u00c9lite\u00bb de los directores Ram\u00f3n Salazar (Tres metros sobre el cielo) y Dani de la Orden (El mejor verano de mi vida) llega a la pantalla chica el 5 de octubre a Netflix con un elenco de grandes figuras. Esta nueva serie de Netflix est\u00e1 conformado por parte del elenco de \u00abLa casa de papel\u00bb, [&hellip;]<!-- AddThis Advanced Settings generic via filter on get_the_excerpt --><!-- AddThis Share Buttons generic via filter on get_the_excerpt --><\/p>\n","protected":false},"author":6,"featured_media":7955,"comment_status":"closed","ping_status":"open","sticky":false,"template":"","format":"standard","meta":{"_acf_changed":false,"om_disable_all_campaigns":false,"_monsterinsights_skip_tracking":false,"_monsterinsights_sitenote_active":false,"_monsterinsights_sitenote_note":"","_monsterinsights_sitenote_category":0,"_uf_show_specific_survey":0,"_uf_disable_surveys":false,"footnotes":""},"categories":[100],"tags":[],"class_list":["post-7951","post","type-post","status-publish","format-standard","has-post-thumbnail","hentry","category-noticias"],"acf":[],"aioseo_notices":[],"_links":{"self":[{"href":"https:\/\/www.lasrosas.com.ar\/portal\/wp-json\/wp\/v2\/posts\/7951","targetHints":{"allow":["GET"]}}],"collection":[{"href":"https:\/\/www.lasrosas.com.ar\/portal\/wp-json\/wp\/v2\/posts"}],"about":[{"href":"https:\/\/www.lasrosas.com.ar\/portal\/wp-json\/wp\/v2\/types\/post"}],"author":[{"embeddable":true,"href":"https:\/\/www.lasrosas.com.ar\/portal\/wp-json\/wp\/v2\/users\/6"}],"replies":[{"embeddable":true,"href":"https:\/\/www.lasrosas.com.ar\/portal\/wp-json\/wp\/v2\/comments?post=7951"}],"version-history":[{"count":0,"href":"https:\/\/www.lasrosas.com.ar\/portal\/wp-json\/wp\/v2\/posts\/7951\/revisions"}],"wp:featuredmedia":[{"embeddable":true,"href":"https:\/\/www.lasrosas.com.ar\/portal\/wp-json\/wp\/v2\/media\/7955"}],"wp:attachment":[{"href":"https:\/\/www.lasrosas.com.ar\/portal\/wp-json\/wp\/v2\/media?parent=7951"}],"wp:term":[{"taxonomy":"category","embeddable":true,"href":"https:\/\/www.lasrosas.com.ar\/portal\/wp-json\/wp\/v2\/categories?post=7951"},{"taxonomy":"post_tag","embeddable":true,"href":"https:\/\/www.lasrosas.com.ar\/portal\/wp-json\/wp\/v2\/tags?post=7951"}],"curies":[{"name":"wp","href":"https:\/\/api.w.org\/{rel}","templated":true}]}}