{"id":79396,"date":"2024-08-01T12:21:20","date_gmt":"2024-08-01T15:21:20","guid":{"rendered":"https:\/\/www.lasrosas.com.ar\/portal\/?p=79396"},"modified":"2024-08-01T12:21:48","modified_gmt":"2024-08-01T15:21:48","slug":"chevent-llego-a-cordoba","status":"publish","type":"post","link":"https:\/\/www.lasrosas.com.ar\/portal\/chevent-llego-a-cordoba\/","title":{"rendered":"CHEVENT LLEG\u00d3 A CORDOBA"},"content":{"rendered":"\n<p>En agosto, Grupo Quijada contin\u00faa su expansi\u00f3n y desembarca con Chevrolet Chevent en la provincia de C\u00f3rdoba, sumando concesionarios en las ciudades de San Francisco y Jes\u00fas Mar\u00eda, anteriormente gestionados por la firma Julio C. Treachi e Hijos.<\/p>\n\n\n\n<p>Con esta incorporaci\u00f3n, Chevent agrega dos nuevos concesionarios oficiales Chevrolet a su red a los ya ubicados en Venado Tuerto y Saladillo.\u00a0<br><\/p>\n\n\n\n<figure class=\"wp-block-image size-large\"><img decoding=\"async\" width=\"1920\" height=\"1090\" data-src=\"https:\/\/www.lasrosas.com.ar\/portal\/wp-content\/uploads\/FOTO-DENTRO-DE-LA-NOTA-CONCESIONARIO-VENADO-TUERTO-1920x1090.png\" alt=\"\" class=\"wp-image-79397 lazyload\" data-srcset=\"https:\/\/www.lasrosas.com.ar\/portal\/wp-content\/uploads\/FOTO-DENTRO-DE-LA-NOTA-CONCESIONARIO-VENADO-TUERTO-1920x1090.png 1920w, https:\/\/www.lasrosas.com.ar\/portal\/wp-content\/uploads\/FOTO-DENTRO-DE-LA-NOTA-CONCESIONARIO-VENADO-TUERTO-960x545.png 960w, https:\/\/www.lasrosas.com.ar\/portal\/wp-content\/uploads\/FOTO-DENTRO-DE-LA-NOTA-CONCESIONARIO-VENADO-TUERTO-1536x872.png 1536w, https:\/\/www.lasrosas.com.ar\/portal\/wp-content\/uploads\/FOTO-DENTRO-DE-LA-NOTA-CONCESIONARIO-VENADO-TUERTO-2048x1162.png 2048w\" data-sizes=\"(max-width: 1920px) 100vw, 1920px\" src=\"data:image\/svg+xml;base64,PHN2ZyB3aWR0aD0iMSIgaGVpZ2h0PSIxIiB4bWxucz0iaHR0cDovL3d3dy53My5vcmcvMjAwMC9zdmciPjwvc3ZnPg==\" style=\"--smush-placeholder-width: 1920px; --smush-placeholder-aspect-ratio: 1920\/1090;\" \/><\/figure>\n\n\n\n<p><br>De esta manera, el Grupo alcanza un total de 18 concesionarios, representando 9 marcas en C\u00f3rdoba, Buenos Aires y Santa Fe.<\/p>\n\n\n\n<p>Esta adquisici\u00f3n fortalece la posici\u00f3n de Grupo Quijada como l\u00edder en el sector automotriz, con la mayor cobertura geogr\u00e1fica y comprometido con la excelencia y la satisfacci\u00f3n de sus clientes.<\/p>\n\n\n\n<p>Las marcas del grupo incluyen BMW, BMW Motorrad, Mini Cooper, Peugeot, Citro\u00ebn, Renault, Chevrolet, DS y Fiat.<\/p>\n\n\n\n<p>Para m\u00e1s informaci\u00f3n ingresar en <a href=\"http:\/\/www.grupoquijada.com.ar\">www.grupoquijada.com.ar<\/a>.&nbsp;<\/p>\n<!-- AddThis Advanced Settings generic via filter on the_content --><!-- AddThis Share Buttons generic via filter on the_content -->","protected":false},"excerpt":{"rendered":"<p>En agosto, Grupo Quijada contin\u00faa su expansi\u00f3n y desembarca con Chevrolet Chevent en la provincia de C\u00f3rdoba, sumando concesionarios en las ciudades de San Francisco y Jes\u00fas Mar\u00eda, anteriormente gestionados por la firma Julio C. Treachi e Hijos. Con esta incorporaci\u00f3n, Chevent agrega dos nuevos concesionarios oficiales Chevrolet a su red a los ya ubicados [&hellip;]<!-- AddThis Advanced Settings generic via filter on get_the_excerpt --><!-- AddThis Share Buttons generic via filter on get_the_excerpt --><\/p>\n","protected":false},"author":6,"featured_media":79398,"comment_status":"closed","ping_status":"open","sticky":false,"template":"","format":"standard","meta":{"_acf_changed":false,"om_disable_all_campaigns":false,"_monsterinsights_skip_tracking":false,"_monsterinsights_sitenote_active":false,"_monsterinsights_sitenote_note":"","_monsterinsights_sitenote_category":0,"_uf_show_specific_survey":0,"_uf_disable_surveys":false,"footnotes":""},"categories":[100],"tags":[838,839,841],"class_list":["post-79396","post","type-post","status-publish","format-standard","has-post-thumbnail","hentry","category-noticias","tag-auto","tag-chevent","tag-chevrolet"],"acf":[],"aioseo_notices":[],"_links":{"self":[{"href":"https:\/\/www.lasrosas.com.ar\/portal\/wp-json\/wp\/v2\/posts\/79396","targetHints":{"allow":["GET"]}}],"collection":[{"href":"https:\/\/www.lasrosas.com.ar\/portal\/wp-json\/wp\/v2\/posts"}],"about":[{"href":"https:\/\/www.lasrosas.com.ar\/portal\/wp-json\/wp\/v2\/types\/post"}],"author":[{"embeddable":true,"href":"https:\/\/www.lasrosas.com.ar\/portal\/wp-json\/wp\/v2\/users\/6"}],"replies":[{"embeddable":true,"href":"https:\/\/www.lasrosas.com.ar\/portal\/wp-json\/wp\/v2\/comments?post=79396"}],"version-history":[{"count":1,"href":"https:\/\/www.lasrosas.com.ar\/portal\/wp-json\/wp\/v2\/posts\/79396\/revisions"}],"predecessor-version":[{"id":79399,"href":"https:\/\/www.lasrosas.com.ar\/portal\/wp-json\/wp\/v2\/posts\/79396\/revisions\/79399"}],"wp:featuredmedia":[{"embeddable":true,"href":"https:\/\/www.lasrosas.com.ar\/portal\/wp-json\/wp\/v2\/media\/79398"}],"wp:attachment":[{"href":"https:\/\/www.lasrosas.com.ar\/portal\/wp-json\/wp\/v2\/media?parent=79396"}],"wp:term":[{"taxonomy":"category","embeddable":true,"href":"https:\/\/www.lasrosas.com.ar\/portal\/wp-json\/wp\/v2\/categories?post=79396"},{"taxonomy":"post_tag","embeddable":true,"href":"https:\/\/www.lasrosas.com.ar\/portal\/wp-json\/wp\/v2\/tags?post=79396"}],"curies":[{"name":"wp","href":"https:\/\/api.w.org\/{rel}","templated":true}]}}