{"id":79361,"date":"2024-07-29T20:16:56","date_gmt":"2024-07-29T23:16:56","guid":{"rendered":"https:\/\/www.lasrosas.com.ar\/portal\/?p=79361"},"modified":"2024-07-29T20:16:59","modified_gmt":"2024-07-29T23:16:59","slug":"sofi-jujuy-jimenez-se-encuentra-en-el-programa-de-go-broadway-en-nueva-york","status":"publish","type":"post","link":"https:\/\/www.lasrosas.com.ar\/portal\/sofi-jujuy-jimenez-se-encuentra-en-el-programa-de-go-broadway-en-nueva-york\/","title":{"rendered":"SOFI \u00abJUJUY\u00bb JIM\u00c9NEZ SE ENCUENTRA EN EL PROGRAMA DE GO BROADWAY EN NUEVA YORK"},"content":{"rendered":"\n<p>Desde hace 15 a\u00f1os GO Broadway lidera los programas de formaci\u00f3n para artistas 360 en teatro musical, creados por la argentina Valentina Berger, nadie quiere quedar fuera de ellos y formarse con los profesionales m\u00e1s destacados de Broadway.\u00a0<\/p>\n\n\n\n<p>El 22 de julio comenz\u00f3 Sofia \u201cJujuy\u201d Gimenez el nuevo programa de estudios\u00a0 junto a su hermana Pilar para seguir form\u00e1ndose en teatro musical.<\/p>\n\n\n\n<p>Sofi y Pilar estar\u00e1n en New York desde el\u00a0 22 de julio al 2 de agosto para formarse con los mejores profesores de Broadway y creadores de la industria del teatro, con artistas de todo el mundo a trav\u00e9s de experiencias de aprendizaje.\u00a0<br><\/p>\n\n\n\n<figure class=\"wp-block-image size-large\"><img decoding=\"async\" width=\"1920\" height=\"1280\" data-src=\"https:\/\/www.lasrosas.com.ar\/portal\/wp-content\/uploads\/DSC04718-1920x1280.jpg\" alt=\"\" class=\"wp-image-79362 lazyload\" data-srcset=\"https:\/\/www.lasrosas.com.ar\/portal\/wp-content\/uploads\/DSC04718-1920x1280.jpg 1920w, https:\/\/www.lasrosas.com.ar\/portal\/wp-content\/uploads\/DSC04718-960x640.jpg 960w, https:\/\/www.lasrosas.com.ar\/portal\/wp-content\/uploads\/DSC04718-1536x1024.jpg 1536w, https:\/\/www.lasrosas.com.ar\/portal\/wp-content\/uploads\/DSC04718-scaled.jpg 2048w\" data-sizes=\"(max-width: 1920px) 100vw, 1920px\" src=\"data:image\/svg+xml;base64,PHN2ZyB3aWR0aD0iMSIgaGVpZ2h0PSIxIiB4bWxucz0iaHR0cDovL3d3dy53My5vcmcvMjAwMC9zdmciPjwvc3ZnPg==\" style=\"--smush-placeholder-width: 1920px; --smush-placeholder-aspect-ratio: 1920\/1280;\" \/><\/figure>\n\n\n\n<p><br>Este a\u00f1o, tambi\u00e9n viajar\u00e1n al programa de Nueva York artistas de Per\u00fa, Chile, Espa\u00f1a, M\u00e9xico y Costa Rica.\u00a0\u00a0<\/p>\n\n\n\n<p>Los artistas que asistan a esta edici\u00f3n tendr\u00e1n clases de canto con Jeremy Stole, el \u00faltimo Fantasma de la \u00d3pera en Broadway. Adem\u00e1s, recibir\u00e1n clases de danza con Thayne Jasperson, uno de los principales de Hamilton, y Alicia Albright, dance captain de Wicked y Frozen. Tambi\u00e9n tomar\u00e1n clases de historia con uno de los fundadores del Museo de Broadway. Adem\u00e1s, ver\u00e1n al menos cinco espect\u00e1culos: Gatsby, Wicked, The Notebook, Hadestown y Moulin Rouge.<\/p>\n\n\n\n<p>En ediciones anteriores el programa ha contado con artistas argentinos destacados\u00a0 como: Muna Pauls Cherri, Franco Masini, Florencia Otero, \u00c1ngela Torres, Vida Spinetta, Karina la princesita, Facu Mazzei, Germ\u00e1n Tripel, Candela Vetrano, Emilia Att\u00edas, entre otros.<\/p>\n\n\n\n<p>Para m\u00e1s informaci\u00f3n visitar:\u00a0<a href=\"https:\/\/go-broadway.com\/?utm_term=go%20broadway&amp;utm_campaign=GO+BROADWAY&amp;utm_source=adwords&amp;utm_medium=ppc&amp;hsa_acc=4371043390&amp;hsa_cam=21041762373&amp;hsa_grp=159228426437&amp;hsa_ad=691809508070&amp;hsa_src=g&amp;hsa_tgt=kwd-2279635264464&amp;hsa_kw=go%20broadway&amp;hsa_mt=b&amp;hsa_net=adwords&amp;hsa_ver=3&amp;gad_source=1&amp;gclid=CjwKCAjw-O6zBhASEiwAOHeGxWvNIxEU23p2BDAWbXkubCG4MVW_x_FR_9eLML1JcxkZSjKNcgCqnhoCC48QAvD_BwE\" target=\"_blank\" rel=\"noreferrer noopener\"><strong>GO BROADWAY<\/strong><\/a><\/p>\n<!-- AddThis Advanced Settings generic via filter on the_content --><!-- AddThis Share Buttons generic via filter on the_content -->","protected":false},"excerpt":{"rendered":"<p>Desde hace 15 a\u00f1os GO Broadway lidera los programas de formaci\u00f3n para artistas 360 en teatro musical, creados por la argentina Valentina Berger, nadie quiere quedar fuera de ellos y formarse con los profesionales m\u00e1s destacados de Broadway.\u00a0 El 22 de julio comenz\u00f3 Sofia \u201cJujuy\u201d Gimenez el nuevo programa de estudios\u00a0 junto a su hermana [&hellip;]<!-- AddThis Advanced Settings generic via filter on get_the_excerpt --><!-- AddThis Share Buttons generic via filter on get_the_excerpt --><\/p>\n","protected":false},"author":6,"featured_media":79363,"comment_status":"closed","ping_status":"open","sticky":false,"template":"","format":"standard","meta":{"_acf_changed":false,"om_disable_all_campaigns":false,"_monsterinsights_skip_tracking":false,"_monsterinsights_sitenote_active":false,"_monsterinsights_sitenote_note":"","_monsterinsights_sitenote_category":0,"_uf_show_specific_survey":0,"_uf_disable_surveys":false,"footnotes":""},"categories":[100],"tags":[831,739,740,710,454],"class_list":["post-79361","post","type-post","status-publish","format-standard","has-post-thumbnail","hentry","category-noticias","tag-academia","tag-broadway","tag-jujuy","tag-musical","tag-teatro"],"acf":[],"aioseo_notices":[],"_links":{"self":[{"href":"https:\/\/www.lasrosas.com.ar\/portal\/wp-json\/wp\/v2\/posts\/79361","targetHints":{"allow":["GET"]}}],"collection":[{"href":"https:\/\/www.lasrosas.com.ar\/portal\/wp-json\/wp\/v2\/posts"}],"about":[{"href":"https:\/\/www.lasrosas.com.ar\/portal\/wp-json\/wp\/v2\/types\/post"}],"author":[{"embeddable":true,"href":"https:\/\/www.lasrosas.com.ar\/portal\/wp-json\/wp\/v2\/users\/6"}],"replies":[{"embeddable":true,"href":"https:\/\/www.lasrosas.com.ar\/portal\/wp-json\/wp\/v2\/comments?post=79361"}],"version-history":[{"count":1,"href":"https:\/\/www.lasrosas.com.ar\/portal\/wp-json\/wp\/v2\/posts\/79361\/revisions"}],"predecessor-version":[{"id":79364,"href":"https:\/\/www.lasrosas.com.ar\/portal\/wp-json\/wp\/v2\/posts\/79361\/revisions\/79364"}],"wp:featuredmedia":[{"embeddable":true,"href":"https:\/\/www.lasrosas.com.ar\/portal\/wp-json\/wp\/v2\/media\/79363"}],"wp:attachment":[{"href":"https:\/\/www.lasrosas.com.ar\/portal\/wp-json\/wp\/v2\/media?parent=79361"}],"wp:term":[{"taxonomy":"category","embeddable":true,"href":"https:\/\/www.lasrosas.com.ar\/portal\/wp-json\/wp\/v2\/categories?post=79361"},{"taxonomy":"post_tag","embeddable":true,"href":"https:\/\/www.lasrosas.com.ar\/portal\/wp-json\/wp\/v2\/tags?post=79361"}],"curies":[{"name":"wp","href":"https:\/\/api.w.org\/{rel}","templated":true}]}}