{"id":79346,"date":"2024-07-29T16:41:04","date_gmt":"2024-07-29T19:41:04","guid":{"rendered":"https:\/\/www.lasrosas.com.ar\/portal\/?p=79346"},"modified":"2024-07-29T16:41:06","modified_gmt":"2024-07-29T19:41:06","slug":"heroica-una-propuesta-gastronomica-del-bien","status":"publish","type":"post","link":"https:\/\/www.lasrosas.com.ar\/portal\/heroica-una-propuesta-gastronomica-del-bien\/","title":{"rendered":"HEROICA: UNA PROPUESTA GASTRON\u00d3MICA \u00abDEL BIEN\u00bb"},"content":{"rendered":"\n<p>La novedad que lleg\u00f3 a C\u00f3rdoba Shopping para convertirse en el punto de encuentro ideal para disfrutar en cualquier momento del d\u00eda:\u00a0<strong>HEROICA, panader\u00eda del bien.<\/strong><br><br>Esta propuesta ofrece productos de\u00a0<strong>panader\u00eda, boller\u00eda, pasteler\u00eda que se complementan con el sabor \u00fanico de su caf\u00e9 de especialidad<\/strong>, de alta calidad, propio de la marca. Adem\u00e1s, su carta cuenta con opciones para disfrutar de almuerzos y cenas.\u00a0<br><br>A dos a\u00f1os de la apertura de su primer local en Rosario y a tres meses del segundo,\u00a0<strong>Agust\u00edn Grabich y Mauricio Dur\u00e1n<\/strong>\u00a0creadores de la marca, llegan a C\u00f3rdoba Shopping para inaugurar el tercero como parte de su proyecto de expansi\u00f3n manteniendo su objetivo intacto, que se convirti\u00f3 en eslogan de la marca:\u00a0<strong>\u201chacer las cosas bien, pero bien de verdad\u201d.<\/strong><\/p>\n\n\n\n<p>Ambos de familia de panaderos, crearon HEROICA para transformar lo tradicional de la panader\u00eda en productos cuidados y de alta calidad, aplicando tecnolog\u00eda en su elaboraci\u00f3n con la mejor materia prima pensada para lograr un producto premium. Es as\u00ed como en cada uno de sus locales (y este no es la excepci\u00f3n) cuenta con su propio obrador, donde producen todo lo que ofrecen en su carta:\u00a0<strong>croissant, danesas con frutas, medialunas, rolls, panes de masa madre, multicereales (entre otros), hasta su propio yogur y granola.<\/strong><br>La estrella de la marca es\u00a0<strong>el cubo de pistachos<\/strong>, seleccionados especialmente para estar a la altura, al igual que los granos de su caf\u00e9 de especialidad y todos los productos de boller\u00eda y pasteler\u00eda,<br>para que la experiencia sea diez de diez.<br><\/p>\n\n\n\n<figure class=\"wp-block-gallery has-nested-images columns-default is-cropped wp-block-gallery-1 is-layout-flex wp-block-gallery-is-layout-flex\">\n<figure class=\"wp-block-image size-large\"><img decoding=\"async\" width=\"1278\" height=\"1920\" data-id=\"79348\" data-src=\"https:\/\/www.lasrosas.com.ar\/portal\/wp-content\/uploads\/GA36020-1278x1920.jpg\" alt=\"\" class=\"wp-image-79348 lazyload\" data-srcset=\"https:\/\/www.lasrosas.com.ar\/portal\/wp-content\/uploads\/GA36020-1278x1920.jpg 1278w, https:\/\/www.lasrosas.com.ar\/portal\/wp-content\/uploads\/GA36020-639x960.jpg 639w, https:\/\/www.lasrosas.com.ar\/portal\/wp-content\/uploads\/GA36020-1022x1536.jpg 1022w, https:\/\/www.lasrosas.com.ar\/portal\/wp-content\/uploads\/GA36020.jpg 1363w\" data-sizes=\"(max-width: 1278px) 100vw, 1278px\" src=\"data:image\/svg+xml;base64,PHN2ZyB3aWR0aD0iMSIgaGVpZ2h0PSIxIiB4bWxucz0iaHR0cDovL3d3dy53My5vcmcvMjAwMC9zdmciPjwvc3ZnPg==\" style=\"--smush-placeholder-width: 1278px; --smush-placeholder-aspect-ratio: 1278\/1920;\" \/><\/figure>\n\n\n\n<figure class=\"wp-block-image size-large\"><img decoding=\"async\" width=\"1278\" height=\"1920\" data-id=\"79347\" data-src=\"https:\/\/www.lasrosas.com.ar\/portal\/wp-content\/uploads\/GA36026-1278x1920.jpg\" alt=\"\" class=\"wp-image-79347 lazyload\" data-srcset=\"https:\/\/www.lasrosas.com.ar\/portal\/wp-content\/uploads\/GA36026-1278x1920.jpg 1278w, https:\/\/www.lasrosas.com.ar\/portal\/wp-content\/uploads\/GA36026-639x960.jpg 639w, https:\/\/www.lasrosas.com.ar\/portal\/wp-content\/uploads\/GA36026-1022x1536.jpg 1022w, https:\/\/www.lasrosas.com.ar\/portal\/wp-content\/uploads\/GA36026.jpg 1363w\" data-sizes=\"(max-width: 1278px) 100vw, 1278px\" src=\"data:image\/svg+xml;base64,PHN2ZyB3aWR0aD0iMSIgaGVpZ2h0PSIxIiB4bWxucz0iaHR0cDovL3d3dy53My5vcmcvMjAwMC9zdmciPjwvc3ZnPg==\" style=\"--smush-placeholder-width: 1278px; --smush-placeholder-aspect-ratio: 1278\/1920;\" \/><\/figure>\n<\/figure>\n\n\n\n<p><br>Mauricio y Agust\u00edn, definen a HEROICA como una marca joven y din\u00e1mica. Le agregan su impronta y eligen estar en cada detalle, no solo en los gastron\u00f3mico sino en la propuesta integral de sus locales; cuidando el bienestar de sus colaboradores, capacit\u00e1ndolos con perfiles nutricionales para brindar una atenci\u00f3n diferenciada, as\u00ed como tambi\u00e9n el compromiso y cuidado del medioambiente en sus procesos de producci\u00f3n y en su arquitectura.<\/p>\n\n\n\n<p><strong>HEROICA te invita a vivir la experiencia\u00a0<\/strong>y disfrutar de esta nueva propuesta ubicada en<strong>\u00a0planta baja, local 42.<\/strong><\/p>\n<!-- AddThis Advanced Settings generic via filter on the_content --><!-- AddThis Share Buttons generic via filter on the_content -->","protected":false},"excerpt":{"rendered":"<p>La novedad que lleg\u00f3 a C\u00f3rdoba Shopping para convertirse en el punto de encuentro ideal para disfrutar en cualquier momento del d\u00eda:\u00a0HEROICA, panader\u00eda del bien. Esta propuesta ofrece productos de\u00a0panader\u00eda, boller\u00eda, pasteler\u00eda que se complementan con el sabor \u00fanico de su caf\u00e9 de especialidad, de alta calidad, propio de la marca. Adem\u00e1s, su carta cuenta [&hellip;]<!-- AddThis Advanced Settings generic via filter on get_the_excerpt --><!-- AddThis Share Buttons generic via filter on get_the_excerpt --><\/p>\n","protected":false},"author":6,"featured_media":79349,"comment_status":"closed","ping_status":"open","sticky":false,"template":"","format":"standard","meta":{"_acf_changed":false,"om_disable_all_campaigns":false,"_monsterinsights_skip_tracking":false,"_monsterinsights_sitenote_active":false,"_monsterinsights_sitenote_note":"","_monsterinsights_sitenote_category":0,"_uf_show_specific_survey":0,"_uf_disable_surveys":false,"footnotes":""},"categories":[100],"tags":[824,568,825,826,689],"class_list":["post-79346","post","type-post","status-publish","format-standard","has-post-thumbnail","hentry","category-noticias","tag-cafe","tag-gastronomia-2","tag-heroica","tag-panaderia","tag-pasteleria"],"acf":[],"aioseo_notices":[],"_links":{"self":[{"href":"https:\/\/www.lasrosas.com.ar\/portal\/wp-json\/wp\/v2\/posts\/79346","targetHints":{"allow":["GET"]}}],"collection":[{"href":"https:\/\/www.lasrosas.com.ar\/portal\/wp-json\/wp\/v2\/posts"}],"about":[{"href":"https:\/\/www.lasrosas.com.ar\/portal\/wp-json\/wp\/v2\/types\/post"}],"author":[{"embeddable":true,"href":"https:\/\/www.lasrosas.com.ar\/portal\/wp-json\/wp\/v2\/users\/6"}],"replies":[{"embeddable":true,"href":"https:\/\/www.lasrosas.com.ar\/portal\/wp-json\/wp\/v2\/comments?post=79346"}],"version-history":[{"count":1,"href":"https:\/\/www.lasrosas.com.ar\/portal\/wp-json\/wp\/v2\/posts\/79346\/revisions"}],"predecessor-version":[{"id":79350,"href":"https:\/\/www.lasrosas.com.ar\/portal\/wp-json\/wp\/v2\/posts\/79346\/revisions\/79350"}],"wp:featuredmedia":[{"embeddable":true,"href":"https:\/\/www.lasrosas.com.ar\/portal\/wp-json\/wp\/v2\/media\/79349"}],"wp:attachment":[{"href":"https:\/\/www.lasrosas.com.ar\/portal\/wp-json\/wp\/v2\/media?parent=79346"}],"wp:term":[{"taxonomy":"category","embeddable":true,"href":"https:\/\/www.lasrosas.com.ar\/portal\/wp-json\/wp\/v2\/categories?post=79346"},{"taxonomy":"post_tag","embeddable":true,"href":"https:\/\/www.lasrosas.com.ar\/portal\/wp-json\/wp\/v2\/tags?post=79346"}],"curies":[{"name":"wp","href":"https:\/\/api.w.org\/{rel}","templated":true}]}}