{"id":79269,"date":"2024-07-24T14:45:42","date_gmt":"2024-07-24T17:45:42","guid":{"rendered":"https:\/\/www.lasrosas.com.ar\/portal\/?p=79269"},"modified":"2024-07-24T14:45:45","modified_gmt":"2024-07-24T17:45:45","slug":"emilia-termino-su-exitosa-gira-por-espana","status":"publish","type":"post","link":"https:\/\/www.lasrosas.com.ar\/portal\/emilia-termino-su-exitosa-gira-por-espana\/","title":{"rendered":"EMILIA TERMIN\u00d3 SU EXITOSA GIRA POR ESPA\u00d1A"},"content":{"rendered":"\n<p>Antes de sus esperad\u00edsimos shows en Argentina, a realizarse el 12 y 13 de octubre en V\u00e9lez, la artista Pop m\u00e1s convocante de Argentina, hizo furor en su gira espa\u00f1ola.<\/p>\n\n\n\n<p>La Popstar argentina finaliz\u00f3 su exitosa gira en Espa\u00f1a y estas son las mejores fotos de sus shows que realiz\u00f3 por el viejo continente donde pas\u00f3 por Coru\u00f1a, Murcia, Granada, Marbella, Madrid, \u00a0C\u00e1diz, Algeciras, Barcelona y Valencia.<\/p>\n\n\n\n<figure class=\"wp-block-image size-large\"><img decoding=\"async\" width=\"1920\" height=\"1281\" data-src=\"https:\/\/www.lasrosas.com.ar\/portal\/wp-content\/uploads\/D4A2138-1920x1281.jpeg\" alt=\"\" class=\"wp-image-79271 lazyload\" data-srcset=\"https:\/\/www.lasrosas.com.ar\/portal\/wp-content\/uploads\/D4A2138-1920x1281.jpeg 1920w, https:\/\/www.lasrosas.com.ar\/portal\/wp-content\/uploads\/D4A2138-960x640.jpeg 960w, https:\/\/www.lasrosas.com.ar\/portal\/wp-content\/uploads\/D4A2138-1536x1025.jpeg 1536w, https:\/\/www.lasrosas.com.ar\/portal\/wp-content\/uploads\/D4A2138-scaled.jpeg 2048w\" data-sizes=\"(max-width: 1920px) 100vw, 1920px\" src=\"data:image\/svg+xml;base64,PHN2ZyB3aWR0aD0iMSIgaGVpZ2h0PSIxIiB4bWxucz0iaHR0cDovL3d3dy53My5vcmcvMjAwMC9zdmciPjwvc3ZnPg==\" style=\"--smush-placeholder-width: 1920px; --smush-placeholder-aspect-ratio: 1920\/1281;\" \/><\/figure>\n\n\n\n<p>En pleno apogeo de \u201c.<a href=\"https:\/\/instagramc.tr.pemsv30.net\/c\/eyJhIjoiaW5zdGFncmFtYyIsIm0iOiJtYWlsX2NseXloc3VyZzc5aXYwNzA1N3BxNTljZWoiLCJsIjoibGlua19lMTNkM2E2YmUyNjEzMzQ4YmY5MzkyZTAwOGVlZTI5Y2UzZTRiYzVkX2E0N2RiMyIsImkiOltdLCJ1IjoiaHR0cHM6Ly9vcGVuLnNwb3RpZnkuY29tL2ludGwtZXMvYWxidW0vMnFvOGo5eVpJc3g2NnlEdVVobzJqcD9zaT1LVEFZZlVSd1J2aW9RY3UwejdNbGlnJnV0bV9zb3VyY2U9cGVyZml0JnV0bV9tZWRpdW09ZW1haWwmdXRtX2NhbXBhaWduPUVNSUxJQSUyMCU3QyUyMFRPVVIlMjBFU1BBJUMzJTkxQSIsImMiOiIiLCJoIjoiMTgyOTRlIn0\" target=\"_blank\" rel=\"noreferrer noopener\">mp3<\/a>\u201d, el \u00e1lbum que marc\u00f3 un antes y un despu\u00e9s en su carrera,\u00a0<strong>Emilia<\/strong>, present\u00f3 \u201c<a href=\"https:\/\/instagramc.tr.pemsv30.net\/c\/eyJhIjoiaW5zdGFncmFtYyIsIm0iOiJtYWlsX2NseXloc3VyZzc5aXYwNzA1N3BxNTljZWoiLCJsIjoibGlua18xMWExMWQ1NTMxOTA5ZjdhNDdjYTZlMzFmZDk5NzQxMmUyNjM1MzhhX2Y4YTliNyIsImkiOltdLCJ1IjoiaHR0cHM6Ly93d3cueW91dHViZS5jb20vd2F0Y2g_dj1iMEdTNWR5OFZLYyZ1dG1fc291cmNlPXBlcmZpdCZ1dG1fbWVkaXVtPWVtYWlsJnV0bV9jYW1wYWlnbj1FTUlMSUElMjAlN0MlMjBUT1VSJTIwRVNQQSVDMyU5MUEiLCJjIjoiIiwiaCI6ImVmOGNiZCJ9\" target=\"_blank\" rel=\"noreferrer noopener\">La_Playlist.mpeg<\/a>\u201d, su nuevo single. La canci\u00f3n, que tiene una clara influencia de los ic\u00f3nicos Electro Pop de los 90, revela una nueva fase en el presente de la artista, homenajeando una de las d\u00e9cadas claves de la cultura pop.<\/p>\n\n\n\n<p>Siendo pionera en la nueva ola de pop urbano y manteniendo el r\u00e9cord como Top Artists Argentina de Spotify durante 138 semanas seguidas, actualmente, Emilia, protagoniza la campa\u00f1a de moda lanzada recientemente para NEW, la ic\u00f3nica marca espa\u00f1ola\u00a0<strong>El Corte Ingl\u00e9s<\/strong>, Emilia ha conseguido ganar este a\u00f1o dos Premios Gardel por \u00ab<em>Mejor \u00c1lbum de Pop Urbano<\/em>\u00bb y \u00ab<em>Mejor Colaboraci\u00f3n Urbana<\/em>\u201d.\u00a0<\/p>\n\n\n\n<figure class=\"wp-block-image size-large\"><img decoding=\"async\" width=\"1920\" height=\"1281\" data-src=\"https:\/\/www.lasrosas.com.ar\/portal\/wp-content\/uploads\/D4A1480-1920x1281.jpeg\" alt=\"\" class=\"wp-image-79272 lazyload\" data-srcset=\"https:\/\/www.lasrosas.com.ar\/portal\/wp-content\/uploads\/D4A1480-1920x1281.jpeg 1920w, https:\/\/www.lasrosas.com.ar\/portal\/wp-content\/uploads\/D4A1480-960x640.jpeg 960w, https:\/\/www.lasrosas.com.ar\/portal\/wp-content\/uploads\/D4A1480-1536x1025.jpeg 1536w, https:\/\/www.lasrosas.com.ar\/portal\/wp-content\/uploads\/D4A1480-scaled.jpeg 2048w\" data-sizes=\"(max-width: 1920px) 100vw, 1920px\" src=\"data:image\/svg+xml;base64,PHN2ZyB3aWR0aD0iMSIgaGVpZ2h0PSIxIiB4bWxucz0iaHR0cDovL3d3dy53My5vcmcvMjAwMC9zdmciPjwvc3ZnPg==\" style=\"--smush-placeholder-width: 1920px; --smush-placeholder-aspect-ratio: 1920\/1281;\" \/><\/figure>\n\n\n\n<p><br>Con \u201c<a href=\"https:\/\/instagramc.tr.pemsv30.net\/c\/eyJhIjoiaW5zdGFncmFtYyIsIm0iOiJtYWlsX2NseXloc3VyZzc5aXYwNzA1N3BxNTljZWoiLCJsIjoibGlua18xMWExMWQ1NTMxOTA5ZjdhNDdjYTZlMzFmZDk5NzQxMmUyNjM1MzhhXzgwNjlmZCIsImkiOltdLCJ1IjoiaHR0cHM6Ly93d3cueW91dHViZS5jb20vd2F0Y2g_dj1iMEdTNWR5OFZLYyZ1dG1fc291cmNlPXBlcmZpdCZ1dG1fbWVkaXVtPWVtYWlsJnV0bV9jYW1wYWlnbj1FTUlMSUElMjAlN0MlMjBUT1VSJTIwRVNQQSVDMyU5MUEiLCJjIjoiIiwiaCI6IjczZGM0MCJ9\" target=\"_blank\" rel=\"noreferrer noopener\">La_Playlist.mpeg<\/a>\u201d, la poderosa fuerza del pop marca el comienzo de un nuevo cap\u00edtulo de evoluci\u00f3n en su carrera musical, demostrando su versatilidad e imparable trayectoria como artista.\u00a0<br><br>La artista dar\u00e1 el presente el pr\u00f3ximo 25 de julio en los\u00a0<a href=\"https:\/\/instagramc.tr.pemsv30.net\/c\/eyJhIjoiaW5zdGFncmFtYyIsIm0iOiJtYWlsX2NseXloc3VyZzc5aXYwNzA1N3BxNTljZWoiLCJsIjoibGlua19iMzY4MDcxYzM3NWQxZjAzN2FjZjgxZjNhNzk3Y2Q1YjIwZWNiNWZiXzc4Yzc2NyIsImkiOltdLCJ1IjoiaHR0cHM6Ly93d3cuaW5zdGFncmFtLmNvbS9wcmVtaW9zanV2ZW50dWQvP3V0bV9zb3VyY2U9cGVyZml0JnV0bV9tZWRpdW09ZW1haWwmdXRtX2NhbXBhaWduPUVNSUxJQSUyMCU3QyUyMFRPVVIlMjBFU1BBJUMzJTkxQSIsImMiOiIiLCJoIjoiZGM5MzRlIn0\" target=\"_blank\" rel=\"noreferrer noopener\">Premios Juventud<\/a>\u00a0donde interpretar\u00e1 por primera vez en TV su m\u00e1s reciente single y junto a\u00a0<a href=\"https:\/\/instagramc.tr.pemsv30.net\/c\/eyJhIjoiaW5zdGFncmFtYyIsIm0iOiJtYWlsX2NseXloc3VyZzc5aXYwNzA1N3BxNTljZWoiLCJsIjoibGlua19kNDRmNDA1ZWE1YjVmODljZDdkMTc0MTY3YmNmYmFhYTYwYjY1ZWJmX2NjOTI3NiIsImkiOltdLCJ1IjoiaHR0cHM6Ly93d3cuaW5zdGFncmFtLmNvbS9hbmdlbGVzYXp1bGVzbXgvP3V0bV9zb3VyY2U9cGVyZml0JnV0bV9tZWRpdW09ZW1haWwmdXRtX2NhbXBhaWduPUVNSUxJQSUyMCU3QyUyMFRPVVIlMjBFU1BBJUMzJTkxQSIsImMiOiIiLCJoIjoiN2VjOGI0In0\" target=\"_blank\" rel=\"noreferrer noopener\">Los \u00c1ngeles Azules<\/a>\u00a0presentar\u00e1n su \u00e9xito \u201c<a href=\"https:\/\/instagramc.tr.pemsv30.net\/c\/eyJhIjoiaW5zdGFncmFtYyIsIm0iOiJtYWlsX2NseXloc3VyZzc5aXYwNzA1N3BxNTljZWoiLCJsIjoibGlua180YTAyMGMzMWJkMDJmZmNhNTVmMzg2OGMxY2E0M2M5MzhhNTY4ZmRmX2NhYWZiZiIsImkiOltdLCJ1IjoiaHR0cHM6Ly9vcGVuLnNwb3RpZnkuY29tL2ludGwtZXMvdHJhY2svNGRMTGRmaW5pQmhEUDlkbEpRSU9pND9zaT02ZDE0MDE5ZTE1ZDI0YWE5JnV0bV9zb3VyY2U9cGVyZml0JnV0bV9tZWRpdW09ZW1haWwmdXRtX2NhbXBhaWduPUVNSUxJQSUyMCU3QyUyMFRPVVIlMjBFU1BBJUMzJTkxQSIsImMiOiIiLCJoIjoiYzNjNmYxIn0\" target=\"_blank\" rel=\"noreferrer noopener\">Perdonarte, \u00bfPara Qu\u00e9?<\/a>\u201d.\u00a0<br><br>Emilia se estar\u00e1 presentando el 12 y 13 de octubre en el Estadio V\u00e9lez, con tickets r\u00e1pidamente agotados.<\/p>\n<!-- AddThis Advanced Settings generic via filter on the_content --><!-- AddThis Share Buttons generic via filter on the_content -->","protected":false},"excerpt":{"rendered":"<p>Antes de sus esperad\u00edsimos shows en Argentina, a realizarse el 12 y 13 de octubre en V\u00e9lez, la artista Pop m\u00e1s convocante de Argentina, hizo furor en su gira espa\u00f1ola. La Popstar argentina finaliz\u00f3 su exitosa gira en Espa\u00f1a y estas son las mejores fotos de sus shows que realiz\u00f3 por el viejo continente donde [&hellip;]<!-- AddThis Advanced Settings generic via filter on get_the_excerpt --><!-- AddThis Share Buttons generic via filter on get_the_excerpt --><\/p>\n","protected":false},"author":6,"featured_media":79273,"comment_status":"closed","ping_status":"open","sticky":false,"template":"","format":"standard","meta":{"_acf_changed":false,"om_disable_all_campaigns":false,"_monsterinsights_skip_tracking":false,"_monsterinsights_sitenote_active":false,"_monsterinsights_sitenote_note":"","_monsterinsights_sitenote_category":0,"_uf_show_specific_survey":0,"_uf_disable_surveys":false,"footnotes":""},"categories":[100,25],"tags":[613,809,458,444,704,460],"class_list":["post-79269","post","type-post","status-publish","format-standard","has-post-thumbnail","hentry","category-noticias","category-radio","tag-emilia","tag-espana","tag-lanzamiento","tag-musica-2","tag-playlist","tag-show"],"acf":[],"aioseo_notices":[],"_links":{"self":[{"href":"https:\/\/www.lasrosas.com.ar\/portal\/wp-json\/wp\/v2\/posts\/79269","targetHints":{"allow":["GET"]}}],"collection":[{"href":"https:\/\/www.lasrosas.com.ar\/portal\/wp-json\/wp\/v2\/posts"}],"about":[{"href":"https:\/\/www.lasrosas.com.ar\/portal\/wp-json\/wp\/v2\/types\/post"}],"author":[{"embeddable":true,"href":"https:\/\/www.lasrosas.com.ar\/portal\/wp-json\/wp\/v2\/users\/6"}],"replies":[{"embeddable":true,"href":"https:\/\/www.lasrosas.com.ar\/portal\/wp-json\/wp\/v2\/comments?post=79269"}],"version-history":[{"count":1,"href":"https:\/\/www.lasrosas.com.ar\/portal\/wp-json\/wp\/v2\/posts\/79269\/revisions"}],"predecessor-version":[{"id":79274,"href":"https:\/\/www.lasrosas.com.ar\/portal\/wp-json\/wp\/v2\/posts\/79269\/revisions\/79274"}],"wp:featuredmedia":[{"embeddable":true,"href":"https:\/\/www.lasrosas.com.ar\/portal\/wp-json\/wp\/v2\/media\/79273"}],"wp:attachment":[{"href":"https:\/\/www.lasrosas.com.ar\/portal\/wp-json\/wp\/v2\/media?parent=79269"}],"wp:term":[{"taxonomy":"category","embeddable":true,"href":"https:\/\/www.lasrosas.com.ar\/portal\/wp-json\/wp\/v2\/categories?post=79269"},{"taxonomy":"post_tag","embeddable":true,"href":"https:\/\/www.lasrosas.com.ar\/portal\/wp-json\/wp\/v2\/tags?post=79269"}],"curies":[{"name":"wp","href":"https:\/\/api.w.org\/{rel}","templated":true}]}}