{"id":79262,"date":"2024-07-24T10:31:17","date_gmt":"2024-07-24T13:31:17","guid":{"rendered":"https:\/\/www.lasrosas.com.ar\/portal\/?p=79262"},"modified":"2024-07-24T10:31:21","modified_gmt":"2024-07-24T13:31:21","slug":"louis-vuitton-vivienne-fashionista","status":"publish","type":"post","link":"https:\/\/www.lasrosas.com.ar\/portal\/louis-vuitton-vivienne-fashionista\/","title":{"rendered":"LOUIS VUITTON: VIVIENNE FASHIONISTA"},"content":{"rendered":"\n<p>Vivienne, la ic\u00f3nica mascota de la casa, fue presentada en 2017 y simboliza el lado m\u00e1s caprichoso y l\u00fadico de Louis Vuitton. La c\u00e1psula Fashionista reimagina a Vivienne como un \u00edcono de la moda con su propio bolso, joyer\u00eda o ropa inspirada en los dise\u00f1os m\u00e1s emblem\u00e1ticos de Louis Vuitton, as\u00ed como en sus motivos y patrones caracter\u00edsticos.<\/p>\n\n\n\n<p>La colecci\u00f3n presenta ocho Viviennes de tama\u00f1o maxi con sus propias personalidades, dise\u00f1adas tanto como figurines coleccionables como encantadores llaveros de bolso: LV DENIM, LV MALLETAGE, LV GOLDEN, PINK LADY, LV PARISIENNE, SHOPAHOLIC, LV MIX.<\/p>\n\n\n\n<figure class=\"wp-block-image size-large\"><img decoding=\"async\" width=\"1920\" height=\"1920\" data-src=\"https:\/\/www.lasrosas.com.ar\/portal\/wp-content\/uploads\/COFFRET-VIVIENNE-FASHIONISTA-2-1-1920x1920.jpg\" alt=\"\" class=\"wp-image-79267 lazyload\" data-srcset=\"https:\/\/www.lasrosas.com.ar\/portal\/wp-content\/uploads\/COFFRET-VIVIENNE-FASHIONISTA-2-1-1920x1920.jpg 1920w, https:\/\/www.lasrosas.com.ar\/portal\/wp-content\/uploads\/COFFRET-VIVIENNE-FASHIONISTA-2-1-960x960.jpg 960w, https:\/\/www.lasrosas.com.ar\/portal\/wp-content\/uploads\/COFFRET-VIVIENNE-FASHIONISTA-2-1-1536x1536.jpg 1536w, https:\/\/www.lasrosas.com.ar\/portal\/wp-content\/uploads\/COFFRET-VIVIENNE-FASHIONISTA-2-1-scaled.jpg 2048w\" data-sizes=\"(max-width: 1920px) 100vw, 1920px\" src=\"data:image\/svg+xml;base64,PHN2ZyB3aWR0aD0iMSIgaGVpZ2h0PSIxIiB4bWxucz0iaHR0cDovL3d3dy53My5vcmcvMjAwMC9zdmciPjwvc3ZnPg==\" style=\"--smush-placeholder-width: 1920px; --smush-placeholder-aspect-ratio: 1920\/1920;\" \/><\/figure>\n\n\n\n<p>Todos elaborados con el mejor cuero y piel, con el savoir-faire y la artesan\u00eda que Louis Vuitton ha aportado a sus productos durante m\u00e1s de 170 a\u00f1os.<\/p>\n\n\n\n<p>Para coleccionar este set, el Vivienne Fashionista Coffret es una pieza de edici\u00f3n limitada, desarrollada especialmente para los ocho llaveros de bolso Vivienne Fashionista en un estuche coleccionable \u00fanico. Inspirado en los ba\u00fales hist\u00f3ricos de la Casa, el estuche est\u00e1 hecho de madera y lona Monogram con herrajes con acabado dorado.<\/p>\n\n\n\n<figure class=\"wp-block-image size-full\"><img decoding=\"async\" width=\"1080\" height=\"1350\" data-src=\"https:\/\/www.lasrosas.com.ar\/portal\/wp-content\/uploads\/WhatsApp-Image-2024-07-24-at-10.30.34.jpeg\" alt=\"\" class=\"wp-image-79266 lazyload\" data-srcset=\"https:\/\/www.lasrosas.com.ar\/portal\/wp-content\/uploads\/WhatsApp-Image-2024-07-24-at-10.30.34.jpeg 1080w, https:\/\/www.lasrosas.com.ar\/portal\/wp-content\/uploads\/WhatsApp-Image-2024-07-24-at-10.30.34-768x960.jpeg 768w\" data-sizes=\"(max-width: 1080px) 100vw, 1080px\" src=\"data:image\/svg+xml;base64,PHN2ZyB3aWR0aD0iMSIgaGVpZ2h0PSIxIiB4bWxucz0iaHR0cDovL3d3dy53My5vcmcvMjAwMC9zdmciPjwvc3ZnPg==\" style=\"--smush-placeholder-width: 1080px; --smush-placeholder-aspect-ratio: 1080\/1350;\" \/><\/figure>\n<!-- AddThis Advanced Settings generic via filter on the_content --><!-- AddThis Share Buttons generic via filter on the_content -->","protected":false},"excerpt":{"rendered":"<p>Vivienne, la ic\u00f3nica mascota de la casa, fue presentada en 2017 y simboliza el lado m\u00e1s caprichoso y l\u00fadico de Louis Vuitton. La c\u00e1psula Fashionista reimagina a Vivienne como un \u00edcono de la moda con su propio bolso, joyer\u00eda o ropa inspirada en los dise\u00f1os m\u00e1s emblem\u00e1ticos de Louis Vuitton, as\u00ed como en sus motivos [&hellip;]<!-- AddThis Advanced Settings generic via filter on get_the_excerpt --><!-- AddThis Share Buttons generic via filter on get_the_excerpt --><\/p>\n","protected":false},"author":6,"featured_media":79263,"comment_status":"closed","ping_status":"open","sticky":false,"template":"","format":"standard","meta":{"_acf_changed":false,"om_disable_all_campaigns":false,"_monsterinsights_skip_tracking":false,"_monsterinsights_sitenote_active":false,"_monsterinsights_sitenote_note":"","_monsterinsights_sitenote_category":0,"_uf_show_specific_survey":0,"_uf_disable_surveys":false,"footnotes":""},"categories":[100,30],"tags":[807,808,58,694,577],"class_list":["post-79262","post","type-post","status-publish","format-standard","has-post-thumbnail","hentry","category-noticias","category-moda","tag-bolso","tag-cartera","tag-moda","tag-trend","tag-vuitton"],"acf":[],"aioseo_notices":[],"_links":{"self":[{"href":"https:\/\/www.lasrosas.com.ar\/portal\/wp-json\/wp\/v2\/posts\/79262","targetHints":{"allow":["GET"]}}],"collection":[{"href":"https:\/\/www.lasrosas.com.ar\/portal\/wp-json\/wp\/v2\/posts"}],"about":[{"href":"https:\/\/www.lasrosas.com.ar\/portal\/wp-json\/wp\/v2\/types\/post"}],"author":[{"embeddable":true,"href":"https:\/\/www.lasrosas.com.ar\/portal\/wp-json\/wp\/v2\/users\/6"}],"replies":[{"embeddable":true,"href":"https:\/\/www.lasrosas.com.ar\/portal\/wp-json\/wp\/v2\/comments?post=79262"}],"version-history":[{"count":1,"href":"https:\/\/www.lasrosas.com.ar\/portal\/wp-json\/wp\/v2\/posts\/79262\/revisions"}],"predecessor-version":[{"id":79268,"href":"https:\/\/www.lasrosas.com.ar\/portal\/wp-json\/wp\/v2\/posts\/79262\/revisions\/79268"}],"wp:featuredmedia":[{"embeddable":true,"href":"https:\/\/www.lasrosas.com.ar\/portal\/wp-json\/wp\/v2\/media\/79263"}],"wp:attachment":[{"href":"https:\/\/www.lasrosas.com.ar\/portal\/wp-json\/wp\/v2\/media?parent=79262"}],"wp:term":[{"taxonomy":"category","embeddable":true,"href":"https:\/\/www.lasrosas.com.ar\/portal\/wp-json\/wp\/v2\/categories?post=79262"},{"taxonomy":"post_tag","embeddable":true,"href":"https:\/\/www.lasrosas.com.ar\/portal\/wp-json\/wp\/v2\/tags?post=79262"}],"curies":[{"name":"wp","href":"https:\/\/api.w.org\/{rel}","templated":true}]}}