{"id":79241,"date":"2024-07-23T11:18:35","date_gmt":"2024-07-23T14:18:35","guid":{"rendered":"https:\/\/www.lasrosas.com.ar\/portal\/?p=79241"},"modified":"2024-07-27T12:29:29","modified_gmt":"2024-07-27T15:29:29","slug":"la-marca-mas-sostneible-del-mundo-es-de-la-patagonia","status":"publish","type":"post","link":"https:\/\/www.lasrosas.com.ar\/portal\/la-marca-mas-sostneible-del-mundo-es-de-la-patagonia\/","title":{"rendered":"LA MARCA M\u00c1S SOSTENIBLE DEL MUNDO ES DE LA PATAGONIA"},"content":{"rendered":"\n<p><em>Desde convertir desechos del oc\u00e9ano en anteojos hasta impulsar el desarrollo comunitario en la Patagonia, la marca que conquista a los Global Brands Awards por segundo a\u00f1o consecutivo.<\/em><\/p>\n\n\n\n<p>Kar\u00fcn, la empresa patag\u00f3nica reconocida por sus anteojos ecol\u00f3gicos, ha sido galardonada por segundo a\u00f1o consecutivo como la <strong>Marca de Anteojos M\u00e1s Sustentable del Mundo<\/strong> en los Global Brands Awards. Este premio, otorgado por la revista Global Brands Magazine, consolida su liderazgo en la industria de la moda sostenible y la posiciona como un referente global en materia de cuidado ambiental y desarrollo comunitario.<\/p>\n\n\n\n<p>Los Global Brands Awards son un evento de gran prestigio internacional que premia a las mejores marcas del mundo en diversas categor\u00edas. En la edici\u00f3n 2024, Kar\u00fcn se destac\u00f3 por su compromiso con la sostenibilidad, tanto en la elaboraci\u00f3n de sus productos como en su modelo de negocio.<br><\/p>\n\n\n\n<figure class=\"wp-block-image size-full\"><img decoding=\"async\" width=\"1920\" height=\"1920\" data-src=\"https:\/\/www.lasrosas.com.ar\/portal\/wp-content\/uploads\/large-2023_LIFESTYLE_WALMART_COS_YOHAN_ALTA-84.jpg\" alt=\"\" class=\"wp-image-79243 lazyload\" data-srcset=\"https:\/\/www.lasrosas.com.ar\/portal\/wp-content\/uploads\/large-2023_LIFESTYLE_WALMART_COS_YOHAN_ALTA-84.jpg 1920w, https:\/\/www.lasrosas.com.ar\/portal\/wp-content\/uploads\/large-2023_LIFESTYLE_WALMART_COS_YOHAN_ALTA-84-960x960.jpg 960w, https:\/\/www.lasrosas.com.ar\/portal\/wp-content\/uploads\/large-2023_LIFESTYLE_WALMART_COS_YOHAN_ALTA-84-1536x1536.jpg 1536w\" data-sizes=\"(max-width: 1920px) 100vw, 1920px\" src=\"data:image\/svg+xml;base64,PHN2ZyB3aWR0aD0iMSIgaGVpZ2h0PSIxIiB4bWxucz0iaHR0cDovL3d3dy53My5vcmcvMjAwMC9zdmciPjwvc3ZnPg==\" style=\"--smush-placeholder-width: 1920px; --smush-placeholder-aspect-ratio: 1920\/1920;\" \/><\/figure>\n\n\n\n<p><br><strong>Materiales reciclados y producci\u00f3n circular<\/strong><\/p>\n\n\n\n<p>Los anteojos de Kar\u00fcn est\u00e1n fabricados con materiales reciclados y de origen natural, provenientes principalmente de redes de pesca abandonadas y otros pl\u00e1sticos del oc\u00e9ano. La empresa colabora con comunidades locales de la Patagonia chilena para la recolecci\u00f3n de estos materiales, generando oportunidades de trabajo e impulsando el desarrollo econ\u00f3mico de la regi\u00f3n.<\/p>\n\n\n\n<p><strong>M\u00e1s que una marca de anteojos, un agente de cambio<\/strong><\/p>\n\n\n\n<p>Kar\u00fcn va m\u00e1s all\u00e1 de la creaci\u00f3n de productos sostenibles. La empresa implementa programas de educaci\u00f3n ambiental y promueve el consumo responsable entre sus clientes. Adem\u00e1s, colabora con organizaciones sin fines de lucro para la conservaci\u00f3n del medio ambiente y la protecci\u00f3n de las comunidades locales.<em> <\/em><em>\u00abGracias a todos en Argentina por compartir nuestra visi\u00f3n de un futuro donde la moda no solo viste, sino que transforma. Este reconocimiento no solo es un honor; es una llamada a seguir innovando y colaborando para crear un impacto duradero en nuestro planeta\u00bb, <\/em>afirma Thomas Kimber, CEO de Kar\u00fcn<em>.<\/em> De esta forma, el \u00e9xito de esta marca demuestra que es posible crear productos de alta calidad y dise\u00f1o sin comprometer el planeta. Su modelo de negocio basado en la sostenibilidad social y ambiental la convierte en un ejemplo a seguir para otras empresas del sector y para la sociedad en general.<\/p>\n\n\n\n<p>Con este nuevo reconocimiento, Kar\u00fcn reafirma su visi\u00f3n de cambiar la forma en que vemos y hacemos las cosas, utilizando la moda como una herramienta de cambio positivo para el planeta y las personas. La empresa invita a todos a unirse a su movimiento y a ser parte de un futuro m\u00e1s sostenible.<br><\/p>\n\n\n\n<figure class=\"wp-block-image size-large\"><img decoding=\"async\" width=\"1920\" height=\"1280\" data-src=\"https:\/\/www.lasrosas.com.ar\/portal\/wp-content\/uploads\/Celion5-1920x1280.jpg\" alt=\"\" class=\"wp-image-79242 lazyload\" data-srcset=\"https:\/\/www.lasrosas.com.ar\/portal\/wp-content\/uploads\/Celion5-1920x1280.jpg 1920w, https:\/\/www.lasrosas.com.ar\/portal\/wp-content\/uploads\/Celion5-960x640.jpg 960w, https:\/\/www.lasrosas.com.ar\/portal\/wp-content\/uploads\/Celion5-1536x1024.jpg 1536w, https:\/\/www.lasrosas.com.ar\/portal\/wp-content\/uploads\/Celion5-scaled.jpg 2048w\" data-sizes=\"(max-width: 1920px) 100vw, 1920px\" src=\"data:image\/svg+xml;base64,PHN2ZyB3aWR0aD0iMSIgaGVpZ2h0PSIxIiB4bWxucz0iaHR0cDovL3d3dy53My5vcmcvMjAwMC9zdmciPjwvc3ZnPg==\" style=\"--smush-placeholder-width: 1920px; --smush-placeholder-aspect-ratio: 1920\/1280;\" \/><\/figure>\n\n\n\n<p><\/p>\n\n\n\n<p><strong>Acerca de Kar\u00fcn<\/strong><\/p>\n\n\n\n<p><em>Kar\u00fcn es una empresa B que crea anteojos radicalmente sostenibles, dise\u00f1ados para durar. Desde la Patagonia hasta m\u00e1s de 17 pa\u00edses de todo el mundo, esta compa\u00f1\u00eda demuestra a trav\u00e9s del ejemplo que las empresas pueden ser una herramienta para el bienestar social y ambiental a trav\u00e9s de su Modelo de Regeneraci\u00f3n Kar\u00fcn &#x2122;.Sus productos los hacen de materiales descartados&nbsp; recolectados a trav\u00e9s del trabajo mano a mano con comunidades rurales para restaurar ecosistemas naturales y regenerar econom\u00edas locales. De esta forma producen anteojos a partir de innovadores materiales reciclados y trazables a trav\u00e9s de un proceso de producci\u00f3n circular.Kar\u00fcn garantiza anteojos de alta calidad en dise\u00f1o y estilo al mismo tiempo que es pionera en transparencia; puedes encontrar las emisiones de carbono de cada producto en su embalaje y sitio web, adem\u00e1s de seguir el viaje desde el material descartado hasta el producto final a trav\u00e9s de su Sistema de Trazabilidad Kar\u00fcn &#x2122; alimentado por la tecnolog\u00eda Blockchain. La marca ha sido reconocida por diferentes organizaciones como National Geographic, Forbes, Global Brand Awards y MIDO por su trabajo en temas de sostenibilidad<\/em><\/p>\n<!-- AddThis Advanced Settings generic via filter on the_content --><!-- AddThis Share Buttons generic via filter on the_content -->","protected":false},"excerpt":{"rendered":"<p>Desde convertir desechos del oc\u00e9ano en anteojos hasta impulsar el desarrollo comunitario en la Patagonia, la marca que conquista a los Global Brands Awards por segundo a\u00f1o consecutivo. Kar\u00fcn, la empresa patag\u00f3nica reconocida por sus anteojos ecol\u00f3gicos, ha sido galardonada por segundo a\u00f1o consecutivo como la Marca de Anteojos M\u00e1s Sustentable del Mundo en los [&hellip;]<!-- AddThis Advanced Settings generic via filter on get_the_excerpt --><!-- AddThis Share Buttons generic via filter on get_the_excerpt --><\/p>\n","protected":false},"author":6,"featured_media":79244,"comment_status":"closed","ping_status":"open","sticky":false,"template":"","format":"standard","meta":{"_acf_changed":false,"om_disable_all_campaigns":false,"_monsterinsights_skip_tracking":false,"_monsterinsights_sitenote_active":false,"_monsterinsights_sitenote_note":"","_monsterinsights_sitenote_category":0,"_uf_show_specific_survey":0,"_uf_disable_surveys":false,"footnotes":""},"categories":[100],"tags":[796,397,797,798,799],"class_list":["post-79241","post","type-post","status-publish","format-standard","has-post-thumbnail","hentry","category-noticias","tag-anteojos","tag-patagonia","tag-reciclado","tag-sostenible","tag-sustentable"],"acf":[],"aioseo_notices":[],"_links":{"self":[{"href":"https:\/\/www.lasrosas.com.ar\/portal\/wp-json\/wp\/v2\/posts\/79241","targetHints":{"allow":["GET"]}}],"collection":[{"href":"https:\/\/www.lasrosas.com.ar\/portal\/wp-json\/wp\/v2\/posts"}],"about":[{"href":"https:\/\/www.lasrosas.com.ar\/portal\/wp-json\/wp\/v2\/types\/post"}],"author":[{"embeddable":true,"href":"https:\/\/www.lasrosas.com.ar\/portal\/wp-json\/wp\/v2\/users\/6"}],"replies":[{"embeddable":true,"href":"https:\/\/www.lasrosas.com.ar\/portal\/wp-json\/wp\/v2\/comments?post=79241"}],"version-history":[{"count":2,"href":"https:\/\/www.lasrosas.com.ar\/portal\/wp-json\/wp\/v2\/posts\/79241\/revisions"}],"predecessor-version":[{"id":79344,"href":"https:\/\/www.lasrosas.com.ar\/portal\/wp-json\/wp\/v2\/posts\/79241\/revisions\/79344"}],"wp:featuredmedia":[{"embeddable":true,"href":"https:\/\/www.lasrosas.com.ar\/portal\/wp-json\/wp\/v2\/media\/79244"}],"wp:attachment":[{"href":"https:\/\/www.lasrosas.com.ar\/portal\/wp-json\/wp\/v2\/media?parent=79241"}],"wp:term":[{"taxonomy":"category","embeddable":true,"href":"https:\/\/www.lasrosas.com.ar\/portal\/wp-json\/wp\/v2\/categories?post=79241"},{"taxonomy":"post_tag","embeddable":true,"href":"https:\/\/www.lasrosas.com.ar\/portal\/wp-json\/wp\/v2\/tags?post=79241"}],"curies":[{"name":"wp","href":"https:\/\/api.w.org\/{rel}","templated":true}]}}