{"id":78970,"date":"2024-07-08T12:39:18","date_gmt":"2024-07-08T15:39:18","guid":{"rendered":"https:\/\/www.lasrosas.com.ar\/portal\/?p=78970"},"modified":"2024-07-08T12:39:21","modified_gmt":"2024-07-08T15:39:21","slug":"antonio-banderas-y-stefi-roitman-juntos-en-rio-de-janeiro-para-celebrar-the-icon-su-fragancia-mas-iconica","status":"publish","type":"post","link":"https:\/\/www.lasrosas.com.ar\/portal\/antonio-banderas-y-stefi-roitman-juntos-en-rio-de-janeiro-para-celebrar-the-icon-su-fragancia-mas-iconica\/","title":{"rendered":"ANTONIO BANDERAS Y STEFI ROITMAN JUNTOS EN R\u00cdO DE JANEIRO PARA CELEBRAR THE ICON, SU FRAGANCIA M\u00c1S IC\u00d3NICA"},"content":{"rendered":"\n<p><strong>Pampita Ardohain es una de las invitadas que descubri\u00f3 las nuevas fragancias de la colecci\u00f3n.<\/strong><\/p>\n\n\n\n<p>&nbsp;La ciudad carioca se visti\u00f3 de fiesta para recibir a un invitado de lujo: Antonio Banderas lleg\u00f3 a R\u00edo de Janeiro para celebrar su exitosa colecci\u00f3n de fragancias \u201cThe Icon\u201d con dos jornadas completas de eventos exclusivos e invitados especiales. Pampita Ardohain, junto a influencers y periodistas venidos de distintos puntos de Latinoam\u00e9rica, descubrieron las nuevas fragancias de la colecci\u00f3n.<\/p>\n\n\n\n<p>Lanzada en 2020 en su versi\u00f3n masculina, The Icon representa la visi\u00f3n m\u00e1s contempor\u00e1nea del \u00e9xito. En 2023 lleg\u00f3 The Icon Woman, que simboliza a una mujer empoderada, din\u00e1mica, natural, audaz y libre. Una de las protagonistas de la campa\u00f1a fu\u00e9 la actriz e influencer Stefi Roitman y este a\u00f1o, vuelve a serlo con la nueva incorporaci\u00f3n a la colecci\u00f3n de The Icon Splendid. La cena de bienvenida, en la cual Stefi fue una de las anfitrionas, se realiz\u00f3 en Elena Horto, un encantador restaurante de influencia asi\u00e1tica, que se destaca por sus impresionantes paredes de cristal, potentes mostradores, jardines colgantes, sof\u00e1s curvados y un verde paisajismo.<\/p>\n\n\n\n<p>La jornada del martes comenz\u00f3 con un Workshop de fragancias en el Copacabana Palace a cargo de Gregorio Sol\u00e1, Perfumista de la Marca, que es adem\u00e1s miembro de la Academia del Perfume.<\/p>\n\n\n\n<p>Antonio Banderas fue el encargado de dar las palabras de bienvenida y junto a Gregorio, destacaron los aspectos fundamentales de la colecci\u00f3n The Icon y los atributos \u00fanicos que hacen de estas fragancias un \u00edcono.<\/p>\n\n\n\n<figure class=\"wp-block-gallery has-nested-images columns-default is-cropped wp-block-gallery-1 is-layout-flex wp-block-gallery-is-layout-flex\">\n<figure class=\"wp-block-image size-large\"><img decoding=\"async\" width=\"1280\" height=\"1920\" data-id=\"78973\" data-src=\"https:\/\/www.lasrosas.com.ar\/portal\/wp-content\/uploads\/unnamed-43-1.jpg\" alt=\"\" class=\"wp-image-78973 lazyload\" data-srcset=\"https:\/\/www.lasrosas.com.ar\/portal\/wp-content\/uploads\/\/unnamed-43-1.jpg 1280w, https:\/\/www.lasrosas.com.ar\/portal\/wp-content\/uploads\/\/unnamed-43-1-640x960.jpg 640w, https:\/\/www.lasrosas.com.ar\/portal\/wp-content\/uploads\/\/unnamed-43-1-1024x1536.jpg 1024w\" data-sizes=\"(max-width: 1280px) 100vw, 1280px\" src=\"data:image\/svg+xml;base64,PHN2ZyB3aWR0aD0iMSIgaGVpZ2h0PSIxIiB4bWxucz0iaHR0cDovL3d3dy53My5vcmcvMjAwMC9zdmciPjwvc3ZnPg==\" style=\"--smush-placeholder-width: 1280px; --smush-placeholder-aspect-ratio: 1280\/1920;\" \/><\/figure>\n\n\n\n<figure class=\"wp-block-image size-large\"><img decoding=\"async\" width=\"1280\" height=\"1920\" data-id=\"78972\" data-src=\"https:\/\/www.lasrosas.com.ar\/portal\/wp-content\/uploads\/unnamed-42-1.jpg\" alt=\"\" class=\"wp-image-78972 lazyload\" data-srcset=\"https:\/\/www.lasrosas.com.ar\/portal\/wp-content\/uploads\/\/unnamed-42-1.jpg 1280w, https:\/\/www.lasrosas.com.ar\/portal\/wp-content\/uploads\/\/unnamed-42-1-640x960.jpg 640w, https:\/\/www.lasrosas.com.ar\/portal\/wp-content\/uploads\/\/unnamed-42-1-1024x1536.jpg 1024w\" data-sizes=\"(max-width: 1280px) 100vw, 1280px\" src=\"data:image\/svg+xml;base64,PHN2ZyB3aWR0aD0iMSIgaGVpZ2h0PSIxIiB4bWxucz0iaHR0cDovL3d3dy53My5vcmcvMjAwMC9zdmciPjwvc3ZnPg==\" style=\"--smush-placeholder-width: 1280px; --smush-placeholder-aspect-ratio: 1280\/1920;\" \/><\/figure>\n<\/figure>\n\n\n\n<p>Por la noche, el evento principal, protagonizado por Antonio Banderas, se desarroll\u00f3 en la Mansi\u00f3n Alvite, que se ti\u00f1\u00f3 de rosa y azul para dar la bienvenida a dos nuevas fragancias de la colecci\u00f3n: The Icon Attitude y The Icon Splendid. Stefi y Pampita brillaron junto a celebrities mundiales en una noche \u00fanica, mientras Antonio Banderas acapar\u00f3 la atenci\u00f3n de todos y celebr\u00f3 el lanzamiento de estas nuevas propuestas de The Icon, que invitan a ser intr\u00e9pidos, creativos, innovadores, originales y naturales para alcanzar un nuevo nivel de \u00e9xito.<\/p>\n\n\n\n<p>Este evento marc\u00f3 un hito en la historia de Banderas Perfumes, reforzando su compromiso con la innovaci\u00f3n y la excelencia en el mundo de las fragancias. Los asistentes no solo pudieron descubrir y experimentar las nuevas fragancias de la colecci\u00f3n The Icon, sino que tambi\u00e9n formaron parte de una celebraci\u00f3n que captur\u00f3 la esencia de lo que significa ser un verdadero \u00edcono.<\/p>\n\n\n\n<figure class=\"wp-block-image size-full\"><img decoding=\"async\" width=\"1280\" height=\"853\" data-src=\"https:\/\/www.lasrosas.com.ar\/portal\/wp-content\/uploads\/unnamed-44-1.jpg\" alt=\"\" class=\"wp-image-78974 lazyload\" data-srcset=\"https:\/\/www.lasrosas.com.ar\/portal\/wp-content\/uploads\/\/unnamed-44-1.jpg 1280w, https:\/\/www.lasrosas.com.ar\/portal\/wp-content\/uploads\/\/unnamed-44-1-960x640.jpg 960w\" data-sizes=\"(max-width: 1280px) 100vw, 1280px\" src=\"data:image\/svg+xml;base64,PHN2ZyB3aWR0aD0iMSIgaGVpZ2h0PSIxIiB4bWxucz0iaHR0cDovL3d3dy53My5vcmcvMjAwMC9zdmciPjwvc3ZnPg==\" style=\"--smush-placeholder-width: 1280px; --smush-placeholder-aspect-ratio: 1280\/853;\" \/><\/figure>\n\n\n\n<figure class=\"wp-block-gallery has-nested-images columns-default is-cropped wp-block-gallery-2 is-layout-flex wp-block-gallery-is-layout-flex\">\n<figure class=\"wp-block-image size-large\"><img decoding=\"async\" width=\"1280\" height=\"1920\" data-id=\"78975\" data-src=\"https:\/\/www.lasrosas.com.ar\/portal\/wp-content\/uploads\/unnamed-46-1.jpg\" alt=\"\" class=\"wp-image-78975 lazyload\" data-srcset=\"https:\/\/www.lasrosas.com.ar\/portal\/wp-content\/uploads\/\/unnamed-46-1.jpg 1280w, https:\/\/www.lasrosas.com.ar\/portal\/wp-content\/uploads\/\/unnamed-46-1-640x960.jpg 640w, https:\/\/www.lasrosas.com.ar\/portal\/wp-content\/uploads\/\/unnamed-46-1-1024x1536.jpg 1024w\" data-sizes=\"(max-width: 1280px) 100vw, 1280px\" src=\"data:image\/svg+xml;base64,PHN2ZyB3aWR0aD0iMSIgaGVpZ2h0PSIxIiB4bWxucz0iaHR0cDovL3d3dy53My5vcmcvMjAwMC9zdmciPjwvc3ZnPg==\" style=\"--smush-placeholder-width: 1280px; --smush-placeholder-aspect-ratio: 1280\/1920;\" \/><\/figure>\n\n\n\n<figure class=\"wp-block-image\"><img decoding=\"async\" src=\"blob:https:\/\/www.lasrosas.com.ar\/3ea11d65-0894-4f82-b889-e696ed6dab64\" alt=\"\"\/><\/figure>\n<\/figure>\n<!-- AddThis Advanced Settings generic via filter on the_content --><!-- AddThis Share Buttons generic via filter on the_content -->","protected":false},"excerpt":{"rendered":"<p>Pampita Ardohain es una de las invitadas que descubri\u00f3 las nuevas fragancias de la colecci\u00f3n. &nbsp;La ciudad carioca se visti\u00f3 de fiesta para recibir a un invitado de lujo: Antonio Banderas lleg\u00f3 a R\u00edo de Janeiro para celebrar su exitosa colecci\u00f3n de fragancias \u201cThe Icon\u201d con dos jornadas completas de eventos exclusivos e invitados especiales. [&hellip;]<!-- AddThis Advanced Settings generic via filter on get_the_excerpt --><!-- AddThis Share Buttons generic via filter on get_the_excerpt --><\/p>\n","protected":false},"author":6,"featured_media":78971,"comment_status":"closed","ping_status":"open","sticky":false,"template":"","format":"standard","meta":{"_acf_changed":false,"om_disable_all_campaigns":false,"_monsterinsights_skip_tracking":false,"_monsterinsights_sitenote_active":false,"_monsterinsights_sitenote_note":"","_monsterinsights_sitenote_category":0,"_uf_show_specific_survey":0,"_uf_disable_surveys":false,"footnotes":""},"categories":[100],"tags":[295,592,458,636],"class_list":["post-78970","post","type-post","status-publish","format-standard","has-post-thumbnail","hentry","category-noticias","tag-belleza","tag-coleccion-2","tag-lanzamiento","tag-perfume"],"acf":[],"aioseo_notices":[],"_links":{"self":[{"href":"https:\/\/www.lasrosas.com.ar\/portal\/wp-json\/wp\/v2\/posts\/78970","targetHints":{"allow":["GET"]}}],"collection":[{"href":"https:\/\/www.lasrosas.com.ar\/portal\/wp-json\/wp\/v2\/posts"}],"about":[{"href":"https:\/\/www.lasrosas.com.ar\/portal\/wp-json\/wp\/v2\/types\/post"}],"author":[{"embeddable":true,"href":"https:\/\/www.lasrosas.com.ar\/portal\/wp-json\/wp\/v2\/users\/6"}],"replies":[{"embeddable":true,"href":"https:\/\/www.lasrosas.com.ar\/portal\/wp-json\/wp\/v2\/comments?post=78970"}],"version-history":[{"count":1,"href":"https:\/\/www.lasrosas.com.ar\/portal\/wp-json\/wp\/v2\/posts\/78970\/revisions"}],"predecessor-version":[{"id":78977,"href":"https:\/\/www.lasrosas.com.ar\/portal\/wp-json\/wp\/v2\/posts\/78970\/revisions\/78977"}],"wp:featuredmedia":[{"embeddable":true,"href":"https:\/\/www.lasrosas.com.ar\/portal\/wp-json\/wp\/v2\/media\/78971"}],"wp:attachment":[{"href":"https:\/\/www.lasrosas.com.ar\/portal\/wp-json\/wp\/v2\/media?parent=78970"}],"wp:term":[{"taxonomy":"category","embeddable":true,"href":"https:\/\/www.lasrosas.com.ar\/portal\/wp-json\/wp\/v2\/categories?post=78970"},{"taxonomy":"post_tag","embeddable":true,"href":"https:\/\/www.lasrosas.com.ar\/portal\/wp-json\/wp\/v2\/tags?post=78970"}],"curies":[{"name":"wp","href":"https:\/\/api.w.org\/{rel}","templated":true}]}}