{"id":78910,"date":"2024-07-05T11:21:28","date_gmt":"2024-07-05T14:21:28","guid":{"rendered":"https:\/\/www.lasrosas.com.ar\/portal\/?p=78910"},"modified":"2024-07-05T11:21:46","modified_gmt":"2024-07-05T14:21:46","slug":"rochas-inauguro-su-local-en-alcorta-shopping","status":"publish","type":"post","link":"https:\/\/www.lasrosas.com.ar\/portal\/rochas-inauguro-su-local-en-alcorta-shopping\/","title":{"rendered":"ROCHAS INAUGUR\u00d3 SU LOCAL EN ALCORTA SHOPPING"},"content":{"rendered":"\n<p>Rochas, la marca de indumentaria masculina francesa, celebr\u00f3 la reapertura de su local en Alcorta Shopping con una noche de lujo. Con la performance en vivo de la Orquesta Estable del Teatro Col\u00f3n, la musicalizaci\u00f3n de Ale Lacroix y una barra de vinos y espumantes a cargo de Catena Zapata, la tienda se convirti\u00f3 en una verdadera fiesta.\u00a0<\/p>\n\n\n\n<p>Acompa\u00f1aron a la marca para la ocasi\u00f3n:\u00a0<strong>Javier Mascherano, Benjam\u00edn Vicu\u00f1a, Vero Lozano, Juan Marconi, Nico Riera, Gonzalo Tiesi<\/strong>, entre muchos otros clientes y amigos de la marca.\u00a0<br><\/p>\n\n\n\n<figure class=\"wp-block-gallery has-nested-images columns-default is-cropped wp-block-gallery-1 is-layout-flex wp-block-gallery-is-layout-flex\">\n<figure class=\"wp-block-image size-large\"><img decoding=\"async\" width=\"1280\" height=\"1920\" data-id=\"78914\" data-src=\"https:\/\/www.lasrosas.com.ar\/portal\/wp-content\/uploads\/Nico-Riera-y-Gonzalo-Tiesi-en-la-reapertura-de-Rochas-en-Alcorta-Shopping-261-1280x1920.jpg\" alt=\"\" class=\"wp-image-78914 lazyload\" data-srcset=\"https:\/\/www.lasrosas.com.ar\/portal\/wp-content\/uploads\/\/Nico-Riera-y-Gonzalo-Tiesi-en-la-reapertura-de-Rochas-en-Alcorta-Shopping-261-1280x1920.jpg 1280w, https:\/\/www.lasrosas.com.ar\/portal\/wp-content\/uploads\/\/Nico-Riera-y-Gonzalo-Tiesi-en-la-reapertura-de-Rochas-en-Alcorta-Shopping-261-640x960.jpg 640w, https:\/\/www.lasrosas.com.ar\/portal\/wp-content\/uploads\/\/Nico-Riera-y-Gonzalo-Tiesi-en-la-reapertura-de-Rochas-en-Alcorta-Shopping-261-1024x1536.jpg 1024w, https:\/\/www.lasrosas.com.ar\/portal\/wp-content\/uploads\/\/Nico-Riera-y-Gonzalo-Tiesi-en-la-reapertura-de-Rochas-en-Alcorta-Shopping-261-scaled.jpg 1365w\" data-sizes=\"(max-width: 1280px) 100vw, 1280px\" src=\"data:image\/svg+xml;base64,PHN2ZyB3aWR0aD0iMSIgaGVpZ2h0PSIxIiB4bWxucz0iaHR0cDovL3d3dy53My5vcmcvMjAwMC9zdmciPjwvc3ZnPg==\" style=\"--smush-placeholder-width: 1280px; --smush-placeholder-aspect-ratio: 1280\/1920;\" \/><\/figure>\n\n\n\n<figure class=\"wp-block-image size-large\"><img decoding=\"async\" width=\"1280\" height=\"1920\" data-id=\"78913\" data-src=\"https:\/\/www.lasrosas.com.ar\/portal\/wp-content\/uploads\/Reapertura-Rochas-en-Alcorta-Shopping-349-1280x1920.jpg\" alt=\"\" class=\"wp-image-78913 lazyload\" data-srcset=\"https:\/\/www.lasrosas.com.ar\/portal\/wp-content\/uploads\/\/Reapertura-Rochas-en-Alcorta-Shopping-349-1280x1920.jpg 1280w, https:\/\/www.lasrosas.com.ar\/portal\/wp-content\/uploads\/\/Reapertura-Rochas-en-Alcorta-Shopping-349-640x960.jpg 640w, https:\/\/www.lasrosas.com.ar\/portal\/wp-content\/uploads\/\/Reapertura-Rochas-en-Alcorta-Shopping-349-1024x1536.jpg 1024w, https:\/\/www.lasrosas.com.ar\/portal\/wp-content\/uploads\/\/Reapertura-Rochas-en-Alcorta-Shopping-349-scaled.jpg 1365w\" data-sizes=\"(max-width: 1280px) 100vw, 1280px\" src=\"data:image\/svg+xml;base64,PHN2ZyB3aWR0aD0iMSIgaGVpZ2h0PSIxIiB4bWxucz0iaHR0cDovL3d3dy53My5vcmcvMjAwMC9zdmciPjwvc3ZnPg==\" style=\"--smush-placeholder-width: 1280px; --smush-placeholder-aspect-ratio: 1280\/1920;\" \/><\/figure>\n\n\n\n<figure class=\"wp-block-image size-large\"><img decoding=\"async\" width=\"1280\" height=\"1920\" data-id=\"78912\" data-src=\"https:\/\/www.lasrosas.com.ar\/portal\/wp-content\/uploads\/Benja-Vicuna-en-la-reapertura-de-Rochas-en-Alcorta-Shopping-1280x1920.jpg\" alt=\"\" class=\"wp-image-78912 lazyload\" data-srcset=\"https:\/\/www.lasrosas.com.ar\/portal\/wp-content\/uploads\/\/Benja-Vicuna-en-la-reapertura-de-Rochas-en-Alcorta-Shopping-1280x1920.jpg 1280w, https:\/\/www.lasrosas.com.ar\/portal\/wp-content\/uploads\/\/Benja-Vicuna-en-la-reapertura-de-Rochas-en-Alcorta-Shopping-640x960.jpg 640w, https:\/\/www.lasrosas.com.ar\/portal\/wp-content\/uploads\/\/Benja-Vicuna-en-la-reapertura-de-Rochas-en-Alcorta-Shopping-1024x1536.jpg 1024w, https:\/\/www.lasrosas.com.ar\/portal\/wp-content\/uploads\/\/Benja-Vicuna-en-la-reapertura-de-Rochas-en-Alcorta-Shopping-scaled.jpg 1365w\" data-sizes=\"(max-width: 1280px) 100vw, 1280px\" src=\"data:image\/svg+xml;base64,PHN2ZyB3aWR0aD0iMSIgaGVpZ2h0PSIxIiB4bWxucz0iaHR0cDovL3d3dy53My5vcmcvMjAwMC9zdmciPjwvc3ZnPg==\" style=\"--smush-placeholder-width: 1280px; --smush-placeholder-aspect-ratio: 1280\/1920;\" \/><\/figure>\n<\/figure>\n\n\n\n<p><br>Con una ampliaci\u00f3n significativa de su tienda, que ahora incluye vidrieras amplias y probadores de doble altura. Con revestimientos de cuero y pisos de madera natural, el nuevo dise\u00f1o incorpora vitrinas para accesorios de lujo y una pantalla LED en la entrada, ofreciendo una experiencia de compra exclusiva y sofisticada.<\/p>\n<!-- AddThis Advanced Settings generic via filter on the_content --><!-- AddThis Share Buttons generic via filter on the_content -->","protected":false},"excerpt":{"rendered":"<p>Rochas, la marca de indumentaria masculina francesa, celebr\u00f3 la reapertura de su local en Alcorta Shopping con una noche de lujo. Con la performance en vivo de la Orquesta Estable del Teatro Col\u00f3n, la musicalizaci\u00f3n de Ale Lacroix y una barra de vinos y espumantes a cargo de Catena Zapata, la tienda se convirti\u00f3 en [&hellip;]<!-- AddThis Advanced Settings generic via filter on get_the_excerpt --><!-- AddThis Share Buttons generic via filter on get_the_excerpt --><\/p>\n","protected":false},"author":6,"featured_media":78911,"comment_status":"closed","ping_status":"open","sticky":false,"template":"","format":"standard","meta":{"_acf_changed":false,"om_disable_all_campaigns":false,"_monsterinsights_skip_tracking":false,"_monsterinsights_sitenote_active":false,"_monsterinsights_sitenote_note":"","_monsterinsights_sitenote_category":0,"_uf_show_specific_survey":0,"_uf_disable_surveys":false,"footnotes":""},"categories":[100,30],"tags":[467,728,58,734,540],"class_list":["post-78910","post","type-post","status-publish","format-standard","has-post-thumbnail","hentry","category-noticias","category-moda","tag-evento","tag-indumentaria","tag-moda","tag-rochas","tag-shopping"],"acf":[],"aioseo_notices":[],"_links":{"self":[{"href":"https:\/\/www.lasrosas.com.ar\/portal\/wp-json\/wp\/v2\/posts\/78910","targetHints":{"allow":["GET"]}}],"collection":[{"href":"https:\/\/www.lasrosas.com.ar\/portal\/wp-json\/wp\/v2\/posts"}],"about":[{"href":"https:\/\/www.lasrosas.com.ar\/portal\/wp-json\/wp\/v2\/types\/post"}],"author":[{"embeddable":true,"href":"https:\/\/www.lasrosas.com.ar\/portal\/wp-json\/wp\/v2\/users\/6"}],"replies":[{"embeddable":true,"href":"https:\/\/www.lasrosas.com.ar\/portal\/wp-json\/wp\/v2\/comments?post=78910"}],"version-history":[{"count":2,"href":"https:\/\/www.lasrosas.com.ar\/portal\/wp-json\/wp\/v2\/posts\/78910\/revisions"}],"predecessor-version":[{"id":78916,"href":"https:\/\/www.lasrosas.com.ar\/portal\/wp-json\/wp\/v2\/posts\/78910\/revisions\/78916"}],"wp:featuredmedia":[{"embeddable":true,"href":"https:\/\/www.lasrosas.com.ar\/portal\/wp-json\/wp\/v2\/media\/78911"}],"wp:attachment":[{"href":"https:\/\/www.lasrosas.com.ar\/portal\/wp-json\/wp\/v2\/media?parent=78910"}],"wp:term":[{"taxonomy":"category","embeddable":true,"href":"https:\/\/www.lasrosas.com.ar\/portal\/wp-json\/wp\/v2\/categories?post=78910"},{"taxonomy":"post_tag","embeddable":true,"href":"https:\/\/www.lasrosas.com.ar\/portal\/wp-json\/wp\/v2\/tags?post=78910"}],"curies":[{"name":"wp","href":"https:\/\/api.w.org\/{rel}","templated":true}]}}