{"id":78834,"date":"2024-07-03T13:01:23","date_gmt":"2024-07-03T16:01:23","guid":{"rendered":"https:\/\/www.lasrosas.com.ar\/portal\/?p=78834"},"modified":"2024-07-03T13:02:24","modified_gmt":"2024-07-03T16:02:24","slug":"exit-se-convirtio-en-la-comedia-mas-divertida-de-calle-corrientes-2","status":"publish","type":"post","link":"https:\/\/www.lasrosas.com.ar\/portal\/exit-se-convirtio-en-la-comedia-mas-divertida-de-calle-corrientes-2\/","title":{"rendered":"\u00abEXIT\u00bb SE CONVIRTI\u00d3 EN LA COMEDIA M\u00c1S DIVERTIDA DE CALLE CORRIENTES"},"content":{"rendered":"\n<p><strong>Una comedia desopilante con direcci\u00f3n de Corina Fiorillo<\/strong>.<\/p>\n\n\n\n<p>A poco menos de un mes de su estreno&nbsp;&nbsp;<strong><em>Exit&nbsp;&nbsp;<\/em><\/strong>&nbsp;se posiciona como&nbsp;la comedia m\u00e1s divertida con el regreso tan esperado a las tablas de&nbsp;<strong>Nancy Dupl\u00e1a<\/strong>, junto al reconocido actor&nbsp;<strong>Juan Pablo Geretto<\/strong>, y la multifac\u00e9tica y desopilante,&nbsp;<strong>Fernanda Metilli al&nbsp;Multiteatro Comafi<\/strong>,&nbsp;&nbsp;La comedia cuenta con la direcci\u00f3n de la prestigiosa&nbsp;<strong>Corina Fiorillo&nbsp;<\/strong>y la producci\u00f3n general de<strong>&nbsp;Tom\u00e1s Rottemberg<\/strong>.&nbsp;<\/p>\n\n\n\n<p><strong><em>Exit&nbsp;<\/em><\/strong>teje una trama hilarante, donde el humor se convierte en el protagonista. Este tr\u00edo actoral excepcional no solo har\u00e1 re\u00edr, sino que tambi\u00e9n invitar\u00e1 a reflexionar sobre situaciones cotidianas que todos vivimos alguna vez.&nbsp;&nbsp;<\/p>\n\n\n\n<p>Una combinaci\u00f3n perfecta de talento actoral, ingenio y una puesta en escena que convierte a los objetos y al espacio en c\u00f3mplices de esta explosi\u00f3n de humor.<br><\/p>\n\n\n\n<figure class=\"wp-block-image size-full\"><img decoding=\"async\" width=\"1280\" height=\"720\" data-src=\"https:\/\/www.lasrosas.com.ar\/portal\/wp-content\/uploads\/unnamed-39-1.jpg\" alt=\"\" class=\"wp-image-78835 lazyload\" data-srcset=\"https:\/\/www.lasrosas.com.ar\/portal\/wp-content\/uploads\/\/unnamed-39-1.jpg 1280w, https:\/\/www.lasrosas.com.ar\/portal\/wp-content\/uploads\/\/unnamed-39-1-960x540.jpg 960w\" data-sizes=\"(max-width: 1280px) 100vw, 1280px\" src=\"data:image\/svg+xml;base64,PHN2ZyB3aWR0aD0iMSIgaGVpZ2h0PSIxIiB4bWxucz0iaHR0cDovL3d3dy53My5vcmcvMjAwMC9zdmciPjwvc3ZnPg==\" style=\"--smush-placeholder-width: 1280px; --smush-placeholder-aspect-ratio: 1280\/720;\" \/><\/figure>\n\n\n\n<p><strong>SINOPSIS<\/strong><\/p>\n\n\n\n<p>En su primer d\u00eda de trabajo como directora de Recursos Humanos, Lidia (Nancy Dupl\u00e1a) enfrenta un enorme desaf\u00edo, del que depende su futuro profesional. Manu (Juan Pablo Geretto) y Maite (Fernanda Metilli) son dos empleados de la compa\u00f1\u00eda que llegan dispuestos a ayudarla\u2026 o a complicarle las cosas. Bajo la direcci\u00f3n de Corina Fiorillo,\u00a0Exit\u00a0es una comedia disparatada para re\u00edr durante 80 minutos sin parar.\u00a0<br><\/p>\n\n\n\n<figure class=\"wp-block-image size-large\"><img decoding=\"async\" width=\"1920\" height=\"1591\" data-src=\"https:\/\/www.lasrosas.com.ar\/portal\/wp-content\/uploads\/COMPOEXIT-2024-635-copia-1920x1591.jpg\" alt=\"\" class=\"wp-image-78836 lazyload\" data-srcset=\"https:\/\/www.lasrosas.com.ar\/portal\/wp-content\/uploads\/\/COMPOEXIT-2024-635-copia-1920x1591.jpg 1920w, https:\/\/www.lasrosas.com.ar\/portal\/wp-content\/uploads\/\/COMPOEXIT-2024-635-copia-960x795.jpg 960w, https:\/\/www.lasrosas.com.ar\/portal\/wp-content\/uploads\/\/COMPOEXIT-2024-635-copia-1536x1273.jpg 1536w, https:\/\/www.lasrosas.com.ar\/portal\/wp-content\/uploads\/\/COMPOEXIT-2024-635-copia.jpg 2048w\" data-sizes=\"(max-width: 1920px) 100vw, 1920px\" src=\"data:image\/svg+xml;base64,PHN2ZyB3aWR0aD0iMSIgaGVpZ2h0PSIxIiB4bWxucz0iaHR0cDovL3d3dy53My5vcmcvMjAwMC9zdmciPjwvc3ZnPg==\" style=\"--smush-placeholder-width: 1920px; --smush-placeholder-aspect-ratio: 1920\/1591;\" \/><\/figure>\n\n\n\n<p><strong>Ficha T\u00e9cnica<\/strong>&nbsp;<\/p>\n\n\n\n<p>Autor: Agust\u00ed Franch<\/p>\n\n\n\n<p>Elenco: Nancy Dupl\u00e1a, Juan Pablo Geretto, Fernanda Metilli<\/p>\n\n\n\n<p>Direcci\u00f3n y adaptaci\u00f3n: Corina Fiorillo<\/p>\n\n\n\n<p>Asistente de direcci\u00f3n: Montserrat Godia<\/p>\n\n\n\n<p>Dise\u00f1o de escenograf\u00eda: Lula Rojo<\/p>\n\n\n\n<p>Dise\u00f1o de vestuario: Romina Giangreco<\/p>\n\n\n\n<p>Dise\u00f1o de iluminaci\u00f3n: Ricardo Sica<\/p>\n\n\n\n<p>Dise\u00f1o gr\u00e1fico: Nico Rejlis<\/p>\n\n\n\n<p>Fotograf\u00eda: Emanuel Combin<\/p>\n\n\n\n<p>Comunicaci\u00f3n: Pablo Scioscia<\/p>\n\n\n\n<p>Prensa: Soy Prensa<\/p>\n\n\n\n<p>Producci\u00f3n ejecutiva: Roc\u00edo G\u00f3mez Cantero<\/p>\n\n\n\n<p>Producci\u00f3n general: Tomas Rottemberg y ALT Teatro<\/p>\n\n\n\n<p>Estreno: 10 de Abril 2024<\/p>\n\n\n\n<p>G\u00e9nero: Comedia<\/p>\n\n\n\n<p><strong>FUNCIONES&nbsp;<\/strong><\/p>\n\n\n\n<p><strong>Mi\u00e9rcoles a viernes 20.30 hs<\/strong><\/p>\n\n\n\n<p><strong>S\u00e1bado 20 hs y 22 hs&nbsp;<\/strong><\/p>\n\n\n\n<p><strong>Domingos 20 hs<\/strong><\/p>\n\n\n\n<p><a href=\"https:\/\/emails.soyprensa.com.ar\/c\/k31j5\/mizgjh06\/ftyh16rcamm\" target=\"_blank\" rel=\"noreferrer noopener\"><strong>@exitlaobra<\/strong><\/a><\/p>\n<!-- AddThis Advanced Settings generic via filter on the_content --><!-- AddThis Share Buttons generic via filter on the_content -->","protected":false},"excerpt":{"rendered":"<p>Una comedia desopilante con direcci\u00f3n de Corina Fiorillo. A poco menos de un mes de su estreno&nbsp;&nbsp;Exit&nbsp;&nbsp;&nbsp;se posiciona como&nbsp;la comedia m\u00e1s divertida con el regreso tan esperado a las tablas de&nbsp;Nancy Dupl\u00e1a, junto al reconocido actor&nbsp;Juan Pablo Geretto, y la multifac\u00e9tica y desopilante,&nbsp;Fernanda Metilli al&nbsp;Multiteatro Comafi,&nbsp;&nbsp;La comedia cuenta con la direcci\u00f3n de la prestigiosa&nbsp;Corina Fiorillo&nbsp;y [&hellip;]<!-- AddThis Advanced Settings generic via filter on get_the_excerpt --><!-- AddThis Share Buttons generic via filter on get_the_excerpt --><\/p>\n","protected":false},"author":6,"featured_media":78837,"comment_status":"closed","ping_status":"open","sticky":false,"template":"","format":"standard","meta":{"_acf_changed":false,"om_disable_all_campaigns":false,"_monsterinsights_skip_tracking":false,"_monsterinsights_sitenote_active":false,"_monsterinsights_sitenote_note":"","_monsterinsights_sitenote_category":0,"_uf_show_specific_survey":0,"_uf_disable_surveys":false,"footnotes":""},"categories":[100],"tags":[564,528,454],"class_list":["post-78834","post","type-post","status-publish","format-standard","has-post-thumbnail","hentry","category-noticias","tag-comafi","tag-estreno","tag-teatro"],"acf":[],"aioseo_notices":[],"_links":{"self":[{"href":"https:\/\/www.lasrosas.com.ar\/portal\/wp-json\/wp\/v2\/posts\/78834","targetHints":{"allow":["GET"]}}],"collection":[{"href":"https:\/\/www.lasrosas.com.ar\/portal\/wp-json\/wp\/v2\/posts"}],"about":[{"href":"https:\/\/www.lasrosas.com.ar\/portal\/wp-json\/wp\/v2\/types\/post"}],"author":[{"embeddable":true,"href":"https:\/\/www.lasrosas.com.ar\/portal\/wp-json\/wp\/v2\/users\/6"}],"replies":[{"embeddable":true,"href":"https:\/\/www.lasrosas.com.ar\/portal\/wp-json\/wp\/v2\/comments?post=78834"}],"version-history":[{"count":2,"href":"https:\/\/www.lasrosas.com.ar\/portal\/wp-json\/wp\/v2\/posts\/78834\/revisions"}],"predecessor-version":[{"id":78840,"href":"https:\/\/www.lasrosas.com.ar\/portal\/wp-json\/wp\/v2\/posts\/78834\/revisions\/78840"}],"wp:featuredmedia":[{"embeddable":true,"href":"https:\/\/www.lasrosas.com.ar\/portal\/wp-json\/wp\/v2\/media\/78837"}],"wp:attachment":[{"href":"https:\/\/www.lasrosas.com.ar\/portal\/wp-json\/wp\/v2\/media?parent=78834"}],"wp:term":[{"taxonomy":"category","embeddable":true,"href":"https:\/\/www.lasrosas.com.ar\/portal\/wp-json\/wp\/v2\/categories?post=78834"},{"taxonomy":"post_tag","embeddable":true,"href":"https:\/\/www.lasrosas.com.ar\/portal\/wp-json\/wp\/v2\/tags?post=78834"}],"curies":[{"name":"wp","href":"https:\/\/api.w.org\/{rel}","templated":true}]}}